{"id":372473,"date":"2025-11-27T00:45:58","date_gmt":"2025-11-27T03:45:58","guid":{"rendered":"https:\/\/www.notibras.com\/site\/?p=372473"},"modified":"2025-11-26T22:53:32","modified_gmt":"2025-11-27T01:53:32","slug":"ponte-do-incra-09-leva-seguranca-e-mobilidade-para-zona-rural","status":"publish","type":"post","link":"https:\/\/www.notibras.com\/site\/ponte-do-incra-09-leva-seguranca-e-mobilidade-para-zona-rural\/","title":{"rendered":"Ponte do Incra 09 leva seguran\u00e7a e mobilidade para zona rural"},"content":{"rendered":"<p>A comunidade rural de Ceil\u00e2ndia celebrou, nesta quarta-feira (26), a entrega oficial da nova ponte sobre o riacho do Incra 09, no N\u00facleo Rural Alexandre Gusm\u00e3o. A obra \u2014 realizada pela Administra\u00e7\u00e3o Regional de Ceil\u00e2ndia, em parceria com o Governo do Distrito Federal (GDF), o Departamento de Estradas de Rodagem (DER-DF), a Novacap e a Secretaria de Agricultura (Seagri-DF) \u2014 marca o fim de uma antiga espera e representa um avan\u00e7o fundamental para quem vive e produz na regi\u00e3o.<\/p>\n<p>A nova estrutura substitui a antiga ponte de madeira, antes vulner\u00e1vel e constru\u00edda h\u00e1 mais de 30 anos. Agora, os moradores passam a contar com uma ponte moderna, segura, com sistema de drenagem amplo e refor\u00e7ado, guarda-corpos laterais, base ampliada e estrutura preparada para suportar o intenso fluxo de ve\u00edculos, transporte escolar e, principalmente, o tr\u00e2nsito di\u00e1rio das fam\u00edlias rurais.<\/p>\n<p>O administrador regional de Ceil\u00e2ndia, Dilson Resende, destacou a relev\u00e2ncia da entrega e o impacto para a comunidade. \u201cHoje \u00e9 um dia hist\u00f3rico para a \u00e1rea rural de Ceil\u00e2ndia. Essa ponte era um sonho antigo dos moradores, e agora entregamos uma estrutura totalmente nova, segura e duradoura. \u00c9 uma obra feita com responsabilidade ambiental, muito di\u00e1logo com a comunidade e compromisso com quem vive e trabalha no campo. Essa entrega refor\u00e7a o nosso prop\u00f3sito de cuidar de toda Ceil\u00e2ndia \u2014 urbana e rural \u2014 com obras que realmente transformam a vida das pessoas\u201d, afirmou Dilson Resende.<\/p>\n<p>O engenheiro do DER-DF, Eli C\u00e2mara, que acompanhou a execu\u00e7\u00e3o dos servi\u00e7os, ressaltou a qualidade da estrutura. \u201cA ponte foi constru\u00edda para garantir seguran\u00e7a mesmo em per\u00edodos de chuva forte. A drenagem, as manilhas instaladas e os guarda-corpos laterais asseguram mais tranquilidade para toda a popula\u00e7\u00e3o que utiliza a via diariamente\u201d, explicou.<\/p>\n<p><strong>Impacto<\/strong><\/p>\n<p>Cerca de 70 fam\u00edlias que vivem na regi\u00e3o ser\u00e3o impactadas diretamente pela nova obra. Os moradores comemoraram a conclus\u00e3o da obra, destacando a import\u00e2ncia da ponte para o deslocamento e para o escoamento da produ\u00e7\u00e3o agr\u00edcola da regi\u00e3o. \u201cEssa ponte \u00e9 o nosso caminho para tudo. Agora est\u00e1 pronta, firme e segura. \u00c9 uma alegria para todos n\u00f3s que dependemos dela todos os dias\u201d, disse Omar Franco, morador da Gleba 4.<\/p>\n<p>Para a moradora Isabela Cristina Santana, que acompanhou e lutou pela melhoria, a entrega representa um marco importante: \u201cEssa \u00e9 uma conquista muito esperada por anos. A comunidade sonhava com essa ponte e hoje vemos esse sonho realizado\u201d, disse agradecida.<\/p>\n<p>A constru\u00e7\u00e3o da nova ponte levou cerca de 35 dias para ser conclu\u00edda e seguiu todas as diretrizes de responsabilidade ambiental, garantindo uma execu\u00e7\u00e3o ecologicamente correta e alinhada \u00e0s boas pr\u00e1ticas de preserva\u00e7\u00e3o. Outro destaque \u00e9 que a obra n\u00e3o gerou custos aos cofres p\u00fablicos, resultado de uma parceria entre diversos \u00f3rg\u00e3os do Governo do Distrito Federal, que uniram esfor\u00e7os, m\u00e3o de obra e materiais para viabilizar a entrega da estrutura \u00e0 comunidade.<\/p>\n<p>Com a entrega da nova ponte, o tr\u00e1fego volta completamente ao fluxo original, garantindo mais agilidade, seguran\u00e7a e conforto para motoristas, pedestres, estudantes e produtores rurais.<\/p>\n","protected":false},"excerpt":{"rendered":"<p>A comunidade rural de Ceil\u00e2ndia celebrou, nesta quarta-feira (26), a entrega oficial da nova ponte sobre o riacho do Incra 09, no N\u00facleo Rural Alexandre Gusm\u00e3o. A obra \u2014 realizada pela Administra\u00e7\u00e3o Regional de Ceil\u00e2ndia, em parceria com o Governo do Distrito Federal (GDF), o Departamento de Estradas de Rodagem (DER-DF), a Novacap e a [&hellip;]<\/p>\n","protected":false},"author":21,"featured_media":372474,"comment_status":"closed","ping_status":"closed","sticky":false,"template":"","format":"standard","meta":{"_acf_changed":false,"footnotes":""},"categories":[161],"tags":[],"class_list":["post-372473","post","type-post","status-publish","format-standard","has-post-thumbnail","hentry","category-quadradinho-em-foco"],"acf":[],"_links":{"self":[{"href":"https:\/\/www.notibras.com\/site\/wp-json\/wp\/v2\/posts\/372473","targetHints":{"allow":["GET"]}}],"collection":[{"href":"https:\/\/www.notibras.com\/site\/wp-json\/wp\/v2\/posts"}],"about":[{"href":"https:\/\/www.notibras.com\/site\/wp-json\/wp\/v2\/types\/post"}],"author":[{"embeddable":true,"href":"https:\/\/www.notibras.com\/site\/wp-json\/wp\/v2\/users\/21"}],"replies":[{"embeddable":true,"href":"https:\/\/www.notibras.com\/site\/wp-json\/wp\/v2\/comments?post=372473"}],"version-history":[{"count":2,"href":"https:\/\/www.notibras.com\/site\/wp-json\/wp\/v2\/posts\/372473\/revisions"}],"predecessor-version":[{"id":372476,"href":"https:\/\/www.notibras.com\/site\/wp-json\/wp\/v2\/posts\/372473\/revisions\/372476"}],"wp:featuredmedia":[{"embeddable":true,"href":"https:\/\/www.notibras.com\/site\/wp-json\/wp\/v2\/media\/372474"}],"wp:attachment":[{"href":"https:\/\/www.notibras.com\/site\/wp-json\/wp\/v2\/media?parent=372473"}],"wp:term":[{"taxonomy":"category","embeddable":true,"href":"https:\/\/www.notibras.com\/site\/wp-json\/wp\/v2\/categories?post=372473"},{"taxonomy":"post_tag","embeddable":true,"href":"https:\/\/www.notibras.com\/site\/wp-json\/wp\/v2\/tags?post=372473"}],"curies":[{"name":"wp","href":"https:\/\/api.w.org\/{rel}","templated":true}]}}