{"id":372477,"date":"2025-11-27T01:00:03","date_gmt":"2025-11-27T04:00:03","guid":{"rendered":"https:\/\/www.notibras.com\/site\/?p=372477"},"modified":"2025-11-26T23:02:08","modified_gmt":"2025-11-27T02:02:08","slug":"nova-sala-de-amamentacao-leva-conforto-para-maes-e-bebes","status":"publish","type":"post","link":"https:\/\/www.notibras.com\/site\/nova-sala-de-amamentacao-leva-conforto-para-maes-e-bebes\/","title":{"rendered":"Nova sala de amamenta\u00e7\u00e3o leva conforto para m\u00e3es e beb\u00eas"},"content":{"rendered":"<p>A nova sala de amamenta\u00e7\u00e3o da Rodovi\u00e1ria do Plano Piloto foi inaugurada nesta quarta-feira (26), ap\u00f3s solicita\u00e7\u00e3o do Governo do Distrito Federal (GDF), por meio da Secretaria de Justi\u00e7a e Cidadania (Sejus-DF). A medida visa oferecer seguran\u00e7a, conforto e privacidade \u00e0s m\u00e3es que precisam alimentar seus filhos antes ou depois do embarque no transporte p\u00fablico. O c\u00f4modo foi instalado no banheiro feminino do piso inferior, equipado com pia, chuveirinho, trocador, micro-ondas e assentos.<\/p>\n<p>A secret\u00e1ria de Justi\u00e7a e Cidadania, Marcela Passamani, ressaltou a import\u00e2ncia do ambiente humanizado para as centenas de mulheres e crian\u00e7as que utilizam a rodovi\u00e1ria diariamente. \u201cEsse espa\u00e7o de amamenta\u00e7\u00e3o era muito aguardado pelas m\u00e3es do Distrito Federal. Hoje, temos mais de 700 mil pessoas transitando pela Rodovi\u00e1ria por dia, ent\u00e3o imagina quantas m\u00e3es precisam desse acolhimento\u201d, enfatizou.<\/p>\n<p>A cria\u00e7\u00e3o da sala foi protocolada pela Sejus-DF no dia 2 de outubro. \u201cEu sou m\u00e3e e sei que muitas vezes a gente se equilibra em muitas fun\u00e7\u00f5es e tamb\u00e9m passa alguns sufocos com os nossos filhos na rua por conta da falta de espa\u00e7os como esse. Eles atenderam prontamente o nosso pedido e hoje estamos aqui inaugurando esse espa\u00e7o j\u00e1 com usu\u00e1rios muito felizes e muito satisfeitos com o olhar atento do governo\u201d, comentou Passamani.<\/p>\n<p>O diretor da Concession\u00e1ria Catedral, Enrico Capecci, afirma que a solicita\u00e7\u00e3o foi prontamente atendida, com foco em oferecer uma experi\u00eancia positiva aos usu\u00e1rios. \u201cAs mam\u00e3es poder\u00e3o contar com um espa\u00e7o projetado para esse tipo de necessidade e poder\u00e3o planejar as suas viagens, fazendo um ponto de parada aqui na rodovi\u00e1ria. Tem forno micro-ondas, uma poltrona superconfort\u00e1vel, frald\u00e1rio e equipamentos de higieniza\u00e7\u00e3o para fazer os procedimentos com os nen\u00e9ns, al\u00e9m de ser climatizado\u201d, explica. Segundo ele, a utiliza\u00e7\u00e3o ser\u00e1 liberada mediante solicita\u00e7\u00e3o na administra\u00e7\u00e3o do terminal.<\/p>\n<p>M\u00e3e de tr\u00eas meninas, a balconista Estephane Santos, 35 anos, elogiou a iniciativa para quem tem filhos pequenos. \u201c\u00c9 muito bom para o nosso conforto e at\u00e9 para a crian\u00e7a ficar mais \u00e0 vontade. J\u00e1 tive dificuldade em encontrar frald\u00e1rios em outras rodovi\u00e1rias e tive que limpar eles na pia do banheiro mesmo. Agora as m\u00e3es v\u00e3o ter conforto, privacidade, um espa\u00e7o limpo\u201d, comentou.<\/p>\n<p>A vendedora Suellen Cardenne, 18, tamb\u00e9m reconhece os benef\u00edcios para o p\u00fablico feminino. \u201cAjuda muito a gente, aumenta a privacidade do nen\u00e9m e da m\u00e3e. Sem a sala, tem que amamentar no meio da rua e improvisar lugares para trocar a fralda, principalmente em cima de pias\u201d, refor\u00e7ou.<\/p>\n<p>Neste m\u00eas, a rodovi\u00e1ria tamb\u00e9m ganhou quatro pontos solid\u00e1rios do projeto Absorva o Bem, idealizado pela Secretaria de Atendimento \u00e0 Comunidade (Seac-DF). Os dispositivos foram abastecidos com absorventes higi\u00eanicos, com o objetivo de promover a dignidade menstrual e fortalecer a solidariedade comunit\u00e1ria, garantindo que os itens estejam dispon\u00edveis para todas as pessoas que menstruam. Interessados em contribuir podem doar absorventes nos pontos solid\u00e1rios instalados em \u00f3rg\u00e3os p\u00fablicos e administra\u00e7\u00f5es regionais do DF, ou encaminhar para a pasta, no Anexo do Pal\u00e1cio do Buriti, t\u00e9rreo, Sala 104.<\/p>\n<p><strong>Reconhecimento<\/strong><\/p>\n<p>A abertura do espa\u00e7o para amamenta\u00e7\u00e3o rendeu \u00e0 Rodovi\u00e1ria do Plano Piloto a certifica\u00e7\u00e3o ISO 9001, selo internacional de qualidade em gest\u00e3o que atesta todos os processos do terminal. Diversos setores s\u00e3o avaliados, desde a manuten\u00e7\u00e3o da \u00e1rea at\u00e9 o atendimento ao p\u00fablico e o controle operacional, conforme rigorosos padr\u00f5es internacionais de efici\u00eancia e melhoria cont\u00ednua.<\/p>\n<p>O certificado abrange a gest\u00e3o do Complexo da Rodovi\u00e1ria do Plano Piloto do Distrito Federal e \u00e1reas adjacentes, incluindo os servi\u00e7os operacionais de limpeza e manuten\u00e7\u00e3o, apoio ao embarque e desembarque de passageiros, controle de tr\u00e1fego e acostagem de \u00f4nibus, atendimento ao p\u00fablico e apoio ao usu\u00e1rio. A certifica\u00e7\u00e3o \u00e9 acreditada pelo Inmetro, o que refor\u00e7a a confiabilidade e o reconhecimento oficial do processo de auditoria.<\/p>\n","protected":false},"excerpt":{"rendered":"<p>A nova sala de amamenta\u00e7\u00e3o da Rodovi\u00e1ria do Plano Piloto foi inaugurada nesta quarta-feira (26), ap\u00f3s solicita\u00e7\u00e3o do Governo do Distrito Federal (GDF), por meio da Secretaria de Justi\u00e7a e Cidadania (Sejus-DF). A medida visa oferecer seguran\u00e7a, conforto e privacidade \u00e0s m\u00e3es que precisam alimentar seus filhos antes ou depois do embarque no transporte p\u00fablico. [&hellip;]<\/p>\n","protected":false},"author":21,"featured_media":372478,"comment_status":"closed","ping_status":"closed","sticky":false,"template":"","format":"standard","meta":{"_acf_changed":false,"footnotes":""},"categories":[161],"tags":[],"class_list":["post-372477","post","type-post","status-publish","format-standard","has-post-thumbnail","hentry","category-quadradinho-em-foco"],"acf":[],"_links":{"self":[{"href":"https:\/\/www.notibras.com\/site\/wp-json\/wp\/v2\/posts\/372477","targetHints":{"allow":["GET"]}}],"collection":[{"href":"https:\/\/www.notibras.com\/site\/wp-json\/wp\/v2\/posts"}],"about":[{"href":"https:\/\/www.notibras.com\/site\/wp-json\/wp\/v2\/types\/post"}],"author":[{"embeddable":true,"href":"https:\/\/www.notibras.com\/site\/wp-json\/wp\/v2\/users\/21"}],"replies":[{"embeddable":true,"href":"https:\/\/www.notibras.com\/site\/wp-json\/wp\/v2\/comments?post=372477"}],"version-history":[{"count":4,"href":"https:\/\/www.notibras.com\/site\/wp-json\/wp\/v2\/posts\/372477\/revisions"}],"predecessor-version":[{"id":372482,"href":"https:\/\/www.notibras.com\/site\/wp-json\/wp\/v2\/posts\/372477\/revisions\/372482"}],"wp:featuredmedia":[{"embeddable":true,"href":"https:\/\/www.notibras.com\/site\/wp-json\/wp\/v2\/media\/372478"}],"wp:attachment":[{"href":"https:\/\/www.notibras.com\/site\/wp-json\/wp\/v2\/media?parent=372477"}],"wp:term":[{"taxonomy":"category","embeddable":true,"href":"https:\/\/www.notibras.com\/site\/wp-json\/wp\/v2\/categories?post=372477"},{"taxonomy":"post_tag","embeddable":true,"href":"https:\/\/www.notibras.com\/site\/wp-json\/wp\/v2\/tags?post=372477"}],"curies":[{"name":"wp","href":"https:\/\/api.w.org\/{rel}","templated":true}]}}