{"id":372525,"date":"2025-11-27T04:43:36","date_gmt":"2025-11-27T07:43:36","guid":{"rendered":"https:\/\/www.notibras.com\/site\/?p=372525"},"modified":"2025-11-27T04:43:36","modified_gmt":"2025-11-27T07:43:36","slug":"ressurreicao-e-a-busca-por-memorias-esquecidas","status":"publish","type":"post","link":"https:\/\/www.notibras.com\/site\/ressurreicao-e-a-busca-por-memorias-esquecidas\/","title":{"rendered":"Ressurrei\u00e7\u00e3o e a busca por mem\u00f3rias esquecidas"},"content":{"rendered":"<p>A ideia de que a vida n\u00e3o come\u00e7a no ber\u00e7o nem termina no t\u00famulo sempre encontrou eco na imagina\u00e7\u00e3o humana. Entre tradi\u00e7\u00f5es religiosas, filosofias espirituais e curiosidades modernas, a cren\u00e7a em vidas anteriores atravessa s\u00e9culos.<\/p>\n<p>No Ocidente crist\u00e3o, tal no\u00e7\u00e3o costuma ser tratada com reservas, j\u00e1 que a doutrina dominante \u00e9 a da ressurrei\u00e7\u00e3o \u2014 um retorno final e \u00fanico da alma, conduzido pela vontade divina.<\/p>\n<p>Ainda assim, cresce o interesse pelas chamadas regress\u00f5es a vidas passadas, pr\u00e1ticas terap\u00eauticas ou espirituais que afirmam revelar mem\u00f3rias ancestrais guardadas no mais fundo da consci\u00eancia.<\/p>\n<p>Regress\u00e3o \u00e9 um processo guiado por um terapeuta, m\u00e9dium ou hipn\u00f3logo, no qual a pessoa \u00e9 induzida a um estado alterado de consci\u00eancia \u2014 n\u00e3o exatamente sono, nem plena vig\u00edlia \u2014 para acessar lembran\u00e7as submersas. Seus defensores argumentam que traumas da alma, vividos em outras encarna\u00e7\u00f5es, influenciam comportamentos, medos e padr\u00f5es emocionais atuais.<\/p>\n<p>A experi\u00eancia costuma ser descrita como uma viagem sensorial: pessoas dizem enxergar cen\u00e1rios antigos, ouvir vozes, reconhecer objetos, sentir cheiros \u2014 uma mem\u00f3ria que parece mais vivida do que imaginada.<\/p>\n<p>Para quem professa a tese da ressurrei\u00e7\u00e3o, a ideia de m\u00faltiplas vidas pode soar contradit\u00f3ria. Mas muitos buscam uma concilia\u00e7\u00e3o simb\u00f3lica. H\u00e1 te\u00f3logos e estudiosos que tratam a regress\u00e3o n\u00e3o como prova de reencarna\u00e7\u00f5es sucessivas, mas como um mergulho nas camadas profundas do inconsciente \u2014 um lugar onde arqu\u00e9tipos, heran\u00e7as culturais, dramas familiares e met\u00e1foras espirituais se misturam.<\/p>\n<p>Nessa leitura, a regress\u00e3o n\u00e3o compete com a ressurrei\u00e7\u00e3o; ela apenas oferece um caminho terap\u00eautico para lidar com dores interiores.<\/p>\n<p>O que buscam aqueles que se submetem \u00e0 regress\u00e3o? A motiva\u00e7\u00e3o \u00e9 variada, como indicado a seguir:<\/p>\n<p><strong>Entender medos inexplic\u00e1veis<\/strong><br \/>\n\u2014 fobias sem origem aparente, ansiedade, bloqueios afetivos.<\/p>\n<p><strong>Compreender padr\u00f5es repetitivos<\/strong><br \/>\n\u2014 relacionamentos semelhantes, erros recorrentes, impulsos dif\u00edceis de controlar.<\/p>\n<p><strong>Al\u00edvio emocional<\/strong><br \/>\n\u2014 sensa\u00e7\u00e3o de \u201cfechar ciclos\u201d, mesmo que simb\u00f3licos.<\/p>\n<p><strong>Busca espiritual<\/strong><br \/>\n\u2014 desejo de compreender a pr\u00f3pria alma para al\u00e9m do que a vida atual apresenta.<\/p>\n<p>A regress\u00e3o, bem conduzida, costuma oferecer uma narrativa interna que d\u00e1 sentido \u00e0s emo\u00e7\u00f5es \u2014 algo que, para muitos, j\u00e1 basta.<\/p>\n<p>A comunidade cient\u00edfica n\u00e3o reconhece as regress\u00f5es como comprova\u00e7\u00e3o de vidas passadas. O argumento \u00e9 simples: nossa mem\u00f3ria \u00e9 male\u00e1vel, sugestion\u00e1vel, e estados hipn\u00f3ticos podem gerar constru\u00e7\u00f5es subjetivas que parecem reais, mas s\u00e3o fruto de imagina\u00e7\u00e3o profunda.<\/p>\n<p>Ainda assim, at\u00e9 psic\u00f3logos que n\u00e3o acreditam em reencarna\u00e7\u00e3o admitem que o processo pode ter efeito terap\u00eautico, desde que n\u00e3o seja vendido como verdade absoluta.<\/p>\n<p>Vivemos tempos de instabilidade emocional, ansiedade, crises de identidade. As pessoas querem respostas \u2014 e qualquer janela para dentro de si mesmas parece sedutora. A regress\u00e3o oferece algo raro: uma hist\u00f3ria. Uma narrativa \u00edntima, com come\u00e7o, meio e fim, que ajuda a organizar sentimentos dispersos.<\/p>\n<p>No fim das contas, pouco importa se a vis\u00e3o veio de uma vida medieval real ou de uma met\u00e1fora constru\u00edda pelo inconsciente. O que importa \u00e9 o impacto: o al\u00edvio, a compreens\u00e3o, a catarse.<\/p>\n<p>Se a ressurrei\u00e7\u00e3o afirma que a vida renasce pela a\u00e7\u00e3o divina, a regress\u00e3o prop\u00f5e que a alma carrega cap\u00edtulos anteriores \u2014 reais ou simb\u00f3licos \u2014 que ainda ecoam no presente.<\/p>\n<p>Entre ambas, permanece o mesmo fasc\u00ednio humano: entender quem somos e o que fazemos aqui.<\/p>\n<p>E talvez a resposta n\u00e3o esteja apenas no c\u00e9u ou no passado remoto, mas no sil\u00eancio interior que cada pr\u00e1tica \u2014 religiosa ou terap\u00eautica \u2014 tenta alcan\u00e7ar.<\/p>\n","protected":false},"excerpt":{"rendered":"<p>A ideia de que a vida n\u00e3o come\u00e7a no ber\u00e7o nem termina no t\u00famulo sempre encontrou eco na imagina\u00e7\u00e3o humana. Entre tradi\u00e7\u00f5es religiosas, filosofias espirituais e curiosidades modernas, a cren\u00e7a em vidas anteriores atravessa s\u00e9culos. No Ocidente crist\u00e3o, tal no\u00e7\u00e3o costuma ser tratada com reservas, j\u00e1 que a doutrina dominante \u00e9 a da ressurrei\u00e7\u00e3o \u2014 [&hellip;]<\/p>\n","protected":false},"author":2,"featured_media":372526,"comment_status":"closed","ping_status":"closed","sticky":false,"template":"","format":"standard","meta":{"_acf_changed":false,"footnotes":""},"categories":[237],"tags":[],"class_list":["post-372525","post","type-post","status-publish","format-standard","has-post-thumbnail","hentry","category-oraculos"],"acf":[],"yoast_head":"<!-- This site is optimized with the Yoast SEO plugin v27.2 - https:\/\/yoast.com\/product\/yoast-seo-wordpress\/ -->\n<title>Ressurrei\u00e7\u00e3o e a busca por mem\u00f3rias esquecidas - Notibras<\/title>\n<meta name=\"robots\" content=\"index, follow, max-snippet:-1, max-image-preview:large, max-video-preview:-1\" \/>\n<link rel=\"canonical\" href=\"https:\/\/www.notibras.com\/site\/ressurreicao-e-a-busca-por-memorias-esquecidas\/\" \/>\n<meta property=\"og:locale\" content=\"pt_BR\" \/>\n<meta property=\"og:type\" content=\"article\" \/>\n<meta property=\"og:title\" content=\"Ressurrei\u00e7\u00e3o e a busca por mem\u00f3rias esquecidas - Notibras\" \/>\n<meta property=\"og:description\" content=\"A ideia de que a vida n\u00e3o come\u00e7a no ber\u00e7o nem termina no t\u00famulo sempre encontrou eco na imagina\u00e7\u00e3o humana. Entre tradi\u00e7\u00f5es religiosas, filosofias espirituais e curiosidades modernas, a cren\u00e7a em vidas anteriores atravessa s\u00e9culos. No Ocidente crist\u00e3o, tal no\u00e7\u00e3o costuma ser tratada com reservas, j\u00e1 que a doutrina dominante \u00e9 a da ressurrei\u00e7\u00e3o \u2014 [&hellip;]\" \/>\n<meta property=\"og:url\" content=\"https:\/\/www.notibras.com\/site\/ressurreicao-e-a-busca-por-memorias-esquecidas\/\" \/>\n<meta property=\"og:site_name\" content=\"Notibras\" \/>\n<meta property=\"article:publisher\" content=\"https:\/\/www.facebook.com\/notibras\/\" \/>\n<meta property=\"article:published_time\" content=\"2025-11-27T07:43:36+00:00\" \/>\n<meta property=\"og:image\" content=\"https:\/\/www.notibras.com\/site\/wp-content\/uploads\/2025\/11\/10f21db5-a2b8-4743-bf68-88b940ae5ada-683x1024.png\" \/>\n\t<meta property=\"og:image:width\" content=\"683\" \/>\n\t<meta property=\"og:image:height\" content=\"1024\" \/>\n\t<meta property=\"og:image:type\" content=\"image\/png\" \/>\n<meta name=\"author\" content=\"Reda\u00e7\u00e3o\" \/>\n<meta name=\"twitter:card\" content=\"summary_large_image\" \/>\n<meta name=\"twitter:creator\" content=\"@Notibras\" \/>\n<meta name=\"twitter:site\" content=\"@Notibras\" \/>\n<meta name=\"twitter:label1\" content=\"Escrito por\" \/>\n\t<meta name=\"twitter:data1\" content=\"Reda\u00e7\u00e3o\" \/>\n\t<meta name=\"twitter:label2\" content=\"Est. tempo de leitura\" \/>\n\t<meta name=\"twitter:data2\" content=\"4 minutos\" \/>\n<script type=\"application\/ld+json\" class=\"yoast-schema-graph\">{\"@context\":\"https:\/\/schema.org\",\"@graph\":[{\"@type\":\"Article\",\"@id\":\"https:\/\/www.notibras.com\/site\/ressurreicao-e-a-busca-por-memorias-esquecidas\/#article\",\"isPartOf\":{\"@id\":\"https:\/\/www.notibras.com\/site\/ressurreicao-e-a-busca-por-memorias-esquecidas\/\"},\"author\":{\"name\":\"Reda\u00e7\u00e3o\",\"@id\":\"https:\/\/www.notibras.com\/site\/#\/schema\/person\/36ab0979449956132d3e5b517ea76ac8\"},\"headline\":\"Ressurrei\u00e7\u00e3o e a busca por mem\u00f3rias esquecidas\",\"datePublished\":\"2025-11-27T07:43:36+00:00\",\"mainEntityOfPage\":{\"@id\":\"https:\/\/www.notibras.com\/site\/ressurreicao-e-a-busca-por-memorias-esquecidas\/\"},\"wordCount\":633,\"publisher\":{\"@id\":\"https:\/\/www.notibras.com\/site\/#organization\"},\"image\":{\"@id\":\"https:\/\/www.notibras.com\/site\/ressurreicao-e-a-busca-por-memorias-esquecidas\/#primaryimage\"},\"thumbnailUrl\":\"https:\/\/www.notibras.com\/site\/wp-content\/uploads\/2025\/11\/10f21db5-a2b8-4743-bf68-88b940ae5ada.png\",\"articleSection\":[\"Or\u00e1culos\"],\"inLanguage\":\"pt-BR\"},{\"@type\":\"WebPage\",\"@id\":\"https:\/\/www.notibras.com\/site\/ressurreicao-e-a-busca-por-memorias-esquecidas\/\",\"url\":\"https:\/\/www.notibras.com\/site\/ressurreicao-e-a-busca-por-memorias-esquecidas\/\",\"name\":\"Ressurrei\u00e7\u00e3o e a busca por mem\u00f3rias esquecidas - Notibras\",\"isPartOf\":{\"@id\":\"https:\/\/www.notibras.com\/site\/#website\"},\"primaryImageOfPage\":{\"@id\":\"https:\/\/www.notibras.com\/site\/ressurreicao-e-a-busca-por-memorias-esquecidas\/#primaryimage\"},\"image\":{\"@id\":\"https:\/\/www.notibras.com\/site\/ressurreicao-e-a-busca-por-memorias-esquecidas\/#primaryimage\"},\"thumbnailUrl\":\"https:\/\/www.notibras.com\/site\/wp-content\/uploads\/2025\/11\/10f21db5-a2b8-4743-bf68-88b940ae5ada.png\",\"datePublished\":\"2025-11-27T07:43:36+00:00\",\"breadcrumb\":{\"@id\":\"https:\/\/www.notibras.com\/site\/ressurreicao-e-a-busca-por-memorias-esquecidas\/#breadcrumb\"},\"inLanguage\":\"pt-BR\",\"potentialAction\":[{\"@type\":\"ReadAction\",\"target\":[\"https:\/\/www.notibras.com\/site\/ressurreicao-e-a-busca-por-memorias-esquecidas\/\"]}]},{\"@type\":\"ImageObject\",\"inLanguage\":\"pt-BR\",\"@id\":\"https:\/\/www.notibras.com\/site\/ressurreicao-e-a-busca-por-memorias-esquecidas\/#primaryimage\",\"url\":\"https:\/\/www.notibras.com\/site\/wp-content\/uploads\/2025\/11\/10f21db5-a2b8-4743-bf68-88b940ae5ada.png\",\"contentUrl\":\"https:\/\/www.notibras.com\/site\/wp-content\/uploads\/2025\/11\/10f21db5-a2b8-4743-bf68-88b940ae5ada.png\",\"width\":1024,\"height\":1536},{\"@type\":\"BreadcrumbList\",\"@id\":\"https:\/\/www.notibras.com\/site\/ressurreicao-e-a-busca-por-memorias-esquecidas\/#breadcrumb\",\"itemListElement\":[{\"@type\":\"ListItem\",\"position\":1,\"name\":\"In\u00edcio\",\"item\":\"https:\/\/www.notibras.com\/site\/\"},{\"@type\":\"ListItem\",\"position\":2,\"name\":\"Ressurrei\u00e7\u00e3o e a busca por mem\u00f3rias esquecidas\"}]},{\"@type\":\"WebSite\",\"@id\":\"https:\/\/www.notibras.com\/site\/#website\",\"url\":\"https:\/\/www.notibras.com\/site\/\",\"name\":\"Notibras\",\"description\":\"Not\u00edcias de Bras\u00edlia, do Brasil e do Mundo\",\"publisher\":{\"@id\":\"https:\/\/www.notibras.com\/site\/#organization\"},\"potentialAction\":[{\"@type\":\"SearchAction\",\"target\":{\"@type\":\"EntryPoint\",\"urlTemplate\":\"https:\/\/www.notibras.com\/site\/?s={search_term_string}\"},\"query-input\":{\"@type\":\"PropertyValueSpecification\",\"valueRequired\":true,\"valueName\":\"search_term_string\"}}],\"inLanguage\":\"pt-BR\"},{\"@type\":\"Organization\",\"@id\":\"https:\/\/www.notibras.com\/site\/#organization\",\"name\":\"Grupo Notibras de Comunica\u00e7\u00e3o\",\"url\":\"https:\/\/www.notibras.com\/site\/\",\"logo\":{\"@type\":\"ImageObject\",\"inLanguage\":\"pt-BR\",\"@id\":\"https:\/\/www.notibras.com\/site\/#\/schema\/logo\/image\/\",\"url\":\"https:\/\/www.notibras.com\/site\/wp-content\/uploads\/2023\/01\/notibras23.png\",\"contentUrl\":\"https:\/\/www.notibras.com\/site\/wp-content\/uploads\/2023\/01\/notibras23.png\",\"width\":350,\"height\":87,\"caption\":\"Grupo Notibras de Comunica\u00e7\u00e3o\"},\"image\":{\"@id\":\"https:\/\/www.notibras.com\/site\/#\/schema\/logo\/image\/\"},\"sameAs\":[\"https:\/\/www.facebook.com\/notibras\/\",\"https:\/\/x.com\/Notibras\",\"https:\/\/www.instagram.com\/notibras\/\"]},{\"@type\":\"Person\",\"@id\":\"https:\/\/www.notibras.com\/site\/#\/schema\/person\/36ab0979449956132d3e5b517ea76ac8\",\"name\":\"Reda\u00e7\u00e3o\",\"image\":{\"@type\":\"ImageObject\",\"inLanguage\":\"pt-BR\",\"@id\":\"https:\/\/secure.gravatar.com\/avatar\/e0a867bdedb85fd243eadf09663511f96fc81e0720a4a42581f334ad4303aa6b?s=96&d=mm&r=g\",\"url\":\"https:\/\/secure.gravatar.com\/avatar\/e0a867bdedb85fd243eadf09663511f96fc81e0720a4a42581f334ad4303aa6b?s=96&d=mm&r=g\",\"contentUrl\":\"https:\/\/secure.gravatar.com\/avatar\/e0a867bdedb85fd243eadf09663511f96fc81e0720a4a42581f334ad4303aa6b?s=96&d=mm&r=g\",\"caption\":\"Reda\u00e7\u00e3o\"}}]}<\/script>\n<!-- \/ Yoast SEO plugin. -->","yoast_head_json":{"title":"Ressurrei\u00e7\u00e3o e a busca por mem\u00f3rias esquecidas - Notibras","robots":{"index":"index","follow":"follow","max-snippet":"max-snippet:-1","max-image-preview":"max-image-preview:large","max-video-preview":"max-video-preview:-1"},"canonical":"https:\/\/www.notibras.com\/site\/ressurreicao-e-a-busca-por-memorias-esquecidas\/","og_locale":"pt_BR","og_type":"article","og_title":"Ressurrei\u00e7\u00e3o e a busca por mem\u00f3rias esquecidas - Notibras","og_description":"A ideia de que a vida n\u00e3o come\u00e7a no ber\u00e7o nem termina no t\u00famulo sempre encontrou eco na imagina\u00e7\u00e3o humana. Entre tradi\u00e7\u00f5es religiosas, filosofias espirituais e curiosidades modernas, a cren\u00e7a em vidas anteriores atravessa s\u00e9culos. No Ocidente crist\u00e3o, tal no\u00e7\u00e3o costuma ser tratada com reservas, j\u00e1 que a doutrina dominante \u00e9 a da ressurrei\u00e7\u00e3o \u2014 [&hellip;]","og_url":"https:\/\/www.notibras.com\/site\/ressurreicao-e-a-busca-por-memorias-esquecidas\/","og_site_name":"Notibras","article_publisher":"https:\/\/www.facebook.com\/notibras\/","article_published_time":"2025-11-27T07:43:36+00:00","og_image":[{"width":683,"height":1024,"url":"https:\/\/www.notibras.com\/site\/wp-content\/uploads\/2025\/11\/10f21db5-a2b8-4743-bf68-88b940ae5ada-683x1024.png","type":"image\/png"}],"author":"Reda\u00e7\u00e3o","twitter_card":"summary_large_image","twitter_creator":"@Notibras","twitter_site":"@Notibras","twitter_misc":{"Escrito por":"Reda\u00e7\u00e3o","Est. tempo de leitura":"4 minutos"},"schema":{"@context":"https:\/\/schema.org","@graph":[{"@type":"Article","@id":"https:\/\/www.notibras.com\/site\/ressurreicao-e-a-busca-por-memorias-esquecidas\/#article","isPartOf":{"@id":"https:\/\/www.notibras.com\/site\/ressurreicao-e-a-busca-por-memorias-esquecidas\/"},"author":{"name":"Reda\u00e7\u00e3o","@id":"https:\/\/www.notibras.com\/site\/#\/schema\/person\/36ab0979449956132d3e5b517ea76ac8"},"headline":"Ressurrei\u00e7\u00e3o e a busca por mem\u00f3rias esquecidas","datePublished":"2025-11-27T07:43:36+00:00","mainEntityOfPage":{"@id":"https:\/\/www.notibras.com\/site\/ressurreicao-e-a-busca-por-memorias-esquecidas\/"},"wordCount":633,"publisher":{"@id":"https:\/\/www.notibras.com\/site\/#organization"},"image":{"@id":"https:\/\/www.notibras.com\/site\/ressurreicao-e-a-busca-por-memorias-esquecidas\/#primaryimage"},"thumbnailUrl":"https:\/\/www.notibras.com\/site\/wp-content\/uploads\/2025\/11\/10f21db5-a2b8-4743-bf68-88b940ae5ada.png","articleSection":["Or\u00e1culos"],"inLanguage":"pt-BR"},{"@type":"WebPage","@id":"https:\/\/www.notibras.com\/site\/ressurreicao-e-a-busca-por-memorias-esquecidas\/","url":"https:\/\/www.notibras.com\/site\/ressurreicao-e-a-busca-por-memorias-esquecidas\/","name":"Ressurrei\u00e7\u00e3o e a busca por mem\u00f3rias esquecidas - Notibras","isPartOf":{"@id":"https:\/\/www.notibras.com\/site\/#website"},"primaryImageOfPage":{"@id":"https:\/\/www.notibras.com\/site\/ressurreicao-e-a-busca-por-memorias-esquecidas\/#primaryimage"},"image":{"@id":"https:\/\/www.notibras.com\/site\/ressurreicao-e-a-busca-por-memorias-esquecidas\/#primaryimage"},"thumbnailUrl":"https:\/\/www.notibras.com\/site\/wp-content\/uploads\/2025\/11\/10f21db5-a2b8-4743-bf68-88b940ae5ada.png","datePublished":"2025-11-27T07:43:36+00:00","breadcrumb":{"@id":"https:\/\/www.notibras.com\/site\/ressurreicao-e-a-busca-por-memorias-esquecidas\/#breadcrumb"},"inLanguage":"pt-BR","potentialAction":[{"@type":"ReadAction","target":["https:\/\/www.notibras.com\/site\/ressurreicao-e-a-busca-por-memorias-esquecidas\/"]}]},{"@type":"ImageObject","inLanguage":"pt-BR","@id":"https:\/\/www.notibras.com\/site\/ressurreicao-e-a-busca-por-memorias-esquecidas\/#primaryimage","url":"https:\/\/www.notibras.com\/site\/wp-content\/uploads\/2025\/11\/10f21db5-a2b8-4743-bf68-88b940ae5ada.png","contentUrl":"https:\/\/www.notibras.com\/site\/wp-content\/uploads\/2025\/11\/10f21db5-a2b8-4743-bf68-88b940ae5ada.png","width":1024,"height":1536},{"@type":"BreadcrumbList","@id":"https:\/\/www.notibras.com\/site\/ressurreicao-e-a-busca-por-memorias-esquecidas\/#breadcrumb","itemListElement":[{"@type":"ListItem","position":1,"name":"In\u00edcio","item":"https:\/\/www.notibras.com\/site\/"},{"@type":"ListItem","position":2,"name":"Ressurrei\u00e7\u00e3o e a busca por mem\u00f3rias esquecidas"}]},{"@type":"WebSite","@id":"https:\/\/www.notibras.com\/site\/#website","url":"https:\/\/www.notibras.com\/site\/","name":"Notibras","description":"Not\u00edcias de Bras\u00edlia, do Brasil e do Mundo","publisher":{"@id":"https:\/\/www.notibras.com\/site\/#organization"},"potentialAction":[{"@type":"SearchAction","target":{"@type":"EntryPoint","urlTemplate":"https:\/\/www.notibras.com\/site\/?s={search_term_string}"},"query-input":{"@type":"PropertyValueSpecification","valueRequired":true,"valueName":"search_term_string"}}],"inLanguage":"pt-BR"},{"@type":"Organization","@id":"https:\/\/www.notibras.com\/site\/#organization","name":"Grupo Notibras de Comunica\u00e7\u00e3o","url":"https:\/\/www.notibras.com\/site\/","logo":{"@type":"ImageObject","inLanguage":"pt-BR","@id":"https:\/\/www.notibras.com\/site\/#\/schema\/logo\/image\/","url":"https:\/\/www.notibras.com\/site\/wp-content\/uploads\/2023\/01\/notibras23.png","contentUrl":"https:\/\/www.notibras.com\/site\/wp-content\/uploads\/2023\/01\/notibras23.png","width":350,"height":87,"caption":"Grupo Notibras de Comunica\u00e7\u00e3o"},"image":{"@id":"https:\/\/www.notibras.com\/site\/#\/schema\/logo\/image\/"},"sameAs":["https:\/\/www.facebook.com\/notibras\/","https:\/\/x.com\/Notibras","https:\/\/www.instagram.com\/notibras\/"]},{"@type":"Person","@id":"https:\/\/www.notibras.com\/site\/#\/schema\/person\/36ab0979449956132d3e5b517ea76ac8","name":"Reda\u00e7\u00e3o","image":{"@type":"ImageObject","inLanguage":"pt-BR","@id":"https:\/\/secure.gravatar.com\/avatar\/e0a867bdedb85fd243eadf09663511f96fc81e0720a4a42581f334ad4303aa6b?s=96&d=mm&r=g","url":"https:\/\/secure.gravatar.com\/avatar\/e0a867bdedb85fd243eadf09663511f96fc81e0720a4a42581f334ad4303aa6b?s=96&d=mm&r=g","contentUrl":"https:\/\/secure.gravatar.com\/avatar\/e0a867bdedb85fd243eadf09663511f96fc81e0720a4a42581f334ad4303aa6b?s=96&d=mm&r=g","caption":"Reda\u00e7\u00e3o"}}]}},"amp_enabled":true,"_links":{"self":[{"href":"https:\/\/www.notibras.com\/site\/wp-json\/wp\/v2\/posts\/372525","targetHints":{"allow":["GET"]}}],"collection":[{"href":"https:\/\/www.notibras.com\/site\/wp-json\/wp\/v2\/posts"}],"about":[{"href":"https:\/\/www.notibras.com\/site\/wp-json\/wp\/v2\/types\/post"}],"author":[{"embeddable":true,"href":"https:\/\/www.notibras.com\/site\/wp-json\/wp\/v2\/users\/2"}],"replies":[{"embeddable":true,"href":"https:\/\/www.notibras.com\/site\/wp-json\/wp\/v2\/comments?post=372525"}],"version-history":[{"count":1,"href":"https:\/\/www.notibras.com\/site\/wp-json\/wp\/v2\/posts\/372525\/revisions"}],"predecessor-version":[{"id":372527,"href":"https:\/\/www.notibras.com\/site\/wp-json\/wp\/v2\/posts\/372525\/revisions\/372527"}],"wp:featuredmedia":[{"embeddable":true,"href":"https:\/\/www.notibras.com\/site\/wp-json\/wp\/v2\/media\/372526"}],"wp:attachment":[{"href":"https:\/\/www.notibras.com\/site\/wp-json\/wp\/v2\/media?parent=372525"}],"wp:term":[{"taxonomy":"category","embeddable":true,"href":"https:\/\/www.notibras.com\/site\/wp-json\/wp\/v2\/categories?post=372525"},{"taxonomy":"post_tag","embeddable":true,"href":"https:\/\/www.notibras.com\/site\/wp-json\/wp\/v2\/tags?post=372525"}],"curies":[{"name":"wp","href":"https:\/\/api.w.org\/{rel}","templated":true}]}}