{"id":372528,"date":"2025-11-27T00:46:52","date_gmt":"2025-11-27T03:46:52","guid":{"rendered":"https:\/\/www.notibras.com\/site\/?p=372528"},"modified":"2025-11-27T04:52:29","modified_gmt":"2025-11-27T07:52:29","slug":"aprovados-em-concurso-comecam-a-ocupar-vagas","status":"publish","type":"post","link":"https:\/\/www.notibras.com\/site\/aprovados-em-concurso-comecam-a-ocupar-vagas\/","title":{"rendered":"Aprovados em concurso come\u00e7am a ocupar vagas"},"content":{"rendered":"<p>O Minist\u00e9rio da Gest\u00e3o e da Inova\u00e7\u00e3o em Servi\u00e7os P\u00fablicos (MGI) convocou 3 mi 910 aprovados na primeira edi\u00e7\u00e3o do Concurso P\u00fablico Nacional Unificado (CPNU 1), realizada em 2024, para preenchimento das vagas remanescentes e adicionais do certame.<\/p>\n<p>Do total de 3.910 vagas, 1.977 s\u00e3o adicionais em rela\u00e7\u00e3o \u00e0s 6, 6 mil originais do CPNU 1, distribu\u00eddas para 21 \u00f3rg\u00e3os federais. O incremento representa um adicional de 30% em rela\u00e7\u00e3o ao total previsto inicialmente.<\/p>\n<p>O restante das convoca\u00e7\u00f5es (1.933) correspondem a vagas remanescentes que n\u00e3o foram preenchidas nas primeiras chamadas do processo seletivo.<\/p>\n<p><strong>Cursos de forma\u00e7\u00e3o<\/strong><br \/>\nDos 3.910 convocados hoje, 2.919 s\u00e3o para vagas imediatas e 991 dever\u00e3o primeiro passar pelos cursos de forma\u00e7\u00e3o, de acordo com edital espec\u00edfico, publicado no Di\u00e1rio Oficial da Uni\u00e3o. A etapa \u00e9 eliminat\u00f3ria.<\/p>\n<p>Posteriormente, ser\u00e3o publicados os editais espec\u00edficos de cada curso de forma\u00e7\u00e3o, nos quais constar\u00e3o as datas de matr\u00edcula e de realiza\u00e7\u00e3o dos mesmos.<\/p>\n<p><strong>Pr\u00f3ximos passos<\/strong><br \/>\nA partir da publica\u00e7\u00e3o de convoca\u00e7\u00e3o pelo MGI, cada \u00f3rg\u00e3o dever\u00e1 nomear os ocupantes dos cargos listados. A portaria a ser publicada no Di\u00e1rio Oficial da Uni\u00e3o (DOU), oficializa a lista dos candidatos nomeados e seus respectivos cargos.<\/p>\n<p>Depois da nomea\u00e7\u00e3o, o candidato tem at\u00e9 30 dias para tomar posse. Em seguida, o servidor empossado tem 15 dias para se apresentar no \u00f3rg\u00e3o onde assumir\u00e1 o cargo e entrar em exerc\u00edcio. Esse \u00e9 o momento em que ele come\u00e7a oficialmente suas atividades no servi\u00e7o p\u00fablico.<\/p>\n<p><strong>Requisitos para posse<\/strong><br \/>\nPara assumir o cargo, \u00e9 necess\u00e1rio atender a alguns requisitos b\u00e1sicos, como:<\/p>\n<p>ser brasileiro ou portugu\u00eas amparado pelo estatuto de igualdade entre brasileiros e portugueses;<\/p>\n<p>estar em dia com as obriga\u00e7\u00f5es eleitorais e militares (para candidatos do sexo masculino);<\/p>\n<p>ter a escolaridade exigida para o cargo;<\/p>\n<p>ter idade m\u00ednima de 18 anos;<\/p>\n<p>apresentar aptid\u00e3o f\u00edsica e mental para o cargo;<\/p>\n<p>declarar bens e valores patrimoniais, bem como o exerc\u00edcio ou n\u00e3o de outro cargo p\u00fablico;<\/p>\n<p>n\u00e3o ser benefici\u00e1rio do seguro-desemprego.<\/p>\n<p>Alguns cargos possuem\u202frequisitos espec\u00edficos como, por exemplo,\u202fantecedentes criminais. Al\u00e9m disso,\u202fqualquer \u00f3rg\u00e3o pode requisitar\u202fdocumentos adicionais para investidura no cargo.<\/p>\n<p><strong>Or\u00e7amento<\/strong><br \/>\nO Minist\u00e9rio da Gest\u00e3o esclarece que o preenchimento dessas vagas adicionais e remanescentes j\u00e1 foi autorizado e o valor das respectivas remunera\u00e7\u00f5es nas despesas de pessoal da administra\u00e7\u00e3o p\u00fablica federal j\u00e1 consta do Projeto de Lei Or\u00e7ament\u00e1ria (PLOA) de 2026.<\/p>\n<p><strong>CNU 2024<\/strong><br \/>\nO Concurso P\u00fablico Nacional Unificado, em sua primeira edi\u00e7\u00e3o, ofertou 6.640 vagas para 21 \u00f3rg\u00e3os e entidades, que foram disputadas por 970.037 candidatos.<\/p>\n<p>As provas da sele\u00e7\u00e3o em formato in\u00e9dito no Brasil foram realizadas em agosto de 2024, em 228 cidades das cinco regi\u00f5es brasileiras.<\/p>\n<p>O chamado Enem dos Concursos buscou democratizar o acesso ao servi\u00e7o p\u00fablico e promover diversidade na administra\u00e7\u00e3o federal.<\/p>\n<p>O mesmo modelo serviu de base para o CNU 2025, que est\u00e1 em andamento. A segunda edi\u00e7\u00e3o conta com 3.652 vagas para 32 \u00f3rg\u00e3os federais (minist\u00e9rios, autarquias e funda\u00e7\u00f5es). A primeira fase objetiva j\u00e1 foi realizada e os classificados far\u00e3o a segunda prova, em formato discursivo, no pr\u00f3ximo dia 7 de dezembro.<\/p>\n","protected":false},"excerpt":{"rendered":"<p>O Minist\u00e9rio da Gest\u00e3o e da Inova\u00e7\u00e3o em Servi\u00e7os P\u00fablicos (MGI) convocou 3 mi 910 aprovados na primeira edi\u00e7\u00e3o do Concurso P\u00fablico Nacional Unificado (CPNU 1), realizada em 2024, para preenchimento das vagas remanescentes e adicionais do certame. Do total de 3.910 vagas, 1.977 s\u00e3o adicionais em rela\u00e7\u00e3o \u00e0s 6, 6 mil originais do CPNU [&hellip;]<\/p>\n","protected":false},"author":2,"featured_media":372529,"comment_status":"closed","ping_status":"closed","sticky":false,"template":"","format":"standard","meta":{"_acf_changed":false,"footnotes":""},"categories":[16],"tags":[95],"class_list":["post-372528","post","type-post","status-publish","format-standard","has-post-thumbnail","hentry","category-brasil","tag-capa"],"acf":[],"yoast_head":"<!-- This site is optimized with the Yoast SEO plugin v27.5 - https:\/\/yoast.com\/product\/yoast-seo-wordpress\/ -->\n<title>Aprovados em concurso come\u00e7am a ocupar vagas - Notibras<\/title>\n<meta name=\"robots\" content=\"index, follow, max-snippet:-1, max-image-preview:large, max-video-preview:-1\" \/>\n<link rel=\"canonical\" href=\"https:\/\/www.notibras.com\/site\/aprovados-em-concurso-comecam-a-ocupar-vagas\/\" \/>\n<meta property=\"og:locale\" content=\"pt_BR\" \/>\n<meta property=\"og:type\" content=\"article\" \/>\n<meta property=\"og:title\" content=\"Aprovados em concurso come\u00e7am a ocupar vagas - Notibras\" \/>\n<meta property=\"og:description\" content=\"O Minist\u00e9rio da Gest\u00e3o e da Inova\u00e7\u00e3o em Servi\u00e7os P\u00fablicos (MGI) convocou 3 mi 910 aprovados na primeira edi\u00e7\u00e3o do Concurso P\u00fablico Nacional Unificado (CPNU 1), realizada em 2024, para preenchimento das vagas remanescentes e adicionais do certame. Do total de 3.910 vagas, 1.977 s\u00e3o adicionais em rela\u00e7\u00e3o \u00e0s 6, 6 mil originais do CPNU [&hellip;]\" \/>\n<meta property=\"og:url\" content=\"https:\/\/www.notibras.com\/site\/aprovados-em-concurso-comecam-a-ocupar-vagas\/\" \/>\n<meta property=\"og:site_name\" content=\"Notibras\" \/>\n<meta property=\"article:publisher\" content=\"https:\/\/www.facebook.com\/notibras\/\" \/>\n<meta property=\"article:published_time\" content=\"2025-11-27T03:46:52+00:00\" \/>\n<meta property=\"article:modified_time\" content=\"2025-11-27T07:52:29+00:00\" \/>\n<meta property=\"og:image\" content=\"https:\/\/www.notibras.com\/site\/wp-content\/uploads\/2025\/11\/dji_0946.webp\" \/>\n\t<meta property=\"og:image:width\" content=\"1170\" \/>\n\t<meta property=\"og:image:height\" content=\"700\" \/>\n\t<meta property=\"og:image:type\" content=\"image\/webp\" \/>\n<meta name=\"author\" content=\"Reda\u00e7\u00e3o\" \/>\n<meta name=\"twitter:card\" content=\"summary_large_image\" \/>\n<meta name=\"twitter:creator\" content=\"@Notibras\" \/>\n<meta name=\"twitter:site\" content=\"@Notibras\" \/>\n<meta name=\"twitter:label1\" content=\"Escrito por\" \/>\n\t<meta name=\"twitter:data1\" content=\"Reda\u00e7\u00e3o\" \/>\n\t<meta name=\"twitter:label2\" content=\"Est. tempo de leitura\" \/>\n\t<meta name=\"twitter:data2\" content=\"4 minutos\" \/>\n<script type=\"application\/ld+json\" class=\"yoast-schema-graph\">{\"@context\":\"https:\\\/\\\/schema.org\",\"@graph\":[{\"@type\":\"Article\",\"@id\":\"https:\\\/\\\/www.notibras.com\\\/site\\\/aprovados-em-concurso-comecam-a-ocupar-vagas\\\/#article\",\"isPartOf\":{\"@id\":\"https:\\\/\\\/www.notibras.com\\\/site\\\/aprovados-em-concurso-comecam-a-ocupar-vagas\\\/\"},\"author\":{\"name\":\"Reda\u00e7\u00e3o\",\"@id\":\"https:\\\/\\\/www.notibras.com\\\/site\\\/#\\\/schema\\\/person\\\/36ab0979449956132d3e5b517ea76ac8\"},\"headline\":\"Aprovados em concurso come\u00e7am a ocupar vagas\",\"datePublished\":\"2025-11-27T03:46:52+00:00\",\"dateModified\":\"2025-11-27T07:52:29+00:00\",\"mainEntityOfPage\":{\"@id\":\"https:\\\/\\\/www.notibras.com\\\/site\\\/aprovados-em-concurso-comecam-a-ocupar-vagas\\\/\"},\"wordCount\":556,\"publisher\":{\"@id\":\"https:\\\/\\\/www.notibras.com\\\/site\\\/#organization\"},\"image\":{\"@id\":\"https:\\\/\\\/www.notibras.com\\\/site\\\/aprovados-em-concurso-comecam-a-ocupar-vagas\\\/#primaryimage\"},\"thumbnailUrl\":\"https:\\\/\\\/www.notibras.com\\\/site\\\/wp-content\\\/uploads\\\/2025\\\/11\\\/dji_0946.webp\",\"keywords\":[\"capa\"],\"articleSection\":[\"Brasil\"],\"inLanguage\":\"pt-BR\"},{\"@type\":\"WebPage\",\"@id\":\"https:\\\/\\\/www.notibras.com\\\/site\\\/aprovados-em-concurso-comecam-a-ocupar-vagas\\\/\",\"url\":\"https:\\\/\\\/www.notibras.com\\\/site\\\/aprovados-em-concurso-comecam-a-ocupar-vagas\\\/\",\"name\":\"Aprovados em concurso come\u00e7am a ocupar vagas - Notibras\",\"isPartOf\":{\"@id\":\"https:\\\/\\\/www.notibras.com\\\/site\\\/#website\"},\"primaryImageOfPage\":{\"@id\":\"https:\\\/\\\/www.notibras.com\\\/site\\\/aprovados-em-concurso-comecam-a-ocupar-vagas\\\/#primaryimage\"},\"image\":{\"@id\":\"https:\\\/\\\/www.notibras.com\\\/site\\\/aprovados-em-concurso-comecam-a-ocupar-vagas\\\/#primaryimage\"},\"thumbnailUrl\":\"https:\\\/\\\/www.notibras.com\\\/site\\\/wp-content\\\/uploads\\\/2025\\\/11\\\/dji_0946.webp\",\"datePublished\":\"2025-11-27T03:46:52+00:00\",\"dateModified\":\"2025-11-27T07:52:29+00:00\",\"breadcrumb\":{\"@id\":\"https:\\\/\\\/www.notibras.com\\\/site\\\/aprovados-em-concurso-comecam-a-ocupar-vagas\\\/#breadcrumb\"},\"inLanguage\":\"pt-BR\",\"potentialAction\":[{\"@type\":\"ReadAction\",\"target\":[\"https:\\\/\\\/www.notibras.com\\\/site\\\/aprovados-em-concurso-comecam-a-ocupar-vagas\\\/\"]}]},{\"@type\":\"ImageObject\",\"inLanguage\":\"pt-BR\",\"@id\":\"https:\\\/\\\/www.notibras.com\\\/site\\\/aprovados-em-concurso-comecam-a-ocupar-vagas\\\/#primaryimage\",\"url\":\"https:\\\/\\\/www.notibras.com\\\/site\\\/wp-content\\\/uploads\\\/2025\\\/11\\\/dji_0946.webp\",\"contentUrl\":\"https:\\\/\\\/www.notibras.com\\\/site\\\/wp-content\\\/uploads\\\/2025\\\/11\\\/dji_0946.webp\",\"width\":1170,\"height\":700},{\"@type\":\"BreadcrumbList\",\"@id\":\"https:\\\/\\\/www.notibras.com\\\/site\\\/aprovados-em-concurso-comecam-a-ocupar-vagas\\\/#breadcrumb\",\"itemListElement\":[{\"@type\":\"ListItem\",\"position\":1,\"name\":\"In\u00edcio\",\"item\":\"https:\\\/\\\/www.notibras.com\\\/site\\\/\"},{\"@type\":\"ListItem\",\"position\":2,\"name\":\"Aprovados em concurso come\u00e7am a ocupar vagas\"}]},{\"@type\":\"WebSite\",\"@id\":\"https:\\\/\\\/www.notibras.com\\\/site\\\/#website\",\"url\":\"https:\\\/\\\/www.notibras.com\\\/site\\\/\",\"name\":\"Notibras\",\"description\":\"Not\u00edcias de Bras\u00edlia, do Brasil e do Mundo\",\"publisher\":{\"@id\":\"https:\\\/\\\/www.notibras.com\\\/site\\\/#organization\"},\"potentialAction\":[{\"@type\":\"SearchAction\",\"target\":{\"@type\":\"EntryPoint\",\"urlTemplate\":\"https:\\\/\\\/www.notibras.com\\\/site\\\/?s={search_term_string}\"},\"query-input\":{\"@type\":\"PropertyValueSpecification\",\"valueRequired\":true,\"valueName\":\"search_term_string\"}}],\"inLanguage\":\"pt-BR\"},{\"@type\":\"Organization\",\"@id\":\"https:\\\/\\\/www.notibras.com\\\/site\\\/#organization\",\"name\":\"Grupo Notibras de Comunica\u00e7\u00e3o\",\"url\":\"https:\\\/\\\/www.notibras.com\\\/site\\\/\",\"logo\":{\"@type\":\"ImageObject\",\"inLanguage\":\"pt-BR\",\"@id\":\"https:\\\/\\\/www.notibras.com\\\/site\\\/#\\\/schema\\\/logo\\\/image\\\/\",\"url\":\"https:\\\/\\\/www.notibras.com\\\/site\\\/wp-content\\\/uploads\\\/2023\\\/01\\\/notibras23.png\",\"contentUrl\":\"https:\\\/\\\/www.notibras.com\\\/site\\\/wp-content\\\/uploads\\\/2023\\\/01\\\/notibras23.png\",\"width\":350,\"height\":87,\"caption\":\"Grupo Notibras de Comunica\u00e7\u00e3o\"},\"image\":{\"@id\":\"https:\\\/\\\/www.notibras.com\\\/site\\\/#\\\/schema\\\/logo\\\/image\\\/\"},\"sameAs\":[\"https:\\\/\\\/www.facebook.com\\\/notibras\\\/\",\"https:\\\/\\\/x.com\\\/Notibras\",\"https:\\\/\\\/www.instagram.com\\\/notibras\\\/\"]},{\"@type\":\"Person\",\"@id\":\"https:\\\/\\\/www.notibras.com\\\/site\\\/#\\\/schema\\\/person\\\/36ab0979449956132d3e5b517ea76ac8\",\"name\":\"Reda\u00e7\u00e3o\",\"image\":{\"@type\":\"ImageObject\",\"inLanguage\":\"pt-BR\",\"@id\":\"https:\\\/\\\/secure.gravatar.com\\\/avatar\\\/e0a867bdedb85fd243eadf09663511f96fc81e0720a4a42581f334ad4303aa6b?s=96&d=mm&r=g\",\"url\":\"https:\\\/\\\/secure.gravatar.com\\\/avatar\\\/e0a867bdedb85fd243eadf09663511f96fc81e0720a4a42581f334ad4303aa6b?s=96&d=mm&r=g\",\"contentUrl\":\"https:\\\/\\\/secure.gravatar.com\\\/avatar\\\/e0a867bdedb85fd243eadf09663511f96fc81e0720a4a42581f334ad4303aa6b?s=96&d=mm&r=g\",\"caption\":\"Reda\u00e7\u00e3o\"}}]}<\/script>\n<!-- \/ Yoast SEO plugin. -->","yoast_head_json":{"title":"Aprovados em concurso come\u00e7am a ocupar vagas - Notibras","robots":{"index":"index","follow":"follow","max-snippet":"max-snippet:-1","max-image-preview":"max-image-preview:large","max-video-preview":"max-video-preview:-1"},"canonical":"https:\/\/www.notibras.com\/site\/aprovados-em-concurso-comecam-a-ocupar-vagas\/","og_locale":"pt_BR","og_type":"article","og_title":"Aprovados em concurso come\u00e7am a ocupar vagas - Notibras","og_description":"O Minist\u00e9rio da Gest\u00e3o e da Inova\u00e7\u00e3o em Servi\u00e7os P\u00fablicos (MGI) convocou 3 mi 910 aprovados na primeira edi\u00e7\u00e3o do Concurso P\u00fablico Nacional Unificado (CPNU 1), realizada em 2024, para preenchimento das vagas remanescentes e adicionais do certame. Do total de 3.910 vagas, 1.977 s\u00e3o adicionais em rela\u00e7\u00e3o \u00e0s 6, 6 mil originais do CPNU [&hellip;]","og_url":"https:\/\/www.notibras.com\/site\/aprovados-em-concurso-comecam-a-ocupar-vagas\/","og_site_name":"Notibras","article_publisher":"https:\/\/www.facebook.com\/notibras\/","article_published_time":"2025-11-27T03:46:52+00:00","article_modified_time":"2025-11-27T07:52:29+00:00","og_image":[{"width":1170,"height":700,"url":"https:\/\/www.notibras.com\/site\/wp-content\/uploads\/2025\/11\/dji_0946.webp","type":"image\/webp"}],"author":"Reda\u00e7\u00e3o","twitter_card":"summary_large_image","twitter_creator":"@Notibras","twitter_site":"@Notibras","twitter_misc":{"Escrito por":"Reda\u00e7\u00e3o","Est. tempo de leitura":"4 minutos"},"schema":{"@context":"https:\/\/schema.org","@graph":[{"@type":"Article","@id":"https:\/\/www.notibras.com\/site\/aprovados-em-concurso-comecam-a-ocupar-vagas\/#article","isPartOf":{"@id":"https:\/\/www.notibras.com\/site\/aprovados-em-concurso-comecam-a-ocupar-vagas\/"},"author":{"name":"Reda\u00e7\u00e3o","@id":"https:\/\/www.notibras.com\/site\/#\/schema\/person\/36ab0979449956132d3e5b517ea76ac8"},"headline":"Aprovados em concurso come\u00e7am a ocupar vagas","datePublished":"2025-11-27T03:46:52+00:00","dateModified":"2025-11-27T07:52:29+00:00","mainEntityOfPage":{"@id":"https:\/\/www.notibras.com\/site\/aprovados-em-concurso-comecam-a-ocupar-vagas\/"},"wordCount":556,"publisher":{"@id":"https:\/\/www.notibras.com\/site\/#organization"},"image":{"@id":"https:\/\/www.notibras.com\/site\/aprovados-em-concurso-comecam-a-ocupar-vagas\/#primaryimage"},"thumbnailUrl":"https:\/\/www.notibras.com\/site\/wp-content\/uploads\/2025\/11\/dji_0946.webp","keywords":["capa"],"articleSection":["Brasil"],"inLanguage":"pt-BR"},{"@type":"WebPage","@id":"https:\/\/www.notibras.com\/site\/aprovados-em-concurso-comecam-a-ocupar-vagas\/","url":"https:\/\/www.notibras.com\/site\/aprovados-em-concurso-comecam-a-ocupar-vagas\/","name":"Aprovados em concurso come\u00e7am a ocupar vagas - Notibras","isPartOf":{"@id":"https:\/\/www.notibras.com\/site\/#website"},"primaryImageOfPage":{"@id":"https:\/\/www.notibras.com\/site\/aprovados-em-concurso-comecam-a-ocupar-vagas\/#primaryimage"},"image":{"@id":"https:\/\/www.notibras.com\/site\/aprovados-em-concurso-comecam-a-ocupar-vagas\/#primaryimage"},"thumbnailUrl":"https:\/\/www.notibras.com\/site\/wp-content\/uploads\/2025\/11\/dji_0946.webp","datePublished":"2025-11-27T03:46:52+00:00","dateModified":"2025-11-27T07:52:29+00:00","breadcrumb":{"@id":"https:\/\/www.notibras.com\/site\/aprovados-em-concurso-comecam-a-ocupar-vagas\/#breadcrumb"},"inLanguage":"pt-BR","potentialAction":[{"@type":"ReadAction","target":["https:\/\/www.notibras.com\/site\/aprovados-em-concurso-comecam-a-ocupar-vagas\/"]}]},{"@type":"ImageObject","inLanguage":"pt-BR","@id":"https:\/\/www.notibras.com\/site\/aprovados-em-concurso-comecam-a-ocupar-vagas\/#primaryimage","url":"https:\/\/www.notibras.com\/site\/wp-content\/uploads\/2025\/11\/dji_0946.webp","contentUrl":"https:\/\/www.notibras.com\/site\/wp-content\/uploads\/2025\/11\/dji_0946.webp","width":1170,"height":700},{"@type":"BreadcrumbList","@id":"https:\/\/www.notibras.com\/site\/aprovados-em-concurso-comecam-a-ocupar-vagas\/#breadcrumb","itemListElement":[{"@type":"ListItem","position":1,"name":"In\u00edcio","item":"https:\/\/www.notibras.com\/site\/"},{"@type":"ListItem","position":2,"name":"Aprovados em concurso come\u00e7am a ocupar vagas"}]},{"@type":"WebSite","@id":"https:\/\/www.notibras.com\/site\/#website","url":"https:\/\/www.notibras.com\/site\/","name":"Notibras","description":"Not\u00edcias de Bras\u00edlia, do Brasil e do Mundo","publisher":{"@id":"https:\/\/www.notibras.com\/site\/#organization"},"potentialAction":[{"@type":"SearchAction","target":{"@type":"EntryPoint","urlTemplate":"https:\/\/www.notibras.com\/site\/?s={search_term_string}"},"query-input":{"@type":"PropertyValueSpecification","valueRequired":true,"valueName":"search_term_string"}}],"inLanguage":"pt-BR"},{"@type":"Organization","@id":"https:\/\/www.notibras.com\/site\/#organization","name":"Grupo Notibras de Comunica\u00e7\u00e3o","url":"https:\/\/www.notibras.com\/site\/","logo":{"@type":"ImageObject","inLanguage":"pt-BR","@id":"https:\/\/www.notibras.com\/site\/#\/schema\/logo\/image\/","url":"https:\/\/www.notibras.com\/site\/wp-content\/uploads\/2023\/01\/notibras23.png","contentUrl":"https:\/\/www.notibras.com\/site\/wp-content\/uploads\/2023\/01\/notibras23.png","width":350,"height":87,"caption":"Grupo Notibras de Comunica\u00e7\u00e3o"},"image":{"@id":"https:\/\/www.notibras.com\/site\/#\/schema\/logo\/image\/"},"sameAs":["https:\/\/www.facebook.com\/notibras\/","https:\/\/x.com\/Notibras","https:\/\/www.instagram.com\/notibras\/"]},{"@type":"Person","@id":"https:\/\/www.notibras.com\/site\/#\/schema\/person\/36ab0979449956132d3e5b517ea76ac8","name":"Reda\u00e7\u00e3o","image":{"@type":"ImageObject","inLanguage":"pt-BR","@id":"https:\/\/secure.gravatar.com\/avatar\/e0a867bdedb85fd243eadf09663511f96fc81e0720a4a42581f334ad4303aa6b?s=96&d=mm&r=g","url":"https:\/\/secure.gravatar.com\/avatar\/e0a867bdedb85fd243eadf09663511f96fc81e0720a4a42581f334ad4303aa6b?s=96&d=mm&r=g","contentUrl":"https:\/\/secure.gravatar.com\/avatar\/e0a867bdedb85fd243eadf09663511f96fc81e0720a4a42581f334ad4303aa6b?s=96&d=mm&r=g","caption":"Reda\u00e7\u00e3o"}}]}},"amp_enabled":true,"_links":{"self":[{"href":"https:\/\/www.notibras.com\/site\/wp-json\/wp\/v2\/posts\/372528","targetHints":{"allow":["GET"]}}],"collection":[{"href":"https:\/\/www.notibras.com\/site\/wp-json\/wp\/v2\/posts"}],"about":[{"href":"https:\/\/www.notibras.com\/site\/wp-json\/wp\/v2\/types\/post"}],"author":[{"embeddable":true,"href":"https:\/\/www.notibras.com\/site\/wp-json\/wp\/v2\/users\/2"}],"replies":[{"embeddable":true,"href":"https:\/\/www.notibras.com\/site\/wp-json\/wp\/v2\/comments?post=372528"}],"version-history":[{"count":1,"href":"https:\/\/www.notibras.com\/site\/wp-json\/wp\/v2\/posts\/372528\/revisions"}],"predecessor-version":[{"id":372530,"href":"https:\/\/www.notibras.com\/site\/wp-json\/wp\/v2\/posts\/372528\/revisions\/372530"}],"wp:featuredmedia":[{"embeddable":true,"href":"https:\/\/www.notibras.com\/site\/wp-json\/wp\/v2\/media\/372529"}],"wp:attachment":[{"href":"https:\/\/www.notibras.com\/site\/wp-json\/wp\/v2\/media?parent=372528"}],"wp:term":[{"taxonomy":"category","embeddable":true,"href":"https:\/\/www.notibras.com\/site\/wp-json\/wp\/v2\/categories?post=372528"},{"taxonomy":"post_tag","embeddable":true,"href":"https:\/\/www.notibras.com\/site\/wp-json\/wp\/v2\/tags?post=372528"}],"curies":[{"name":"wp","href":"https:\/\/api.w.org\/{rel}","templated":true}]}}