{"id":37254,"date":"2015-02-15T22:22:51","date_gmt":"2015-02-16T01:22:51","guid":{"rendered":"http:\/\/www.notibras.com\/site\/?p=37254"},"modified":"2015-02-16T10:41:06","modified_gmt":"2015-02-16T13:41:06","slug":"viradouro-nada-de-bracada-sob-chuva-para-ficar-vez-na-elite-da-sapucai","status":"publish","type":"post","link":"https:\/\/www.notibras.com\/site\/viradouro-nada-de-bracada-sob-chuva-para-ficar-vez-na-elite-da-sapucai\/","title":{"rendered":"Viradouro nada sob a chuva forte para ficar de vez na elite"},"content":{"rendered":"<p>Depois de ficar tr\u00eas anos no grupo de acesso, a Viradouro abriu a primeira noite de desfiles do Carnaval carioca com atraso de cerca de 30 minutos, causado pela forte chuva que caiu na Sapuca\u00ed. A escola de Niter\u00f3i entrou na avenida enfrentando o temporal, que cai no Rio de Janeiro desde a abertura dos port\u00f5es do Samb\u00f3dromo.<\/p>\n<p>Na concentra\u00e7\u00e3o, integrantes da escola gritavam &#8220;N\u00e3o vamos desanimar!&#8221;. Ra\u00edssa Machado, Rainha da Bateria, chorava de emo\u00e7\u00e3o. &#8220;Estou muito emocionada por meu filho estar aqui. Essa chuva n\u00e3o vai tirar jamais o brilho da Viradouro&#8221;, disse ela, que deu \u00e0 luz recentemente. A cantora Paula Lima tamb\u00e9m comentou a chuva na concentra\u00e7\u00e3o. &#8220;Estou muito emocionada. Poderia estar melhor, por causa da chuva, mas tudo vai estar lindo&#8221;, disse ela.<\/p>\n<p>O ator L\u00e1zaro Ramos fez um discurso inflamado sobre o tema escolhido pela escola antes do in\u00edcio do desfile. &#8220;A Viradouro traz um sonho de um pa\u00eds mais justo onde negros e brancos convivem em harmonia&#8221;, discursou o ator. Ele ainda citou l\u00edderes negros como Martin Luther King Jr, Zumbi dos Palmares, al\u00e9m do ex-presidente do Supremo Tribunal Federal, Joaquim Barbosa.<\/p>\n<blockquote><p>A escola entrou na avenida \u00e0s 21h53 e acabou sendo prejudicada por problemas no sistema de som do Samb\u00f3dromo, que cortou o \u00e1udio quatro vezes. Nesses momentos, a Viradouro seguiu com o desfile apoiada no canto \u00e0 capela dos integrantes e no som da bateria.\u00a0De acordo com a Liga das Escolas de Samba (Liesa), o atraso para o in\u00edcio do desfile foi consensual e ocorreu por causa da chuva e dos raios. A escola n\u00e3o ser\u00e1 penalizada.<\/p><\/blockquote>\n<div>\n<p>Um enorme baob\u00e1, \u00e1rvore africana que simboliza a igualdade, vinha representado no trip\u00e9 da comiss\u00e3o de frente, que trazia a atriz Juliana Paes como destaque. Cercada de seguran\u00e7as e ensopada, Juliana Paes chegou \u00e0 dispers\u00e3o muito emocionada. &#8220;A homenagem deste ano foi muito especial. Teve um gostinho especial. Estou muito feliz.&#8221;<\/p>\n<p>A chuva tamb\u00e9m prejudicou as fantasias da escola e tamb\u00e9m o \u00faltimo carro aleg\u00f3rico, que trazia um enorme boneco cujo bra\u00e7o caiu. Fora isso, penas brancas que enfeitavam uma ala inteira ficaram destru\u00eddas pelo temporal. S\u00e9rgio Lobato, core\u00f3grafo da Viradouro, admitiu que o temporal atrapalhou a escola. &#8220;A chuva atrapalhou demais. Vamos ver se os jurados v\u00e3o passar algum detalhe&#8221;, disse ele, que tamb\u00e9m comentou os problemas no som. &#8220;O som atrapalhou, sim. Mas a plateia deu uma moral!&#8221;<\/p>\n<\/div>\n","protected":false},"excerpt":{"rendered":"<p>Depois de ficar tr\u00eas anos no grupo de acesso, a Viradouro abriu a primeira noite de desfiles do Carnaval carioca com atraso de cerca de 30 minutos, causado pela forte chuva que caiu na Sapuca\u00ed. A escola de Niter\u00f3i entrou na avenida enfrentando o temporal, que cai no Rio de Janeiro desde a abertura dos [&hellip;]<\/p>\n","protected":false},"author":2,"featured_media":37255,"comment_status":"open","ping_status":"closed","sticky":false,"template":"","format":"standard","meta":{"_acf_changed":false,"footnotes":""},"categories":[16],"tags":[],"class_list":["post-37254","post","type-post","status-publish","format-standard","has-post-thumbnail","hentry","category-brasil"],"acf":[],"yoast_head":"<!-- This site is optimized with the Yoast SEO plugin v27.2 - https:\/\/yoast.com\/product\/yoast-seo-wordpress\/ -->\n<title>Viradouro nada sob a chuva forte para ficar de vez na elite - Notibras<\/title>\n<meta name=\"robots\" content=\"index, follow, max-snippet:-1, max-image-preview:large, max-video-preview:-1\" \/>\n<link rel=\"canonical\" href=\"https:\/\/www.notibras.com\/site\/viradouro-nada-de-bracada-sob-chuva-para-ficar-vez-na-elite-da-sapucai\/\" \/>\n<meta property=\"og:locale\" content=\"pt_BR\" \/>\n<meta property=\"og:type\" content=\"article\" \/>\n<meta property=\"og:title\" content=\"Viradouro nada sob a chuva forte para ficar de vez na elite - Notibras\" \/>\n<meta property=\"og:description\" content=\"Depois de ficar tr\u00eas anos no grupo de acesso, a Viradouro abriu a primeira noite de desfiles do Carnaval carioca com atraso de cerca de 30 minutos, causado pela forte chuva que caiu na Sapuca\u00ed. A escola de Niter\u00f3i entrou na avenida enfrentando o temporal, que cai no Rio de Janeiro desde a abertura dos [&hellip;]\" \/>\n<meta property=\"og:url\" content=\"https:\/\/www.notibras.com\/site\/viradouro-nada-de-bracada-sob-chuva-para-ficar-vez-na-elite-da-sapucai\/\" \/>\n<meta property=\"og:site_name\" content=\"Notibras\" \/>\n<meta property=\"article:publisher\" content=\"https:\/\/www.facebook.com\/notibras\/\" \/>\n<meta property=\"article:published_time\" content=\"2015-02-16T01:22:51+00:00\" \/>\n<meta property=\"article:modified_time\" content=\"2015-02-16T13:41:06+00:00\" \/>\n<meta property=\"og:image\" content=\"https:\/\/www.notibras.com\/site\/wp-content\/uploads\/2015\/02\/vi.jpeg\" \/>\n\t<meta property=\"og:image:width\" content=\"254\" \/>\n\t<meta property=\"og:image:height\" content=\"199\" \/>\n\t<meta property=\"og:image:type\" content=\"image\/jpeg\" \/>\n<meta name=\"author\" content=\"Reda\u00e7\u00e3o\" \/>\n<meta name=\"twitter:card\" content=\"summary_large_image\" \/>\n<meta name=\"twitter:creator\" content=\"@Notibras\" \/>\n<meta name=\"twitter:site\" content=\"@Notibras\" \/>\n<meta name=\"twitter:label1\" content=\"Escrito por\" \/>\n\t<meta name=\"twitter:data1\" content=\"Reda\u00e7\u00e3o\" \/>\n\t<meta name=\"twitter:label2\" content=\"Est. tempo de leitura\" \/>\n\t<meta name=\"twitter:data2\" content=\"2 minutos\" \/>\n<script type=\"application\/ld+json\" class=\"yoast-schema-graph\">{\"@context\":\"https:\/\/schema.org\",\"@graph\":[{\"@type\":\"Article\",\"@id\":\"https:\/\/www.notibras.com\/site\/viradouro-nada-de-bracada-sob-chuva-para-ficar-vez-na-elite-da-sapucai\/#article\",\"isPartOf\":{\"@id\":\"https:\/\/www.notibras.com\/site\/viradouro-nada-de-bracada-sob-chuva-para-ficar-vez-na-elite-da-sapucai\/\"},\"author\":{\"name\":\"Reda\u00e7\u00e3o\",\"@id\":\"https:\/\/www.notibras.com\/site\/#\/schema\/person\/36ab0979449956132d3e5b517ea76ac8\"},\"headline\":\"Viradouro nada sob a chuva forte para ficar de vez na elite\",\"datePublished\":\"2015-02-16T01:22:51+00:00\",\"dateModified\":\"2015-02-16T13:41:06+00:00\",\"mainEntityOfPage\":{\"@id\":\"https:\/\/www.notibras.com\/site\/viradouro-nada-de-bracada-sob-chuva-para-ficar-vez-na-elite-da-sapucai\/\"},\"wordCount\":435,\"commentCount\":0,\"publisher\":{\"@id\":\"https:\/\/www.notibras.com\/site\/#organization\"},\"image\":{\"@id\":\"https:\/\/www.notibras.com\/site\/viradouro-nada-de-bracada-sob-chuva-para-ficar-vez-na-elite-da-sapucai\/#primaryimage\"},\"thumbnailUrl\":\"https:\/\/www.notibras.com\/site\/wp-content\/uploads\/2015\/02\/vi.jpeg\",\"articleSection\":[\"Brasil\"],\"inLanguage\":\"pt-BR\",\"potentialAction\":[{\"@type\":\"CommentAction\",\"name\":\"Comment\",\"target\":[\"https:\/\/www.notibras.com\/site\/viradouro-nada-de-bracada-sob-chuva-para-ficar-vez-na-elite-da-sapucai\/#respond\"]}]},{\"@type\":\"WebPage\",\"@id\":\"https:\/\/www.notibras.com\/site\/viradouro-nada-de-bracada-sob-chuva-para-ficar-vez-na-elite-da-sapucai\/\",\"url\":\"https:\/\/www.notibras.com\/site\/viradouro-nada-de-bracada-sob-chuva-para-ficar-vez-na-elite-da-sapucai\/\",\"name\":\"Viradouro nada sob a chuva forte para ficar de vez na elite - Notibras\",\"isPartOf\":{\"@id\":\"https:\/\/www.notibras.com\/site\/#website\"},\"primaryImageOfPage\":{\"@id\":\"https:\/\/www.notibras.com\/site\/viradouro-nada-de-bracada-sob-chuva-para-ficar-vez-na-elite-da-sapucai\/#primaryimage\"},\"image\":{\"@id\":\"https:\/\/www.notibras.com\/site\/viradouro-nada-de-bracada-sob-chuva-para-ficar-vez-na-elite-da-sapucai\/#primaryimage\"},\"thumbnailUrl\":\"https:\/\/www.notibras.com\/site\/wp-content\/uploads\/2015\/02\/vi.jpeg\",\"datePublished\":\"2015-02-16T01:22:51+00:00\",\"dateModified\":\"2015-02-16T13:41:06+00:00\",\"breadcrumb\":{\"@id\":\"https:\/\/www.notibras.com\/site\/viradouro-nada-de-bracada-sob-chuva-para-ficar-vez-na-elite-da-sapucai\/#breadcrumb\"},\"inLanguage\":\"pt-BR\",\"potentialAction\":[{\"@type\":\"ReadAction\",\"target\":[\"https:\/\/www.notibras.com\/site\/viradouro-nada-de-bracada-sob-chuva-para-ficar-vez-na-elite-da-sapucai\/\"]}]},{\"@type\":\"ImageObject\",\"inLanguage\":\"pt-BR\",\"@id\":\"https:\/\/www.notibras.com\/site\/viradouro-nada-de-bracada-sob-chuva-para-ficar-vez-na-elite-da-sapucai\/#primaryimage\",\"url\":\"https:\/\/www.notibras.com\/site\/wp-content\/uploads\/2015\/02\/vi.jpeg\",\"contentUrl\":\"https:\/\/www.notibras.com\/site\/wp-content\/uploads\/2015\/02\/vi.jpeg\",\"width\":254,\"height\":199},{\"@type\":\"BreadcrumbList\",\"@id\":\"https:\/\/www.notibras.com\/site\/viradouro-nada-de-bracada-sob-chuva-para-ficar-vez-na-elite-da-sapucai\/#breadcrumb\",\"itemListElement\":[{\"@type\":\"ListItem\",\"position\":1,\"name\":\"In\u00edcio\",\"item\":\"https:\/\/www.notibras.com\/site\/\"},{\"@type\":\"ListItem\",\"position\":2,\"name\":\"Viradouro nada sob a chuva forte para ficar de vez na elite\"}]},{\"@type\":\"WebSite\",\"@id\":\"https:\/\/www.notibras.com\/site\/#website\",\"url\":\"https:\/\/www.notibras.com\/site\/\",\"name\":\"Notibras\",\"description\":\"Not\u00edcias de Bras\u00edlia, do Brasil e do Mundo\",\"publisher\":{\"@id\":\"https:\/\/www.notibras.com\/site\/#organization\"},\"potentialAction\":[{\"@type\":\"SearchAction\",\"target\":{\"@type\":\"EntryPoint\",\"urlTemplate\":\"https:\/\/www.notibras.com\/site\/?s={search_term_string}\"},\"query-input\":{\"@type\":\"PropertyValueSpecification\",\"valueRequired\":true,\"valueName\":\"search_term_string\"}}],\"inLanguage\":\"pt-BR\"},{\"@type\":\"Organization\",\"@id\":\"https:\/\/www.notibras.com\/site\/#organization\",\"name\":\"Grupo Notibras de Comunica\u00e7\u00e3o\",\"url\":\"https:\/\/www.notibras.com\/site\/\",\"logo\":{\"@type\":\"ImageObject\",\"inLanguage\":\"pt-BR\",\"@id\":\"https:\/\/www.notibras.com\/site\/#\/schema\/logo\/image\/\",\"url\":\"https:\/\/www.notibras.com\/site\/wp-content\/uploads\/2023\/01\/notibras23.png\",\"contentUrl\":\"https:\/\/www.notibras.com\/site\/wp-content\/uploads\/2023\/01\/notibras23.png\",\"width\":350,\"height\":87,\"caption\":\"Grupo Notibras de Comunica\u00e7\u00e3o\"},\"image\":{\"@id\":\"https:\/\/www.notibras.com\/site\/#\/schema\/logo\/image\/\"},\"sameAs\":[\"https:\/\/www.facebook.com\/notibras\/\",\"https:\/\/x.com\/Notibras\",\"https:\/\/www.instagram.com\/notibras\/\"]},{\"@type\":\"Person\",\"@id\":\"https:\/\/www.notibras.com\/site\/#\/schema\/person\/36ab0979449956132d3e5b517ea76ac8\",\"name\":\"Reda\u00e7\u00e3o\",\"image\":{\"@type\":\"ImageObject\",\"inLanguage\":\"pt-BR\",\"@id\":\"https:\/\/secure.gravatar.com\/avatar\/e0a867bdedb85fd243eadf09663511f96fc81e0720a4a42581f334ad4303aa6b?s=96&d=mm&r=g\",\"url\":\"https:\/\/secure.gravatar.com\/avatar\/e0a867bdedb85fd243eadf09663511f96fc81e0720a4a42581f334ad4303aa6b?s=96&d=mm&r=g\",\"contentUrl\":\"https:\/\/secure.gravatar.com\/avatar\/e0a867bdedb85fd243eadf09663511f96fc81e0720a4a42581f334ad4303aa6b?s=96&d=mm&r=g\",\"caption\":\"Reda\u00e7\u00e3o\"}}]}<\/script>\n<!-- \/ Yoast SEO plugin. -->","yoast_head_json":{"title":"Viradouro nada sob a chuva forte para ficar de vez na elite - Notibras","robots":{"index":"index","follow":"follow","max-snippet":"max-snippet:-1","max-image-preview":"max-image-preview:large","max-video-preview":"max-video-preview:-1"},"canonical":"https:\/\/www.notibras.com\/site\/viradouro-nada-de-bracada-sob-chuva-para-ficar-vez-na-elite-da-sapucai\/","og_locale":"pt_BR","og_type":"article","og_title":"Viradouro nada sob a chuva forte para ficar de vez na elite - Notibras","og_description":"Depois de ficar tr\u00eas anos no grupo de acesso, a Viradouro abriu a primeira noite de desfiles do Carnaval carioca com atraso de cerca de 30 minutos, causado pela forte chuva que caiu na Sapuca\u00ed. A escola de Niter\u00f3i entrou na avenida enfrentando o temporal, que cai no Rio de Janeiro desde a abertura dos [&hellip;]","og_url":"https:\/\/www.notibras.com\/site\/viradouro-nada-de-bracada-sob-chuva-para-ficar-vez-na-elite-da-sapucai\/","og_site_name":"Notibras","article_publisher":"https:\/\/www.facebook.com\/notibras\/","article_published_time":"2015-02-16T01:22:51+00:00","article_modified_time":"2015-02-16T13:41:06+00:00","og_image":[{"width":254,"height":199,"url":"https:\/\/www.notibras.com\/site\/wp-content\/uploads\/2015\/02\/vi.jpeg","type":"image\/jpeg"}],"author":"Reda\u00e7\u00e3o","twitter_card":"summary_large_image","twitter_creator":"@Notibras","twitter_site":"@Notibras","twitter_misc":{"Escrito por":"Reda\u00e7\u00e3o","Est. tempo de leitura":"2 minutos"},"schema":{"@context":"https:\/\/schema.org","@graph":[{"@type":"Article","@id":"https:\/\/www.notibras.com\/site\/viradouro-nada-de-bracada-sob-chuva-para-ficar-vez-na-elite-da-sapucai\/#article","isPartOf":{"@id":"https:\/\/www.notibras.com\/site\/viradouro-nada-de-bracada-sob-chuva-para-ficar-vez-na-elite-da-sapucai\/"},"author":{"name":"Reda\u00e7\u00e3o","@id":"https:\/\/www.notibras.com\/site\/#\/schema\/person\/36ab0979449956132d3e5b517ea76ac8"},"headline":"Viradouro nada sob a chuva forte para ficar de vez na elite","datePublished":"2015-02-16T01:22:51+00:00","dateModified":"2015-02-16T13:41:06+00:00","mainEntityOfPage":{"@id":"https:\/\/www.notibras.com\/site\/viradouro-nada-de-bracada-sob-chuva-para-ficar-vez-na-elite-da-sapucai\/"},"wordCount":435,"commentCount":0,"publisher":{"@id":"https:\/\/www.notibras.com\/site\/#organization"},"image":{"@id":"https:\/\/www.notibras.com\/site\/viradouro-nada-de-bracada-sob-chuva-para-ficar-vez-na-elite-da-sapucai\/#primaryimage"},"thumbnailUrl":"https:\/\/www.notibras.com\/site\/wp-content\/uploads\/2015\/02\/vi.jpeg","articleSection":["Brasil"],"inLanguage":"pt-BR","potentialAction":[{"@type":"CommentAction","name":"Comment","target":["https:\/\/www.notibras.com\/site\/viradouro-nada-de-bracada-sob-chuva-para-ficar-vez-na-elite-da-sapucai\/#respond"]}]},{"@type":"WebPage","@id":"https:\/\/www.notibras.com\/site\/viradouro-nada-de-bracada-sob-chuva-para-ficar-vez-na-elite-da-sapucai\/","url":"https:\/\/www.notibras.com\/site\/viradouro-nada-de-bracada-sob-chuva-para-ficar-vez-na-elite-da-sapucai\/","name":"Viradouro nada sob a chuva forte para ficar de vez na elite - Notibras","isPartOf":{"@id":"https:\/\/www.notibras.com\/site\/#website"},"primaryImageOfPage":{"@id":"https:\/\/www.notibras.com\/site\/viradouro-nada-de-bracada-sob-chuva-para-ficar-vez-na-elite-da-sapucai\/#primaryimage"},"image":{"@id":"https:\/\/www.notibras.com\/site\/viradouro-nada-de-bracada-sob-chuva-para-ficar-vez-na-elite-da-sapucai\/#primaryimage"},"thumbnailUrl":"https:\/\/www.notibras.com\/site\/wp-content\/uploads\/2015\/02\/vi.jpeg","datePublished":"2015-02-16T01:22:51+00:00","dateModified":"2015-02-16T13:41:06+00:00","breadcrumb":{"@id":"https:\/\/www.notibras.com\/site\/viradouro-nada-de-bracada-sob-chuva-para-ficar-vez-na-elite-da-sapucai\/#breadcrumb"},"inLanguage":"pt-BR","potentialAction":[{"@type":"ReadAction","target":["https:\/\/www.notibras.com\/site\/viradouro-nada-de-bracada-sob-chuva-para-ficar-vez-na-elite-da-sapucai\/"]}]},{"@type":"ImageObject","inLanguage":"pt-BR","@id":"https:\/\/www.notibras.com\/site\/viradouro-nada-de-bracada-sob-chuva-para-ficar-vez-na-elite-da-sapucai\/#primaryimage","url":"https:\/\/www.notibras.com\/site\/wp-content\/uploads\/2015\/02\/vi.jpeg","contentUrl":"https:\/\/www.notibras.com\/site\/wp-content\/uploads\/2015\/02\/vi.jpeg","width":254,"height":199},{"@type":"BreadcrumbList","@id":"https:\/\/www.notibras.com\/site\/viradouro-nada-de-bracada-sob-chuva-para-ficar-vez-na-elite-da-sapucai\/#breadcrumb","itemListElement":[{"@type":"ListItem","position":1,"name":"In\u00edcio","item":"https:\/\/www.notibras.com\/site\/"},{"@type":"ListItem","position":2,"name":"Viradouro nada sob a chuva forte para ficar de vez na elite"}]},{"@type":"WebSite","@id":"https:\/\/www.notibras.com\/site\/#website","url":"https:\/\/www.notibras.com\/site\/","name":"Notibras","description":"Not\u00edcias de Bras\u00edlia, do Brasil e do Mundo","publisher":{"@id":"https:\/\/www.notibras.com\/site\/#organization"},"potentialAction":[{"@type":"SearchAction","target":{"@type":"EntryPoint","urlTemplate":"https:\/\/www.notibras.com\/site\/?s={search_term_string}"},"query-input":{"@type":"PropertyValueSpecification","valueRequired":true,"valueName":"search_term_string"}}],"inLanguage":"pt-BR"},{"@type":"Organization","@id":"https:\/\/www.notibras.com\/site\/#organization","name":"Grupo Notibras de Comunica\u00e7\u00e3o","url":"https:\/\/www.notibras.com\/site\/","logo":{"@type":"ImageObject","inLanguage":"pt-BR","@id":"https:\/\/www.notibras.com\/site\/#\/schema\/logo\/image\/","url":"https:\/\/www.notibras.com\/site\/wp-content\/uploads\/2023\/01\/notibras23.png","contentUrl":"https:\/\/www.notibras.com\/site\/wp-content\/uploads\/2023\/01\/notibras23.png","width":350,"height":87,"caption":"Grupo Notibras de Comunica\u00e7\u00e3o"},"image":{"@id":"https:\/\/www.notibras.com\/site\/#\/schema\/logo\/image\/"},"sameAs":["https:\/\/www.facebook.com\/notibras\/","https:\/\/x.com\/Notibras","https:\/\/www.instagram.com\/notibras\/"]},{"@type":"Person","@id":"https:\/\/www.notibras.com\/site\/#\/schema\/person\/36ab0979449956132d3e5b517ea76ac8","name":"Reda\u00e7\u00e3o","image":{"@type":"ImageObject","inLanguage":"pt-BR","@id":"https:\/\/secure.gravatar.com\/avatar\/e0a867bdedb85fd243eadf09663511f96fc81e0720a4a42581f334ad4303aa6b?s=96&d=mm&r=g","url":"https:\/\/secure.gravatar.com\/avatar\/e0a867bdedb85fd243eadf09663511f96fc81e0720a4a42581f334ad4303aa6b?s=96&d=mm&r=g","contentUrl":"https:\/\/secure.gravatar.com\/avatar\/e0a867bdedb85fd243eadf09663511f96fc81e0720a4a42581f334ad4303aa6b?s=96&d=mm&r=g","caption":"Reda\u00e7\u00e3o"}}]}},"amp_enabled":true,"_links":{"self":[{"href":"https:\/\/www.notibras.com\/site\/wp-json\/wp\/v2\/posts\/37254","targetHints":{"allow":["GET"]}}],"collection":[{"href":"https:\/\/www.notibras.com\/site\/wp-json\/wp\/v2\/posts"}],"about":[{"href":"https:\/\/www.notibras.com\/site\/wp-json\/wp\/v2\/types\/post"}],"author":[{"embeddable":true,"href":"https:\/\/www.notibras.com\/site\/wp-json\/wp\/v2\/users\/2"}],"replies":[{"embeddable":true,"href":"https:\/\/www.notibras.com\/site\/wp-json\/wp\/v2\/comments?post=37254"}],"version-history":[{"count":0,"href":"https:\/\/www.notibras.com\/site\/wp-json\/wp\/v2\/posts\/37254\/revisions"}],"wp:featuredmedia":[{"embeddable":true,"href":"https:\/\/www.notibras.com\/site\/wp-json\/wp\/v2\/media\/37255"}],"wp:attachment":[{"href":"https:\/\/www.notibras.com\/site\/wp-json\/wp\/v2\/media?parent=37254"}],"wp:term":[{"taxonomy":"category","embeddable":true,"href":"https:\/\/www.notibras.com\/site\/wp-json\/wp\/v2\/categories?post=37254"},{"taxonomy":"post_tag","embeddable":true,"href":"https:\/\/www.notibras.com\/site\/wp-json\/wp\/v2\/tags?post=37254"}],"curies":[{"name":"wp","href":"https:\/\/api.w.org\/{rel}","templated":true}]}}