{"id":372571,"date":"2025-11-27T07:18:23","date_gmt":"2025-11-27T10:18:23","guid":{"rendered":"https:\/\/www.notibras.com\/site\/?p=372571"},"modified":"2025-11-27T07:18:23","modified_gmt":"2025-11-27T10:18:23","slug":"producao-de-apicultores-em-manguezais-gera-mel-com-sabor-e-aroma-unicos","status":"publish","type":"post","link":"https:\/\/www.notibras.com\/site\/producao-de-apicultores-em-manguezais-gera-mel-com-sabor-e-aroma-unicos\/","title":{"rendered":"Produ\u00e7\u00e3o de apicultores em manguezais gera mel com sabor e aroma \u00fanicos"},"content":{"rendered":"<p>Nos estu\u00e1rios salinos do litoral pernambucano, entre ra\u00edzes a\u00e9reas e canais que sobem e descem com a mar\u00e9, um grupo de apicultores encontrou no manguezal uma fonte de renda e um produto raro. Ali, onde florescem esp\u00e9cies como o mangue-vermelho (Rhizophora mangle), o mangue-branco (Laguncularia racemosa) e o mangue-preto (Avicennia schaueriana), abelhas africanizadas e nativas produzem um mel com caracter\u00edsticas sensoriais \u00fanicas \u2014 aroma intenso, notas salinas e uma colora\u00e7\u00e3o que varia do \u00e2mbar ao dourado escuro.<\/p>\n<p>A atividade come\u00e7ou h\u00e1 pouco mais de uma d\u00e9cada, impulsionada por projetos de capacita\u00e7\u00e3o ambiental e agricultura familiar. Hoje, a produ\u00e7\u00e3o j\u00e1 sustenta 50 fam\u00edlias distribu\u00eddas em comunidades como Itamarac\u00e1, Goiana e Igarassu. A renda vem tanto da venda direta do mel quanto do turismo de base comunit\u00e1ria: visitantes acompanham trilhas guiadas, conhecem o manejo sustent\u00e1vel e experimentam o mel rec\u00e9m-colhido.<\/p>\n<p>Segundo os apicultores, o segredo est\u00e1 justamente no ecossistema. Ao contr\u00e1rio das \u00e1reas de caatinga ou mata atl\u00e2ntica, onde o p\u00f3len \u00e9 mais seco, o manguezal oferece n\u00e9ctar concentrado em sais minerais e compostos org\u00e2nicos espec\u00edficos das plantas hal\u00f3fitas. \u201cO mel tem um toque de maresia, um sabor que lembra o ambiente de onde vem\u201d, explica Jos\u00e9 Alves, presidente de uma associa\u00e7\u00e3o local. Ele afirma ainda que a produtividade varia conforme o regime de mar\u00e9s e o per\u00edodo de flora\u00e7\u00e3o, que costuma se intensificar entre mar\u00e7o e agosto.<\/p>\n<p>A produ\u00e7\u00e3o segue protocolos r\u00edgidos de manejo sustent\u00e1vel. As colmeias s\u00e3o instaladas em plataformas elevadas, evitando impacto sobre a vegeta\u00e7\u00e3o e protegendo as caixas das inunda\u00e7\u00f5es. A coleta \u00e9 limitada para n\u00e3o comprometer o alimento das abelhas durante os meses de escassez, e parte do manguezal \u00e9 mantida como \u00e1rea de ref\u00fagio, onde a interven\u00e7\u00e3o humana \u00e9 m\u00ednima. Al\u00e9m disso, o grupo participa de a\u00e7\u00f5es de reflorestamento com mudas nativas, fortalecendo a biodiversidade e prevenindo eros\u00e3o costeira.<\/p>\n<p>O potencial econ\u00f4mico ainda est\u00e1 em expans\u00e3o. Amostras do mel de mangue v\u00eam sendo analisadas por universidades e institutos de pesquisa, com resultados promissores para certifica\u00e7\u00e3o de origem e valor agregado. A expectativa \u00e9 que, com o reconhecimento oficial, o produto conquiste mercados especializados e gere ainda mais renda para as comunidades. \u201cN\u00e3o buscamos s\u00f3 vender mel; queremos mostrar que o manguezal n\u00e3o \u00e9 apenas lama, \u00e9 vida\u201d, diz Maria de F\u00e1tima, apicultora h\u00e1 oito anos.<\/p>\n<p>Enquanto o avan\u00e7o urbano e a polui\u00e7\u00e3o amea\u00e7am \u00e1reas costeiras em todo o pa\u00eds, os apicultores de Pernambuco provam que conserva\u00e7\u00e3o e desenvolvimento podem caminhar juntos. Em cada frasco vendido, h\u00e1 a ess\u00eancia de um ecossistema e a hist\u00f3ria de fam\u00edlias que aprenderam a conviver com as mar\u00e9s \u2014 e a transform\u00e1-las em sustento.<\/p>\n","protected":false},"excerpt":{"rendered":"<p>Nos estu\u00e1rios salinos do litoral pernambucano, entre ra\u00edzes a\u00e9reas e canais que sobem e descem com a mar\u00e9, um grupo de apicultores encontrou no manguezal uma fonte de renda e um produto raro. Ali, onde florescem esp\u00e9cies como o mangue-vermelho (Rhizophora mangle), o mangue-branco (Laguncularia racemosa) e o mangue-preto (Avicennia schaueriana), abelhas africanizadas e nativas [&hellip;]<\/p>\n","protected":false},"author":2,"featured_media":372572,"comment_status":"closed","ping_status":"closed","sticky":false,"template":"","format":"standard","meta":{"_acf_changed":false,"footnotes":""},"categories":[165],"tags":[],"class_list":["post-372571","post","type-post","status-publish","format-standard","has-post-thumbnail","hentry","category-nordeste"],"acf":[],"_links":{"self":[{"href":"https:\/\/www.notibras.com\/site\/wp-json\/wp\/v2\/posts\/372571","targetHints":{"allow":["GET"]}}],"collection":[{"href":"https:\/\/www.notibras.com\/site\/wp-json\/wp\/v2\/posts"}],"about":[{"href":"https:\/\/www.notibras.com\/site\/wp-json\/wp\/v2\/types\/post"}],"author":[{"embeddable":true,"href":"https:\/\/www.notibras.com\/site\/wp-json\/wp\/v2\/users\/2"}],"replies":[{"embeddable":true,"href":"https:\/\/www.notibras.com\/site\/wp-json\/wp\/v2\/comments?post=372571"}],"version-history":[{"count":1,"href":"https:\/\/www.notibras.com\/site\/wp-json\/wp\/v2\/posts\/372571\/revisions"}],"predecessor-version":[{"id":372573,"href":"https:\/\/www.notibras.com\/site\/wp-json\/wp\/v2\/posts\/372571\/revisions\/372573"}],"wp:featuredmedia":[{"embeddable":true,"href":"https:\/\/www.notibras.com\/site\/wp-json\/wp\/v2\/media\/372572"}],"wp:attachment":[{"href":"https:\/\/www.notibras.com\/site\/wp-json\/wp\/v2\/media?parent=372571"}],"wp:term":[{"taxonomy":"category","embeddable":true,"href":"https:\/\/www.notibras.com\/site\/wp-json\/wp\/v2\/categories?post=372571"},{"taxonomy":"post_tag","embeddable":true,"href":"https:\/\/www.notibras.com\/site\/wp-json\/wp\/v2\/tags?post=372571"}],"curies":[{"name":"wp","href":"https:\/\/api.w.org\/{rel}","templated":true}]}}