{"id":372574,"date":"2025-11-27T07:00:46","date_gmt":"2025-11-27T10:00:46","guid":{"rendered":"https:\/\/www.notibras.com\/site\/?p=372574"},"modified":"2025-11-27T07:23:12","modified_gmt":"2025-11-27T10:23:12","slug":"campo-acelera-ritmo-e-e-reconhecido-em-toda-a-sua-diversidade","status":"publish","type":"post","link":"https:\/\/www.notibras.com\/site\/campo-acelera-ritmo-e-e-reconhecido-em-toda-a-sua-diversidade\/","title":{"rendered":"Campo acelera ritmo e \u00e9 reconhecido em toda a sua diversidade"},"content":{"rendered":"<p>No grande mapa que abra\u00e7a o Nordeste, cada peda\u00e7o de ch\u00e3o parece afinar sua pr\u00f3pria melodia. A zona da mata respira \u00famida, vestida de verde \u2014 um tapete vivo onde o vento dan\u00e7a com os canaviais como quem reconta hist\u00f3rias antigas. J\u00e1 o agreste, sempre ligeiro, \u00e9 um meio-termo que pulsa inquieto, feito quem vive equilibrando sonho e necessidade, colhendo o que a terra deixa e inventando o resto no improviso.<\/p>\n<p>Mais ao miolo, o semi\u00e1rido se estende com sua verdade sem maquiagem: sol que acorda cedo, ch\u00e3o \u00e1spero que n\u00e3o faz cerim\u00f4nia, e um povo que aprendeu a transformar a resist\u00eancia em rotina, quase como quem molda barro em vaso \u2014 com for\u00e7a nos dedos e ternura no olhar. Isso sem falar das capitais, onde o mar convoca multid\u00f5es e o concreto sobe apressado, enquanto sotaques, tambores e passos variados dividem as cal\u00e7adas em um vaiv\u00e9m de mundos que se cruzam.<\/p>\n<p>Aos poucos, o Nordeste vai se mostrando sem filtros, fugindo do retrato \u00fanico que por anos tentaram lhe vestir. N\u00e3o \u00e9 uma regi\u00e3o, \u00e9 um conjunto de universos: alguns ensolarados, outros desafiados, todos vivos. O estere\u00f3tipo se desfaz como poeira soprada pela janela, e no lugar surge a pluralidade \u2014 essa constela\u00e7\u00e3o de paisagens, culturas, lutas e brilhos diferentes.<\/p>\n<p>Reconhecer essa diversidade \u00e9, no fundo, como aprender a ouvir uma orquestra em vez de um solo: cada instrumento conta sua parte, mas \u00e9 o conjunto que revela a grandeza.<\/p>\n<p>Aqui, no Nordeste multifacetado, cada canto tem sua vida pr\u00f3pria \u2014 e todas elas merecem ser vistas, lembradas e celebradas.<\/p>\n","protected":false},"excerpt":{"rendered":"<p>No grande mapa que abra\u00e7a o Nordeste, cada peda\u00e7o de ch\u00e3o parece afinar sua pr\u00f3pria melodia. A zona da mata respira \u00famida, vestida de verde \u2014 um tapete vivo onde o vento dan\u00e7a com os canaviais como quem reconta hist\u00f3rias antigas. J\u00e1 o agreste, sempre ligeiro, \u00e9 um meio-termo que pulsa inquieto, feito quem vive [&hellip;]<\/p>\n","protected":false},"author":2,"featured_media":372575,"comment_status":"closed","ping_status":"closed","sticky":false,"template":"","format":"standard","meta":{"_acf_changed":false,"footnotes":""},"categories":[165],"tags":[],"class_list":["post-372574","post","type-post","status-publish","format-standard","has-post-thumbnail","hentry","category-nordeste"],"acf":[],"_links":{"self":[{"href":"https:\/\/www.notibras.com\/site\/wp-json\/wp\/v2\/posts\/372574","targetHints":{"allow":["GET"]}}],"collection":[{"href":"https:\/\/www.notibras.com\/site\/wp-json\/wp\/v2\/posts"}],"about":[{"href":"https:\/\/www.notibras.com\/site\/wp-json\/wp\/v2\/types\/post"}],"author":[{"embeddable":true,"href":"https:\/\/www.notibras.com\/site\/wp-json\/wp\/v2\/users\/2"}],"replies":[{"embeddable":true,"href":"https:\/\/www.notibras.com\/site\/wp-json\/wp\/v2\/comments?post=372574"}],"version-history":[{"count":1,"href":"https:\/\/www.notibras.com\/site\/wp-json\/wp\/v2\/posts\/372574\/revisions"}],"predecessor-version":[{"id":372576,"href":"https:\/\/www.notibras.com\/site\/wp-json\/wp\/v2\/posts\/372574\/revisions\/372576"}],"wp:featuredmedia":[{"embeddable":true,"href":"https:\/\/www.notibras.com\/site\/wp-json\/wp\/v2\/media\/372575"}],"wp:attachment":[{"href":"https:\/\/www.notibras.com\/site\/wp-json\/wp\/v2\/media?parent=372574"}],"wp:term":[{"taxonomy":"category","embeddable":true,"href":"https:\/\/www.notibras.com\/site\/wp-json\/wp\/v2\/categories?post=372574"},{"taxonomy":"post_tag","embeddable":true,"href":"https:\/\/www.notibras.com\/site\/wp-json\/wp\/v2\/tags?post=372574"}],"curies":[{"name":"wp","href":"https:\/\/api.w.org\/{rel}","templated":true}]}}