{"id":372577,"date":"2025-11-27T11:07:07","date_gmt":"2025-11-27T14:07:07","guid":{"rendered":"https:\/\/www.notibras.com\/site\/?p=372577"},"modified":"2025-11-27T12:11:37","modified_gmt":"2025-11-27T15:11:37","slug":"inflacao-do-aluguel-cai-011-no-primeiro-recuo-registrado-em-18-meses","status":"publish","type":"post","link":"https:\/\/www.notibras.com\/site\/inflacao-do-aluguel-cai-011-no-primeiro-recuo-registrado-em-18-meses\/","title":{"rendered":"Infla\u00e7\u00e3o do aluguel cai 0,11%, no primeiro recuo registrado em 18 meses"},"content":{"rendered":"<p>A chamada infla\u00e7\u00e3o do aluguel ficou negativa no acumulado de 12 meses pela primeira vez desde maio de 2024. O \u00cdndice Geral de Pre\u00e7os \u2013 Mercado (IGP-M) registra -0,11% no per\u00edodo de dezembro de 2024 a novembro de 2025.<\/p>\n<p>Os dados foram divulgados nesta quinta-feira (27) pela Funda\u00e7\u00e3o Getulio Vargas.<\/p>\n<p>O comportamento do IGP-M em 12 meses \u00e9 observado de forma atenta por inquilinos, sejam comerciais ou residenciais, porque o indicador costuma ser muito utilizado no c\u00e1lculo do reajuste anuais dos contratos de aluguel.<\/p>\n<p>Em maio de 2024, o acumulado era de -0,34%. Desde ent\u00e3o, todas as taxas estavam positivas, chegando a atingir 8,58% em mar\u00e7o de 2025.<\/p>\n<p><strong>Componentes<\/strong><br \/>\nA FGV leva em conta tr\u00eas componentes para apurar o IGP-M. O maior peso \u00e9 o \u00cdndice de Pre\u00e7os ao Produtor Amplo (IPA), que mede a infla\u00e7\u00e3o sentida pelos produtores e responde por 60% do IGP-M cheio.<\/p>\n<p>Outro componente \u00e9 o \u00cdndice de Pre\u00e7os ao Consumidor (IPC), que responde por 30% do indicador. O terceiro elemento \u00e9 o \u00cdndice Nacional de Custo da Constru\u00e7\u00e3o (INCC).<\/p>\n<p>O economista do Ibre Matheus Dias aponta que a defla\u00e7\u00e3o acumulada \u00e9 explicada pelos pre\u00e7os no atacado, que recuaram 2,06%.<\/p>\n<p>\u201cEm boa parte de 2025 prevaleceram quedas expressivas de pre\u00e7os, tanto de produtos industriais quanto agropecu\u00e1rios.\u201d<\/p>\n<p>O IPC avan\u00e7ou 3,95%; e o INCC, 6,41%.<\/p>\n<p><strong>M\u00eas atual<\/strong><br \/>\nEspecificamente no m\u00eas de novembro, o IGP-M marcou 0,27%, invertendo o resultado de queda de outubro (-0,36%).<\/p>\n<p>Mesmo com a alta no m\u00eas, o acumulado de um ano passou de infla\u00e7\u00e3o (em outubro somava 0,92%) para defla\u00e7\u00e3o. Isso se explica porque saiu da conta o dado de novembro de 2024, quando a infla\u00e7\u00e3o do aluguel tinha subido 1,30%.<\/p>\n<p><strong>Queda no aluguel<\/strong><br \/>\nApesar de ser conhecido como a infla\u00e7\u00e3o do aluguel, o IGP-M negativo n\u00e3o \u00e9 certeza de que os alugu\u00e9is ser\u00e3o reajustados para baixo. Isso acontece porque alguns contratos incluem a express\u00e3o \u201creajuste conforme varia\u00e7\u00e3o positiva do IGP-M\u201d, o que faz, na pr\u00e1tica, que s\u00f3 haja reajuste se o \u00edndice for positivo.<\/p>\n<p>O indexador tamb\u00e9m \u00e9 utilizado para reajustar algumas tarifas p\u00fablicas e servi\u00e7os essenciais.<\/p>\n<p>A FGV faz a coleta de pre\u00e7os em Belo Horizonte, Bras\u00edlia, Porto Alegre, Recife, Rio de Janeiro, S\u00e3o Paulo e Salvador. O per\u00edodo de levantamento do IGP-M foi 21 de outubro a 20 de novembro.<\/p>\n","protected":false},"excerpt":{"rendered":"<p>A chamada infla\u00e7\u00e3o do aluguel ficou negativa no acumulado de 12 meses pela primeira vez desde maio de 2024. O \u00cdndice Geral de Pre\u00e7os \u2013 Mercado (IGP-M) registra -0,11% no per\u00edodo de dezembro de 2024 a novembro de 2025. Os dados foram divulgados nesta quinta-feira (27) pela Funda\u00e7\u00e3o Getulio Vargas. O comportamento do IGP-M em [&hellip;]<\/p>\n","protected":false},"author":2,"featured_media":132829,"comment_status":"closed","ping_status":"closed","sticky":false,"template":"","format":"standard","meta":{"_acf_changed":false,"footnotes":""},"categories":[161],"tags":[95],"class_list":["post-372577","post","type-post","status-publish","format-standard","has-post-thumbnail","hentry","category-quadradinho-em-foco","tag-capa"],"acf":[],"yoast_head":"<!-- This site is optimized with the Yoast SEO plugin v27.5 - https:\/\/yoast.com\/product\/yoast-seo-wordpress\/ -->\n<title>Infla\u00e7\u00e3o do aluguel cai 0,11%, no primeiro recuo registrado em 18 meses - Notibras<\/title>\n<meta name=\"robots\" content=\"index, follow, max-snippet:-1, max-image-preview:large, max-video-preview:-1\" \/>\n<link rel=\"canonical\" href=\"https:\/\/www.notibras.com\/site\/inflacao-do-aluguel-cai-011-no-primeiro-recuo-registrado-em-18-meses\/\" \/>\n<meta property=\"og:locale\" content=\"pt_BR\" \/>\n<meta property=\"og:type\" content=\"article\" \/>\n<meta property=\"og:title\" content=\"Infla\u00e7\u00e3o do aluguel cai 0,11%, no primeiro recuo registrado em 18 meses - Notibras\" \/>\n<meta property=\"og:description\" content=\"A chamada infla\u00e7\u00e3o do aluguel ficou negativa no acumulado de 12 meses pela primeira vez desde maio de 2024. O \u00cdndice Geral de Pre\u00e7os \u2013 Mercado (IGP-M) registra -0,11% no per\u00edodo de dezembro de 2024 a novembro de 2025. Os dados foram divulgados nesta quinta-feira (27) pela Funda\u00e7\u00e3o Getulio Vargas. O comportamento do IGP-M em [&hellip;]\" \/>\n<meta property=\"og:url\" content=\"https:\/\/www.notibras.com\/site\/inflacao-do-aluguel-cai-011-no-primeiro-recuo-registrado-em-18-meses\/\" \/>\n<meta property=\"og:site_name\" content=\"Notibras\" \/>\n<meta property=\"article:publisher\" content=\"https:\/\/www.facebook.com\/notibras\/\" \/>\n<meta property=\"article:published_time\" content=\"2025-11-27T14:07:07+00:00\" \/>\n<meta property=\"article:modified_time\" content=\"2025-11-27T15:11:37+00:00\" \/>\n<meta property=\"og:image\" content=\"https:\/\/www.notibras.com\/site\/wp-content\/uploads\/2017\/03\/\u00c1guas-Claras-1.jpg\" \/>\n\t<meta property=\"og:image:width\" content=\"1600\" \/>\n\t<meta property=\"og:image:height\" content=\"1064\" \/>\n\t<meta property=\"og:image:type\" content=\"image\/jpeg\" \/>\n<meta name=\"author\" content=\"Reda\u00e7\u00e3o\" \/>\n<meta name=\"twitter:card\" content=\"summary_large_image\" \/>\n<meta name=\"twitter:creator\" content=\"@Notibras\" \/>\n<meta name=\"twitter:site\" content=\"@Notibras\" \/>\n<meta name=\"twitter:label1\" content=\"Escrito por\" \/>\n\t<meta name=\"twitter:data1\" content=\"Reda\u00e7\u00e3o\" \/>\n\t<meta name=\"twitter:label2\" content=\"Est. tempo de leitura\" \/>\n\t<meta name=\"twitter:data2\" content=\"3 minutos\" \/>\n<script type=\"application\/ld+json\" class=\"yoast-schema-graph\">{\"@context\":\"https:\\\/\\\/schema.org\",\"@graph\":[{\"@type\":\"Article\",\"@id\":\"https:\\\/\\\/www.notibras.com\\\/site\\\/inflacao-do-aluguel-cai-011-no-primeiro-recuo-registrado-em-18-meses\\\/#article\",\"isPartOf\":{\"@id\":\"https:\\\/\\\/www.notibras.com\\\/site\\\/inflacao-do-aluguel-cai-011-no-primeiro-recuo-registrado-em-18-meses\\\/\"},\"author\":{\"name\":\"Reda\u00e7\u00e3o\",\"@id\":\"https:\\\/\\\/www.notibras.com\\\/site\\\/#\\\/schema\\\/person\\\/36ab0979449956132d3e5b517ea76ac8\"},\"headline\":\"Infla\u00e7\u00e3o do aluguel cai 0,11%, no primeiro recuo registrado em 18 meses\",\"datePublished\":\"2025-11-27T14:07:07+00:00\",\"dateModified\":\"2025-11-27T15:11:37+00:00\",\"mainEntityOfPage\":{\"@id\":\"https:\\\/\\\/www.notibras.com\\\/site\\\/inflacao-do-aluguel-cai-011-no-primeiro-recuo-registrado-em-18-meses\\\/\"},\"wordCount\":399,\"publisher\":{\"@id\":\"https:\\\/\\\/www.notibras.com\\\/site\\\/#organization\"},\"image\":{\"@id\":\"https:\\\/\\\/www.notibras.com\\\/site\\\/inflacao-do-aluguel-cai-011-no-primeiro-recuo-registrado-em-18-meses\\\/#primaryimage\"},\"thumbnailUrl\":\"https:\\\/\\\/www.notibras.com\\\/site\\\/wp-content\\\/uploads\\\/2017\\\/03\\\/\u00c1guas-Claras-1.jpg\",\"keywords\":[\"capa\"],\"articleSection\":[\"Quadradinho em Foco\"],\"inLanguage\":\"pt-BR\"},{\"@type\":\"WebPage\",\"@id\":\"https:\\\/\\\/www.notibras.com\\\/site\\\/inflacao-do-aluguel-cai-011-no-primeiro-recuo-registrado-em-18-meses\\\/\",\"url\":\"https:\\\/\\\/www.notibras.com\\\/site\\\/inflacao-do-aluguel-cai-011-no-primeiro-recuo-registrado-em-18-meses\\\/\",\"name\":\"Infla\u00e7\u00e3o do aluguel cai 0,11%, no primeiro recuo registrado em 18 meses - Notibras\",\"isPartOf\":{\"@id\":\"https:\\\/\\\/www.notibras.com\\\/site\\\/#website\"},\"primaryImageOfPage\":{\"@id\":\"https:\\\/\\\/www.notibras.com\\\/site\\\/inflacao-do-aluguel-cai-011-no-primeiro-recuo-registrado-em-18-meses\\\/#primaryimage\"},\"image\":{\"@id\":\"https:\\\/\\\/www.notibras.com\\\/site\\\/inflacao-do-aluguel-cai-011-no-primeiro-recuo-registrado-em-18-meses\\\/#primaryimage\"},\"thumbnailUrl\":\"https:\\\/\\\/www.notibras.com\\\/site\\\/wp-content\\\/uploads\\\/2017\\\/03\\\/\u00c1guas-Claras-1.jpg\",\"datePublished\":\"2025-11-27T14:07:07+00:00\",\"dateModified\":\"2025-11-27T15:11:37+00:00\",\"breadcrumb\":{\"@id\":\"https:\\\/\\\/www.notibras.com\\\/site\\\/inflacao-do-aluguel-cai-011-no-primeiro-recuo-registrado-em-18-meses\\\/#breadcrumb\"},\"inLanguage\":\"pt-BR\",\"potentialAction\":[{\"@type\":\"ReadAction\",\"target\":[\"https:\\\/\\\/www.notibras.com\\\/site\\\/inflacao-do-aluguel-cai-011-no-primeiro-recuo-registrado-em-18-meses\\\/\"]}]},{\"@type\":\"ImageObject\",\"inLanguage\":\"pt-BR\",\"@id\":\"https:\\\/\\\/www.notibras.com\\\/site\\\/inflacao-do-aluguel-cai-011-no-primeiro-recuo-registrado-em-18-meses\\\/#primaryimage\",\"url\":\"https:\\\/\\\/www.notibras.com\\\/site\\\/wp-content\\\/uploads\\\/2017\\\/03\\\/\u00c1guas-Claras-1.jpg\",\"contentUrl\":\"https:\\\/\\\/www.notibras.com\\\/site\\\/wp-content\\\/uploads\\\/2017\\\/03\\\/\u00c1guas-Claras-1.jpg\",\"width\":1600,\"height\":1064},{\"@type\":\"BreadcrumbList\",\"@id\":\"https:\\\/\\\/www.notibras.com\\\/site\\\/inflacao-do-aluguel-cai-011-no-primeiro-recuo-registrado-em-18-meses\\\/#breadcrumb\",\"itemListElement\":[{\"@type\":\"ListItem\",\"position\":1,\"name\":\"In\u00edcio\",\"item\":\"https:\\\/\\\/www.notibras.com\\\/site\\\/\"},{\"@type\":\"ListItem\",\"position\":2,\"name\":\"Infla\u00e7\u00e3o do aluguel cai 0,11%, no primeiro recuo registrado em 18 meses\"}]},{\"@type\":\"WebSite\",\"@id\":\"https:\\\/\\\/www.notibras.com\\\/site\\\/#website\",\"url\":\"https:\\\/\\\/www.notibras.com\\\/site\\\/\",\"name\":\"Notibras\",\"description\":\"Not\u00edcias de Bras\u00edlia, do Brasil e do Mundo\",\"publisher\":{\"@id\":\"https:\\\/\\\/www.notibras.com\\\/site\\\/#organization\"},\"potentialAction\":[{\"@type\":\"SearchAction\",\"target\":{\"@type\":\"EntryPoint\",\"urlTemplate\":\"https:\\\/\\\/www.notibras.com\\\/site\\\/?s={search_term_string}\"},\"query-input\":{\"@type\":\"PropertyValueSpecification\",\"valueRequired\":true,\"valueName\":\"search_term_string\"}}],\"inLanguage\":\"pt-BR\"},{\"@type\":\"Organization\",\"@id\":\"https:\\\/\\\/www.notibras.com\\\/site\\\/#organization\",\"name\":\"Grupo Notibras de Comunica\u00e7\u00e3o\",\"url\":\"https:\\\/\\\/www.notibras.com\\\/site\\\/\",\"logo\":{\"@type\":\"ImageObject\",\"inLanguage\":\"pt-BR\",\"@id\":\"https:\\\/\\\/www.notibras.com\\\/site\\\/#\\\/schema\\\/logo\\\/image\\\/\",\"url\":\"https:\\\/\\\/www.notibras.com\\\/site\\\/wp-content\\\/uploads\\\/2023\\\/01\\\/notibras23.png\",\"contentUrl\":\"https:\\\/\\\/www.notibras.com\\\/site\\\/wp-content\\\/uploads\\\/2023\\\/01\\\/notibras23.png\",\"width\":350,\"height\":87,\"caption\":\"Grupo Notibras de Comunica\u00e7\u00e3o\"},\"image\":{\"@id\":\"https:\\\/\\\/www.notibras.com\\\/site\\\/#\\\/schema\\\/logo\\\/image\\\/\"},\"sameAs\":[\"https:\\\/\\\/www.facebook.com\\\/notibras\\\/\",\"https:\\\/\\\/x.com\\\/Notibras\",\"https:\\\/\\\/www.instagram.com\\\/notibras\\\/\"]},{\"@type\":\"Person\",\"@id\":\"https:\\\/\\\/www.notibras.com\\\/site\\\/#\\\/schema\\\/person\\\/36ab0979449956132d3e5b517ea76ac8\",\"name\":\"Reda\u00e7\u00e3o\",\"image\":{\"@type\":\"ImageObject\",\"inLanguage\":\"pt-BR\",\"@id\":\"https:\\\/\\\/secure.gravatar.com\\\/avatar\\\/e0a867bdedb85fd243eadf09663511f96fc81e0720a4a42581f334ad4303aa6b?s=96&d=mm&r=g\",\"url\":\"https:\\\/\\\/secure.gravatar.com\\\/avatar\\\/e0a867bdedb85fd243eadf09663511f96fc81e0720a4a42581f334ad4303aa6b?s=96&d=mm&r=g\",\"contentUrl\":\"https:\\\/\\\/secure.gravatar.com\\\/avatar\\\/e0a867bdedb85fd243eadf09663511f96fc81e0720a4a42581f334ad4303aa6b?s=96&d=mm&r=g\",\"caption\":\"Reda\u00e7\u00e3o\"}}]}<\/script>\n<!-- \/ Yoast SEO plugin. -->","yoast_head_json":{"title":"Infla\u00e7\u00e3o do aluguel cai 0,11%, no primeiro recuo registrado em 18 meses - Notibras","robots":{"index":"index","follow":"follow","max-snippet":"max-snippet:-1","max-image-preview":"max-image-preview:large","max-video-preview":"max-video-preview:-1"},"canonical":"https:\/\/www.notibras.com\/site\/inflacao-do-aluguel-cai-011-no-primeiro-recuo-registrado-em-18-meses\/","og_locale":"pt_BR","og_type":"article","og_title":"Infla\u00e7\u00e3o do aluguel cai 0,11%, no primeiro recuo registrado em 18 meses - Notibras","og_description":"A chamada infla\u00e7\u00e3o do aluguel ficou negativa no acumulado de 12 meses pela primeira vez desde maio de 2024. O \u00cdndice Geral de Pre\u00e7os \u2013 Mercado (IGP-M) registra -0,11% no per\u00edodo de dezembro de 2024 a novembro de 2025. Os dados foram divulgados nesta quinta-feira (27) pela Funda\u00e7\u00e3o Getulio Vargas. O comportamento do IGP-M em [&hellip;]","og_url":"https:\/\/www.notibras.com\/site\/inflacao-do-aluguel-cai-011-no-primeiro-recuo-registrado-em-18-meses\/","og_site_name":"Notibras","article_publisher":"https:\/\/www.facebook.com\/notibras\/","article_published_time":"2025-11-27T14:07:07+00:00","article_modified_time":"2025-11-27T15:11:37+00:00","og_image":[{"width":1600,"height":1064,"url":"https:\/\/www.notibras.com\/site\/wp-content\/uploads\/2017\/03\/\u00c1guas-Claras-1.jpg","type":"image\/jpeg"}],"author":"Reda\u00e7\u00e3o","twitter_card":"summary_large_image","twitter_creator":"@Notibras","twitter_site":"@Notibras","twitter_misc":{"Escrito por":"Reda\u00e7\u00e3o","Est. tempo de leitura":"3 minutos"},"schema":{"@context":"https:\/\/schema.org","@graph":[{"@type":"Article","@id":"https:\/\/www.notibras.com\/site\/inflacao-do-aluguel-cai-011-no-primeiro-recuo-registrado-em-18-meses\/#article","isPartOf":{"@id":"https:\/\/www.notibras.com\/site\/inflacao-do-aluguel-cai-011-no-primeiro-recuo-registrado-em-18-meses\/"},"author":{"name":"Reda\u00e7\u00e3o","@id":"https:\/\/www.notibras.com\/site\/#\/schema\/person\/36ab0979449956132d3e5b517ea76ac8"},"headline":"Infla\u00e7\u00e3o do aluguel cai 0,11%, no primeiro recuo registrado em 18 meses","datePublished":"2025-11-27T14:07:07+00:00","dateModified":"2025-11-27T15:11:37+00:00","mainEntityOfPage":{"@id":"https:\/\/www.notibras.com\/site\/inflacao-do-aluguel-cai-011-no-primeiro-recuo-registrado-em-18-meses\/"},"wordCount":399,"publisher":{"@id":"https:\/\/www.notibras.com\/site\/#organization"},"image":{"@id":"https:\/\/www.notibras.com\/site\/inflacao-do-aluguel-cai-011-no-primeiro-recuo-registrado-em-18-meses\/#primaryimage"},"thumbnailUrl":"https:\/\/www.notibras.com\/site\/wp-content\/uploads\/2017\/03\/\u00c1guas-Claras-1.jpg","keywords":["capa"],"articleSection":["Quadradinho em Foco"],"inLanguage":"pt-BR"},{"@type":"WebPage","@id":"https:\/\/www.notibras.com\/site\/inflacao-do-aluguel-cai-011-no-primeiro-recuo-registrado-em-18-meses\/","url":"https:\/\/www.notibras.com\/site\/inflacao-do-aluguel-cai-011-no-primeiro-recuo-registrado-em-18-meses\/","name":"Infla\u00e7\u00e3o do aluguel cai 0,11%, no primeiro recuo registrado em 18 meses - Notibras","isPartOf":{"@id":"https:\/\/www.notibras.com\/site\/#website"},"primaryImageOfPage":{"@id":"https:\/\/www.notibras.com\/site\/inflacao-do-aluguel-cai-011-no-primeiro-recuo-registrado-em-18-meses\/#primaryimage"},"image":{"@id":"https:\/\/www.notibras.com\/site\/inflacao-do-aluguel-cai-011-no-primeiro-recuo-registrado-em-18-meses\/#primaryimage"},"thumbnailUrl":"https:\/\/www.notibras.com\/site\/wp-content\/uploads\/2017\/03\/\u00c1guas-Claras-1.jpg","datePublished":"2025-11-27T14:07:07+00:00","dateModified":"2025-11-27T15:11:37+00:00","breadcrumb":{"@id":"https:\/\/www.notibras.com\/site\/inflacao-do-aluguel-cai-011-no-primeiro-recuo-registrado-em-18-meses\/#breadcrumb"},"inLanguage":"pt-BR","potentialAction":[{"@type":"ReadAction","target":["https:\/\/www.notibras.com\/site\/inflacao-do-aluguel-cai-011-no-primeiro-recuo-registrado-em-18-meses\/"]}]},{"@type":"ImageObject","inLanguage":"pt-BR","@id":"https:\/\/www.notibras.com\/site\/inflacao-do-aluguel-cai-011-no-primeiro-recuo-registrado-em-18-meses\/#primaryimage","url":"https:\/\/www.notibras.com\/site\/wp-content\/uploads\/2017\/03\/\u00c1guas-Claras-1.jpg","contentUrl":"https:\/\/www.notibras.com\/site\/wp-content\/uploads\/2017\/03\/\u00c1guas-Claras-1.jpg","width":1600,"height":1064},{"@type":"BreadcrumbList","@id":"https:\/\/www.notibras.com\/site\/inflacao-do-aluguel-cai-011-no-primeiro-recuo-registrado-em-18-meses\/#breadcrumb","itemListElement":[{"@type":"ListItem","position":1,"name":"In\u00edcio","item":"https:\/\/www.notibras.com\/site\/"},{"@type":"ListItem","position":2,"name":"Infla\u00e7\u00e3o do aluguel cai 0,11%, no primeiro recuo registrado em 18 meses"}]},{"@type":"WebSite","@id":"https:\/\/www.notibras.com\/site\/#website","url":"https:\/\/www.notibras.com\/site\/","name":"Notibras","description":"Not\u00edcias de Bras\u00edlia, do Brasil e do Mundo","publisher":{"@id":"https:\/\/www.notibras.com\/site\/#organization"},"potentialAction":[{"@type":"SearchAction","target":{"@type":"EntryPoint","urlTemplate":"https:\/\/www.notibras.com\/site\/?s={search_term_string}"},"query-input":{"@type":"PropertyValueSpecification","valueRequired":true,"valueName":"search_term_string"}}],"inLanguage":"pt-BR"},{"@type":"Organization","@id":"https:\/\/www.notibras.com\/site\/#organization","name":"Grupo Notibras de Comunica\u00e7\u00e3o","url":"https:\/\/www.notibras.com\/site\/","logo":{"@type":"ImageObject","inLanguage":"pt-BR","@id":"https:\/\/www.notibras.com\/site\/#\/schema\/logo\/image\/","url":"https:\/\/www.notibras.com\/site\/wp-content\/uploads\/2023\/01\/notibras23.png","contentUrl":"https:\/\/www.notibras.com\/site\/wp-content\/uploads\/2023\/01\/notibras23.png","width":350,"height":87,"caption":"Grupo Notibras de Comunica\u00e7\u00e3o"},"image":{"@id":"https:\/\/www.notibras.com\/site\/#\/schema\/logo\/image\/"},"sameAs":["https:\/\/www.facebook.com\/notibras\/","https:\/\/x.com\/Notibras","https:\/\/www.instagram.com\/notibras\/"]},{"@type":"Person","@id":"https:\/\/www.notibras.com\/site\/#\/schema\/person\/36ab0979449956132d3e5b517ea76ac8","name":"Reda\u00e7\u00e3o","image":{"@type":"ImageObject","inLanguage":"pt-BR","@id":"https:\/\/secure.gravatar.com\/avatar\/e0a867bdedb85fd243eadf09663511f96fc81e0720a4a42581f334ad4303aa6b?s=96&d=mm&r=g","url":"https:\/\/secure.gravatar.com\/avatar\/e0a867bdedb85fd243eadf09663511f96fc81e0720a4a42581f334ad4303aa6b?s=96&d=mm&r=g","contentUrl":"https:\/\/secure.gravatar.com\/avatar\/e0a867bdedb85fd243eadf09663511f96fc81e0720a4a42581f334ad4303aa6b?s=96&d=mm&r=g","caption":"Reda\u00e7\u00e3o"}}]}},"amp_enabled":true,"_links":{"self":[{"href":"https:\/\/www.notibras.com\/site\/wp-json\/wp\/v2\/posts\/372577","targetHints":{"allow":["GET"]}}],"collection":[{"href":"https:\/\/www.notibras.com\/site\/wp-json\/wp\/v2\/posts"}],"about":[{"href":"https:\/\/www.notibras.com\/site\/wp-json\/wp\/v2\/types\/post"}],"author":[{"embeddable":true,"href":"https:\/\/www.notibras.com\/site\/wp-json\/wp\/v2\/users\/2"}],"replies":[{"embeddable":true,"href":"https:\/\/www.notibras.com\/site\/wp-json\/wp\/v2\/comments?post=372577"}],"version-history":[{"count":3,"href":"https:\/\/www.notibras.com\/site\/wp-json\/wp\/v2\/posts\/372577\/revisions"}],"predecessor-version":[{"id":372580,"href":"https:\/\/www.notibras.com\/site\/wp-json\/wp\/v2\/posts\/372577\/revisions\/372580"}],"wp:featuredmedia":[{"embeddable":true,"href":"https:\/\/www.notibras.com\/site\/wp-json\/wp\/v2\/media\/132829"}],"wp:attachment":[{"href":"https:\/\/www.notibras.com\/site\/wp-json\/wp\/v2\/media?parent=372577"}],"wp:term":[{"taxonomy":"category","embeddable":true,"href":"https:\/\/www.notibras.com\/site\/wp-json\/wp\/v2\/categories?post=372577"},{"taxonomy":"post_tag","embeddable":true,"href":"https:\/\/www.notibras.com\/site\/wp-json\/wp\/v2\/tags?post=372577"}],"curies":[{"name":"wp","href":"https:\/\/api.w.org\/{rel}","templated":true}]}}