{"id":372616,"date":"2025-11-28T00:15:05","date_gmt":"2025-11-28T03:15:05","guid":{"rendered":"https:\/\/www.notibras.com\/site\/?p=372616"},"modified":"2025-11-27T21:52:30","modified_gmt":"2025-11-28T00:52:30","slug":"datas-do-pagamento-do-ipva-2026","status":"publish","type":"post","link":"https:\/\/www.notibras.com\/site\/datas-do-pagamento-do-ipva-2026\/","title":{"rendered":"Datas do pagamento do IPVA 2026"},"content":{"rendered":"<p>A Secretaria de Economia do Distrito Federal (Seec-DF) definiu as datas de vencimento das parcelas do Imposto sobre a Propriedade de Ve\u00edculos Automotores (IPVA) para o exerc\u00edcio de 2026. Por meio da Portaria N\u00ba 923, publicada no Di\u00e1rio Oficial do Distrito Federal (DODF), foi estabelecida a semana de 23 a 27 de fevereiro para o pagamento da primeira parcela ou da parcela \u00fanica, dependendo do d\u00edgito final da placa do ve\u00edculo. As que t\u00eam final com 1 ou 2 pagam no dia 23 e assim sucessivamente.<\/p>\n<p>A impress\u00e3o do boleto para pagamento j\u00e1 estar\u00e1 dispon\u00edvel em 1\u00ba de janeiro. O pagamento pode ser dividido em at\u00e9 seis parcelas iguais e sucessivas. \u201cO valor de cada uma, por\u00e9m, n\u00e3o pode ser inferior a R$ 50. E quando o valor do IPVA for inferior a R$ 100, o pagamento dever\u00e1 ser feito em cota \u00fanica\u201d, esclarece Fabr\u00edcio Bernardes, gerente do IPVA na Secretaria de Economia. Quem pagar \u00e0 vista ter\u00e1 desconto de 10%.<\/p>\n<p>O GDF n\u00e3o mudou as al\u00edquotas: 1% para ve\u00edculos de carga com lota\u00e7\u00e3o acima de 2.000 kg, caminh\u00f5es-tratores, micro-\u00f4nibus, \u00f4nibus e tratores de esteira, de rodas ou mistos; 2% para ciclomotores, motocicletas, motonetas, quadriciclos e triciclos; e 3% para autom\u00f3veis, caminhonetes e utilit\u00e1rios.<\/p>\n<p>A varia\u00e7\u00e3o de valores dos ve\u00edculos se d\u00e1, portanto, em decorr\u00eancia do mercado, por conta do ano e da marca do modelo, por exemplo.<\/p>\n<p>O contribuinte pode apresentar reclama\u00e7\u00e3o contra o lan\u00e7amento, no prazo de 30 dias \u00fateis, contados da publica\u00e7\u00e3o do Edital de Lan\u00e7amento, diretamente no Portal de Servi\u00e7os da Receita do Distrito Federal pelo seguinte caminho de acesso: Atendimento virtual; tipo de pessoa, assunto: IPVA; tipo de atendimento: efetuar reclama\u00e7\u00e3o contra o lan\u00e7amento de IPVA.<\/p>\n","protected":false},"excerpt":{"rendered":"<p>A Secretaria de Economia do Distrito Federal (Seec-DF) definiu as datas de vencimento das parcelas do Imposto sobre a Propriedade de Ve\u00edculos Automotores (IPVA) para o exerc\u00edcio de 2026. Por meio da Portaria N\u00ba 923, publicada no Di\u00e1rio Oficial do Distrito Federal (DODF), foi estabelecida a semana de 23 a 27 de fevereiro para o [&hellip;]<\/p>\n","protected":false},"author":21,"featured_media":372619,"comment_status":"closed","ping_status":"closed","sticky":false,"template":"","format":"standard","meta":{"_acf_changed":false,"footnotes":""},"categories":[161],"tags":[],"class_list":["post-372616","post","type-post","status-publish","format-standard","has-post-thumbnail","hentry","category-quadradinho-em-foco"],"acf":[],"_links":{"self":[{"href":"https:\/\/www.notibras.com\/site\/wp-json\/wp\/v2\/posts\/372616","targetHints":{"allow":["GET"]}}],"collection":[{"href":"https:\/\/www.notibras.com\/site\/wp-json\/wp\/v2\/posts"}],"about":[{"href":"https:\/\/www.notibras.com\/site\/wp-json\/wp\/v2\/types\/post"}],"author":[{"embeddable":true,"href":"https:\/\/www.notibras.com\/site\/wp-json\/wp\/v2\/users\/21"}],"replies":[{"embeddable":true,"href":"https:\/\/www.notibras.com\/site\/wp-json\/wp\/v2\/comments?post=372616"}],"version-history":[{"count":4,"href":"https:\/\/www.notibras.com\/site\/wp-json\/wp\/v2\/posts\/372616\/revisions"}],"predecessor-version":[{"id":372621,"href":"https:\/\/www.notibras.com\/site\/wp-json\/wp\/v2\/posts\/372616\/revisions\/372621"}],"wp:featuredmedia":[{"embeddable":true,"href":"https:\/\/www.notibras.com\/site\/wp-json\/wp\/v2\/media\/372619"}],"wp:attachment":[{"href":"https:\/\/www.notibras.com\/site\/wp-json\/wp\/v2\/media?parent=372616"}],"wp:term":[{"taxonomy":"category","embeddable":true,"href":"https:\/\/www.notibras.com\/site\/wp-json\/wp\/v2\/categories?post=372616"},{"taxonomy":"post_tag","embeddable":true,"href":"https:\/\/www.notibras.com\/site\/wp-json\/wp\/v2\/tags?post=372616"}],"curies":[{"name":"wp","href":"https:\/\/api.w.org\/{rel}","templated":true}]}}