{"id":372622,"date":"2025-11-28T00:07:20","date_gmt":"2025-11-28T03:07:20","guid":{"rendered":"https:\/\/www.notibras.com\/site\/?p=372622"},"modified":"2025-11-28T05:08:17","modified_gmt":"2025-11-28T08:08:17","slug":"russia-usara-missil-do-juizo-final-em-retaliacao-a-teste-nuclear-de-trump","status":"publish","type":"post","link":"https:\/\/www.notibras.com\/site\/russia-usara-missil-do-juizo-final-em-retaliacao-a-teste-nuclear-de-trump\/","title":{"rendered":"R\u00fassia usar\u00e1 m\u00edssil do ju\u00edzo final em retalia\u00e7\u00e3o a teste nuclear de Trump"},"content":{"rendered":"<p>Aviso de Vladimir Putin ao Ocidente: se Donaldo Trump, rompendo um velho acordo de n\u00e3o prolifera\u00e7\u00e3o de armas nucleares, iniciar uma s\u00e9rie de testes com novas bombas, o Kremlin n\u00e3o pensar\u00e1 duas vezes em testar seu m\u00edssil do &#8216;ju\u00edzo final&#8217;.\u00a0 &#8220;Moscou n\u00e3o ficar\u00e1 de bra\u00e7os cruzados&#8217;, anunciou o l\u00edder russo em pronunciamento na quinta-feira, 27.<\/p>\n<p>&#8220;Preparar-se para testes reais de armas nucleares leva tempo, e certamente n\u00e3o podemos nos encontrar em uma situa\u00e7\u00e3o em que os Estados Unidos fa\u00e7am um teste e n\u00f3s fiquemos nos preparando para isso por mais um ano e meio. \u00c9 claro que j\u00e1 precisamos pensar nisso,; n\u00e3o daremos o primeiro passo, mas precisamos estar preparados para qualquer eventualidade&#8221;, enfatizou o dono do maior arsenal nuclear do mundo.<\/p>\n<p>Putin, que tem ao seu dispor mais de 6 mil m\u00edsseis bal\u00edsticos, contra um arsenal de 5 mil de Donald Trump, foi enf\u00e1tico: &#8220;Garanto a voc\u00eas, cidad\u00e3o da Federa\u00e7\u00e3o Russa, que estaremos prontos&#8221;, disse Putin a rep\u00f3rteres ap\u00f3s uma visita ao Quirguist\u00e3o. Ele lembrou que o tema est\u00e1 na pauta de uma pr\u00f3xima reuni\u00e3o bilateral com seu hom\u00f3logo norte-americano, prevista para acontecer em meados de dezembro.<br \/>\n.<br \/>\nH\u00e1 pouco menos de um m\u00eas, Donald Trump, afirmou ter instru\u00eddo o Departamento de Guerra a retomar imediatamente os testes nucleares. Ele especificou, ent\u00e3o, que sua ordem se devia ao fato de &#8220;outros pa\u00edses estarem realizando testes&#8221; e que era &#8220;apropriado&#8221; que os EUA mantivessem o mesmo n\u00edvel de atividade.<\/p>\n<p>Na vis\u00e3o do Kremlin, um teste de armas nucleares dos EUA, caso seja realizado, significaria o fim de uma proibi\u00e7\u00e3o de longa data, disse o porta-voz presidencial Dmitry Peskov. Ele salientou que Putin afirmou repetidamente que, se outros pa\u00edses realizassem testes nucleares, a R\u00fassia agiria da mesma maneira, deixando claro que armas existem para serem usadas em caso de qualquer sinal de amea\u00e7a \u00e0 sua integridade territorial e d aliados mais pr\u00f3ximos.<\/p>\n","protected":false},"excerpt":{"rendered":"<p>Aviso de Vladimir Putin ao Ocidente: se Donaldo Trump, rompendo um velho acordo de n\u00e3o prolifera\u00e7\u00e3o de armas nucleares, iniciar uma s\u00e9rie de testes com novas bombas, o Kremlin n\u00e3o pensar\u00e1 duas vezes em testar seu m\u00edssil do &#8216;ju\u00edzo final&#8217;.\u00a0 &#8220;Moscou n\u00e3o ficar\u00e1 de bra\u00e7os cruzados&#8217;, anunciou o l\u00edder russo em pronunciamento na quinta-feira, 27. [&hellip;]<\/p>\n","protected":false},"author":2,"featured_media":372624,"comment_status":"closed","ping_status":"closed","sticky":false,"template":"","format":"standard","meta":{"_acf_changed":false,"footnotes":""},"categories":[159],"tags":[95],"class_list":["post-372622","post","type-post","status-publish","format-standard","has-post-thumbnail","hentry","category-apocalipse","tag-capa"],"acf":[],"yoast_head":"<!-- This site is optimized with the Yoast SEO plugin v27.2 - https:\/\/yoast.com\/product\/yoast-seo-wordpress\/ -->\n<title>R\u00fassia usar\u00e1 m\u00edssil do ju\u00edzo final em retalia\u00e7\u00e3o a teste nuclear de Trump - Notibras<\/title>\n<meta name=\"robots\" content=\"index, follow, max-snippet:-1, max-image-preview:large, max-video-preview:-1\" \/>\n<link rel=\"canonical\" href=\"https:\/\/www.notibras.com\/site\/russia-usara-missil-do-juizo-final-em-retaliacao-a-teste-nuclear-de-trump\/\" \/>\n<meta property=\"og:locale\" content=\"pt_BR\" \/>\n<meta property=\"og:type\" content=\"article\" \/>\n<meta property=\"og:title\" content=\"R\u00fassia usar\u00e1 m\u00edssil do ju\u00edzo final em retalia\u00e7\u00e3o a teste nuclear de Trump - Notibras\" \/>\n<meta property=\"og:description\" content=\"Aviso de Vladimir Putin ao Ocidente: se Donaldo Trump, rompendo um velho acordo de n\u00e3o prolifera\u00e7\u00e3o de armas nucleares, iniciar uma s\u00e9rie de testes com novas bombas, o Kremlin n\u00e3o pensar\u00e1 duas vezes em testar seu m\u00edssil do &#8216;ju\u00edzo final&#8217;.\u00a0 &#8220;Moscou n\u00e3o ficar\u00e1 de bra\u00e7os cruzados&#8217;, anunciou o l\u00edder russo em pronunciamento na quinta-feira, 27. [&hellip;]\" \/>\n<meta property=\"og:url\" content=\"https:\/\/www.notibras.com\/site\/russia-usara-missil-do-juizo-final-em-retaliacao-a-teste-nuclear-de-trump\/\" \/>\n<meta property=\"og:site_name\" content=\"Notibras\" \/>\n<meta property=\"article:publisher\" content=\"https:\/\/www.facebook.com\/notibras\/\" \/>\n<meta property=\"article:published_time\" content=\"2025-11-28T03:07:20+00:00\" \/>\n<meta property=\"article:modified_time\" content=\"2025-11-28T08:08:17+00:00\" \/>\n<meta property=\"og:image\" content=\"https:\/\/www.notibras.com\/site\/wp-content\/uploads\/2025\/11\/1062188836_1_0_1247_701_1920x0_80_0_0_653917e1c7ea0239acd26719d0970a63.jpg-1.webp\" \/>\n\t<meta property=\"og:image:width\" content=\"1920\" \/>\n\t<meta property=\"og:image:height\" content=\"1079\" \/>\n\t<meta property=\"og:image:type\" content=\"image\/webp\" \/>\n<meta name=\"author\" content=\"Reda\u00e7\u00e3o\" \/>\n<meta name=\"twitter:card\" content=\"summary_large_image\" \/>\n<meta name=\"twitter:creator\" content=\"@Notibras\" \/>\n<meta name=\"twitter:site\" content=\"@Notibras\" \/>\n<meta name=\"twitter:label1\" content=\"Escrito por\" \/>\n\t<meta name=\"twitter:data1\" content=\"Reda\u00e7\u00e3o\" \/>\n\t<meta name=\"twitter:label2\" content=\"Est. tempo de leitura\" \/>\n\t<meta name=\"twitter:data2\" content=\"2 minutos\" \/>\n<script type=\"application\/ld+json\" class=\"yoast-schema-graph\">{\"@context\":\"https:\/\/schema.org\",\"@graph\":[{\"@type\":\"Article\",\"@id\":\"https:\/\/www.notibras.com\/site\/russia-usara-missil-do-juizo-final-em-retaliacao-a-teste-nuclear-de-trump\/#article\",\"isPartOf\":{\"@id\":\"https:\/\/www.notibras.com\/site\/russia-usara-missil-do-juizo-final-em-retaliacao-a-teste-nuclear-de-trump\/\"},\"author\":{\"name\":\"Reda\u00e7\u00e3o\",\"@id\":\"https:\/\/www.notibras.com\/site\/#\/schema\/person\/36ab0979449956132d3e5b517ea76ac8\"},\"headline\":\"R\u00fassia usar\u00e1 m\u00edssil do ju\u00edzo final em retalia\u00e7\u00e3o a teste nuclear de Trump\",\"datePublished\":\"2025-11-28T03:07:20+00:00\",\"dateModified\":\"2025-11-28T08:08:17+00:00\",\"mainEntityOfPage\":{\"@id\":\"https:\/\/www.notibras.com\/site\/russia-usara-missil-do-juizo-final-em-retaliacao-a-teste-nuclear-de-trump\/\"},\"wordCount\":359,\"publisher\":{\"@id\":\"https:\/\/www.notibras.com\/site\/#organization\"},\"image\":{\"@id\":\"https:\/\/www.notibras.com\/site\/russia-usara-missil-do-juizo-final-em-retaliacao-a-teste-nuclear-de-trump\/#primaryimage\"},\"thumbnailUrl\":\"https:\/\/www.notibras.com\/site\/wp-content\/uploads\/2025\/11\/1062188836_1_0_1247_701_1920x0_80_0_0_653917e1c7ea0239acd26719d0970a63.jpg-1.webp\",\"keywords\":[\"capa\"],\"articleSection\":[\"Apocalipse\"],\"inLanguage\":\"pt-BR\"},{\"@type\":\"WebPage\",\"@id\":\"https:\/\/www.notibras.com\/site\/russia-usara-missil-do-juizo-final-em-retaliacao-a-teste-nuclear-de-trump\/\",\"url\":\"https:\/\/www.notibras.com\/site\/russia-usara-missil-do-juizo-final-em-retaliacao-a-teste-nuclear-de-trump\/\",\"name\":\"R\u00fassia usar\u00e1 m\u00edssil do ju\u00edzo final em retalia\u00e7\u00e3o a teste nuclear de Trump - Notibras\",\"isPartOf\":{\"@id\":\"https:\/\/www.notibras.com\/site\/#website\"},\"primaryImageOfPage\":{\"@id\":\"https:\/\/www.notibras.com\/site\/russia-usara-missil-do-juizo-final-em-retaliacao-a-teste-nuclear-de-trump\/#primaryimage\"},\"image\":{\"@id\":\"https:\/\/www.notibras.com\/site\/russia-usara-missil-do-juizo-final-em-retaliacao-a-teste-nuclear-de-trump\/#primaryimage\"},\"thumbnailUrl\":\"https:\/\/www.notibras.com\/site\/wp-content\/uploads\/2025\/11\/1062188836_1_0_1247_701_1920x0_80_0_0_653917e1c7ea0239acd26719d0970a63.jpg-1.webp\",\"datePublished\":\"2025-11-28T03:07:20+00:00\",\"dateModified\":\"2025-11-28T08:08:17+00:00\",\"breadcrumb\":{\"@id\":\"https:\/\/www.notibras.com\/site\/russia-usara-missil-do-juizo-final-em-retaliacao-a-teste-nuclear-de-trump\/#breadcrumb\"},\"inLanguage\":\"pt-BR\",\"potentialAction\":[{\"@type\":\"ReadAction\",\"target\":[\"https:\/\/www.notibras.com\/site\/russia-usara-missil-do-juizo-final-em-retaliacao-a-teste-nuclear-de-trump\/\"]}]},{\"@type\":\"ImageObject\",\"inLanguage\":\"pt-BR\",\"@id\":\"https:\/\/www.notibras.com\/site\/russia-usara-missil-do-juizo-final-em-retaliacao-a-teste-nuclear-de-trump\/#primaryimage\",\"url\":\"https:\/\/www.notibras.com\/site\/wp-content\/uploads\/2025\/11\/1062188836_1_0_1247_701_1920x0_80_0_0_653917e1c7ea0239acd26719d0970a63.jpg-1.webp\",\"contentUrl\":\"https:\/\/www.notibras.com\/site\/wp-content\/uploads\/2025\/11\/1062188836_1_0_1247_701_1920x0_80_0_0_653917e1c7ea0239acd26719d0970a63.jpg-1.webp\",\"width\":1920,\"height\":1079},{\"@type\":\"BreadcrumbList\",\"@id\":\"https:\/\/www.notibras.com\/site\/russia-usara-missil-do-juizo-final-em-retaliacao-a-teste-nuclear-de-trump\/#breadcrumb\",\"itemListElement\":[{\"@type\":\"ListItem\",\"position\":1,\"name\":\"In\u00edcio\",\"item\":\"https:\/\/www.notibras.com\/site\/\"},{\"@type\":\"ListItem\",\"position\":2,\"name\":\"R\u00fassia usar\u00e1 m\u00edssil do ju\u00edzo final em retalia\u00e7\u00e3o a teste nuclear de Trump\"}]},{\"@type\":\"WebSite\",\"@id\":\"https:\/\/www.notibras.com\/site\/#website\",\"url\":\"https:\/\/www.notibras.com\/site\/\",\"name\":\"Notibras\",\"description\":\"Not\u00edcias de Bras\u00edlia, do Brasil e do Mundo\",\"publisher\":{\"@id\":\"https:\/\/www.notibras.com\/site\/#organization\"},\"potentialAction\":[{\"@type\":\"SearchAction\",\"target\":{\"@type\":\"EntryPoint\",\"urlTemplate\":\"https:\/\/www.notibras.com\/site\/?s={search_term_string}\"},\"query-input\":{\"@type\":\"PropertyValueSpecification\",\"valueRequired\":true,\"valueName\":\"search_term_string\"}}],\"inLanguage\":\"pt-BR\"},{\"@type\":\"Organization\",\"@id\":\"https:\/\/www.notibras.com\/site\/#organization\",\"name\":\"Grupo Notibras de Comunica\u00e7\u00e3o\",\"url\":\"https:\/\/www.notibras.com\/site\/\",\"logo\":{\"@type\":\"ImageObject\",\"inLanguage\":\"pt-BR\",\"@id\":\"https:\/\/www.notibras.com\/site\/#\/schema\/logo\/image\/\",\"url\":\"https:\/\/www.notibras.com\/site\/wp-content\/uploads\/2023\/01\/notibras23.png\",\"contentUrl\":\"https:\/\/www.notibras.com\/site\/wp-content\/uploads\/2023\/01\/notibras23.png\",\"width\":350,\"height\":87,\"caption\":\"Grupo Notibras de Comunica\u00e7\u00e3o\"},\"image\":{\"@id\":\"https:\/\/www.notibras.com\/site\/#\/schema\/logo\/image\/\"},\"sameAs\":[\"https:\/\/www.facebook.com\/notibras\/\",\"https:\/\/x.com\/Notibras\",\"https:\/\/www.instagram.com\/notibras\/\"]},{\"@type\":\"Person\",\"@id\":\"https:\/\/www.notibras.com\/site\/#\/schema\/person\/36ab0979449956132d3e5b517ea76ac8\",\"name\":\"Reda\u00e7\u00e3o\",\"image\":{\"@type\":\"ImageObject\",\"inLanguage\":\"pt-BR\",\"@id\":\"https:\/\/secure.gravatar.com\/avatar\/e0a867bdedb85fd243eadf09663511f96fc81e0720a4a42581f334ad4303aa6b?s=96&d=mm&r=g\",\"url\":\"https:\/\/secure.gravatar.com\/avatar\/e0a867bdedb85fd243eadf09663511f96fc81e0720a4a42581f334ad4303aa6b?s=96&d=mm&r=g\",\"contentUrl\":\"https:\/\/secure.gravatar.com\/avatar\/e0a867bdedb85fd243eadf09663511f96fc81e0720a4a42581f334ad4303aa6b?s=96&d=mm&r=g\",\"caption\":\"Reda\u00e7\u00e3o\"}}]}<\/script>\n<!-- \/ Yoast SEO plugin. -->","yoast_head_json":{"title":"R\u00fassia usar\u00e1 m\u00edssil do ju\u00edzo final em retalia\u00e7\u00e3o a teste nuclear de Trump - Notibras","robots":{"index":"index","follow":"follow","max-snippet":"max-snippet:-1","max-image-preview":"max-image-preview:large","max-video-preview":"max-video-preview:-1"},"canonical":"https:\/\/www.notibras.com\/site\/russia-usara-missil-do-juizo-final-em-retaliacao-a-teste-nuclear-de-trump\/","og_locale":"pt_BR","og_type":"article","og_title":"R\u00fassia usar\u00e1 m\u00edssil do ju\u00edzo final em retalia\u00e7\u00e3o a teste nuclear de Trump - Notibras","og_description":"Aviso de Vladimir Putin ao Ocidente: se Donaldo Trump, rompendo um velho acordo de n\u00e3o prolifera\u00e7\u00e3o de armas nucleares, iniciar uma s\u00e9rie de testes com novas bombas, o Kremlin n\u00e3o pensar\u00e1 duas vezes em testar seu m\u00edssil do &#8216;ju\u00edzo final&#8217;.\u00a0 &#8220;Moscou n\u00e3o ficar\u00e1 de bra\u00e7os cruzados&#8217;, anunciou o l\u00edder russo em pronunciamento na quinta-feira, 27. [&hellip;]","og_url":"https:\/\/www.notibras.com\/site\/russia-usara-missil-do-juizo-final-em-retaliacao-a-teste-nuclear-de-trump\/","og_site_name":"Notibras","article_publisher":"https:\/\/www.facebook.com\/notibras\/","article_published_time":"2025-11-28T03:07:20+00:00","article_modified_time":"2025-11-28T08:08:17+00:00","og_image":[{"width":1920,"height":1079,"url":"https:\/\/www.notibras.com\/site\/wp-content\/uploads\/2025\/11\/1062188836_1_0_1247_701_1920x0_80_0_0_653917e1c7ea0239acd26719d0970a63.jpg-1.webp","type":"image\/webp"}],"author":"Reda\u00e7\u00e3o","twitter_card":"summary_large_image","twitter_creator":"@Notibras","twitter_site":"@Notibras","twitter_misc":{"Escrito por":"Reda\u00e7\u00e3o","Est. tempo de leitura":"2 minutos"},"schema":{"@context":"https:\/\/schema.org","@graph":[{"@type":"Article","@id":"https:\/\/www.notibras.com\/site\/russia-usara-missil-do-juizo-final-em-retaliacao-a-teste-nuclear-de-trump\/#article","isPartOf":{"@id":"https:\/\/www.notibras.com\/site\/russia-usara-missil-do-juizo-final-em-retaliacao-a-teste-nuclear-de-trump\/"},"author":{"name":"Reda\u00e7\u00e3o","@id":"https:\/\/www.notibras.com\/site\/#\/schema\/person\/36ab0979449956132d3e5b517ea76ac8"},"headline":"R\u00fassia usar\u00e1 m\u00edssil do ju\u00edzo final em retalia\u00e7\u00e3o a teste nuclear de Trump","datePublished":"2025-11-28T03:07:20+00:00","dateModified":"2025-11-28T08:08:17+00:00","mainEntityOfPage":{"@id":"https:\/\/www.notibras.com\/site\/russia-usara-missil-do-juizo-final-em-retaliacao-a-teste-nuclear-de-trump\/"},"wordCount":359,"publisher":{"@id":"https:\/\/www.notibras.com\/site\/#organization"},"image":{"@id":"https:\/\/www.notibras.com\/site\/russia-usara-missil-do-juizo-final-em-retaliacao-a-teste-nuclear-de-trump\/#primaryimage"},"thumbnailUrl":"https:\/\/www.notibras.com\/site\/wp-content\/uploads\/2025\/11\/1062188836_1_0_1247_701_1920x0_80_0_0_653917e1c7ea0239acd26719d0970a63.jpg-1.webp","keywords":["capa"],"articleSection":["Apocalipse"],"inLanguage":"pt-BR"},{"@type":"WebPage","@id":"https:\/\/www.notibras.com\/site\/russia-usara-missil-do-juizo-final-em-retaliacao-a-teste-nuclear-de-trump\/","url":"https:\/\/www.notibras.com\/site\/russia-usara-missil-do-juizo-final-em-retaliacao-a-teste-nuclear-de-trump\/","name":"R\u00fassia usar\u00e1 m\u00edssil do ju\u00edzo final em retalia\u00e7\u00e3o a teste nuclear de Trump - Notibras","isPartOf":{"@id":"https:\/\/www.notibras.com\/site\/#website"},"primaryImageOfPage":{"@id":"https:\/\/www.notibras.com\/site\/russia-usara-missil-do-juizo-final-em-retaliacao-a-teste-nuclear-de-trump\/#primaryimage"},"image":{"@id":"https:\/\/www.notibras.com\/site\/russia-usara-missil-do-juizo-final-em-retaliacao-a-teste-nuclear-de-trump\/#primaryimage"},"thumbnailUrl":"https:\/\/www.notibras.com\/site\/wp-content\/uploads\/2025\/11\/1062188836_1_0_1247_701_1920x0_80_0_0_653917e1c7ea0239acd26719d0970a63.jpg-1.webp","datePublished":"2025-11-28T03:07:20+00:00","dateModified":"2025-11-28T08:08:17+00:00","breadcrumb":{"@id":"https:\/\/www.notibras.com\/site\/russia-usara-missil-do-juizo-final-em-retaliacao-a-teste-nuclear-de-trump\/#breadcrumb"},"inLanguage":"pt-BR","potentialAction":[{"@type":"ReadAction","target":["https:\/\/www.notibras.com\/site\/russia-usara-missil-do-juizo-final-em-retaliacao-a-teste-nuclear-de-trump\/"]}]},{"@type":"ImageObject","inLanguage":"pt-BR","@id":"https:\/\/www.notibras.com\/site\/russia-usara-missil-do-juizo-final-em-retaliacao-a-teste-nuclear-de-trump\/#primaryimage","url":"https:\/\/www.notibras.com\/site\/wp-content\/uploads\/2025\/11\/1062188836_1_0_1247_701_1920x0_80_0_0_653917e1c7ea0239acd26719d0970a63.jpg-1.webp","contentUrl":"https:\/\/www.notibras.com\/site\/wp-content\/uploads\/2025\/11\/1062188836_1_0_1247_701_1920x0_80_0_0_653917e1c7ea0239acd26719d0970a63.jpg-1.webp","width":1920,"height":1079},{"@type":"BreadcrumbList","@id":"https:\/\/www.notibras.com\/site\/russia-usara-missil-do-juizo-final-em-retaliacao-a-teste-nuclear-de-trump\/#breadcrumb","itemListElement":[{"@type":"ListItem","position":1,"name":"In\u00edcio","item":"https:\/\/www.notibras.com\/site\/"},{"@type":"ListItem","position":2,"name":"R\u00fassia usar\u00e1 m\u00edssil do ju\u00edzo final em retalia\u00e7\u00e3o a teste nuclear de Trump"}]},{"@type":"WebSite","@id":"https:\/\/www.notibras.com\/site\/#website","url":"https:\/\/www.notibras.com\/site\/","name":"Notibras","description":"Not\u00edcias de Bras\u00edlia, do Brasil e do Mundo","publisher":{"@id":"https:\/\/www.notibras.com\/site\/#organization"},"potentialAction":[{"@type":"SearchAction","target":{"@type":"EntryPoint","urlTemplate":"https:\/\/www.notibras.com\/site\/?s={search_term_string}"},"query-input":{"@type":"PropertyValueSpecification","valueRequired":true,"valueName":"search_term_string"}}],"inLanguage":"pt-BR"},{"@type":"Organization","@id":"https:\/\/www.notibras.com\/site\/#organization","name":"Grupo Notibras de Comunica\u00e7\u00e3o","url":"https:\/\/www.notibras.com\/site\/","logo":{"@type":"ImageObject","inLanguage":"pt-BR","@id":"https:\/\/www.notibras.com\/site\/#\/schema\/logo\/image\/","url":"https:\/\/www.notibras.com\/site\/wp-content\/uploads\/2023\/01\/notibras23.png","contentUrl":"https:\/\/www.notibras.com\/site\/wp-content\/uploads\/2023\/01\/notibras23.png","width":350,"height":87,"caption":"Grupo Notibras de Comunica\u00e7\u00e3o"},"image":{"@id":"https:\/\/www.notibras.com\/site\/#\/schema\/logo\/image\/"},"sameAs":["https:\/\/www.facebook.com\/notibras\/","https:\/\/x.com\/Notibras","https:\/\/www.instagram.com\/notibras\/"]},{"@type":"Person","@id":"https:\/\/www.notibras.com\/site\/#\/schema\/person\/36ab0979449956132d3e5b517ea76ac8","name":"Reda\u00e7\u00e3o","image":{"@type":"ImageObject","inLanguage":"pt-BR","@id":"https:\/\/secure.gravatar.com\/avatar\/e0a867bdedb85fd243eadf09663511f96fc81e0720a4a42581f334ad4303aa6b?s=96&d=mm&r=g","url":"https:\/\/secure.gravatar.com\/avatar\/e0a867bdedb85fd243eadf09663511f96fc81e0720a4a42581f334ad4303aa6b?s=96&d=mm&r=g","contentUrl":"https:\/\/secure.gravatar.com\/avatar\/e0a867bdedb85fd243eadf09663511f96fc81e0720a4a42581f334ad4303aa6b?s=96&d=mm&r=g","caption":"Reda\u00e7\u00e3o"}}]}},"amp_enabled":true,"_links":{"self":[{"href":"https:\/\/www.notibras.com\/site\/wp-json\/wp\/v2\/posts\/372622","targetHints":{"allow":["GET"]}}],"collection":[{"href":"https:\/\/www.notibras.com\/site\/wp-json\/wp\/v2\/posts"}],"about":[{"href":"https:\/\/www.notibras.com\/site\/wp-json\/wp\/v2\/types\/post"}],"author":[{"embeddable":true,"href":"https:\/\/www.notibras.com\/site\/wp-json\/wp\/v2\/users\/2"}],"replies":[{"embeddable":true,"href":"https:\/\/www.notibras.com\/site\/wp-json\/wp\/v2\/comments?post=372622"}],"version-history":[{"count":4,"href":"https:\/\/www.notibras.com\/site\/wp-json\/wp\/v2\/posts\/372622\/revisions"}],"predecessor-version":[{"id":372689,"href":"https:\/\/www.notibras.com\/site\/wp-json\/wp\/v2\/posts\/372622\/revisions\/372689"}],"wp:featuredmedia":[{"embeddable":true,"href":"https:\/\/www.notibras.com\/site\/wp-json\/wp\/v2\/media\/372624"}],"wp:attachment":[{"href":"https:\/\/www.notibras.com\/site\/wp-json\/wp\/v2\/media?parent=372622"}],"wp:term":[{"taxonomy":"category","embeddable":true,"href":"https:\/\/www.notibras.com\/site\/wp-json\/wp\/v2\/categories?post=372622"},{"taxonomy":"post_tag","embeddable":true,"href":"https:\/\/www.notibras.com\/site\/wp-json\/wp\/v2\/tags?post=372622"}],"curies":[{"name":"wp","href":"https:\/\/api.w.org\/{rel}","templated":true}]}}