{"id":372623,"date":"2025-11-28T02:00:20","date_gmt":"2025-11-28T05:00:20","guid":{"rendered":"https:\/\/www.notibras.com\/site\/?p=372623"},"modified":"2025-11-27T22:21:02","modified_gmt":"2025-11-28T01:21:02","slug":"genoveva-intragavel-e-folclorica","status":"publish","type":"post","link":"https:\/\/www.notibras.com\/site\/genoveva-intragavel-e-folclorica\/","title":{"rendered":"Genoveva, intrag\u00e1vel e folcl\u00f3rica"},"content":{"rendered":"<p>Genoveva n\u00e3o era de gastar muita saliva quando queria cuspir algum desaforo, ainda mais se fosse por uma causa justa. No entanto, mesmo diante de flagrante equ\u00edvoco, a mulher fazia quest\u00e3o de fazer uso do mesmo estratagema. E que os ouvidos se acostumassem com a insol\u00eancia ou, ent\u00e3o, que fosse pros quintos do inferno.<\/p>\n<p>A despeito de tamanho destempero, a senhora, que pela apar\u00eancia beirava os 80 anos, desfrutava de certo prest\u00edgio na vizinhan\u00e7a, como se fosse parte da hist\u00f3ria daquela gente. Uma esp\u00e9cie de chata de estima\u00e7\u00e3o. E ai se algu\u00e9m de fora falasse mal da mulher! Ih, n\u00e3o faltariam bocas para defend\u00ea-la com unhas, dentes e uma sacola cheia de improp\u00e9rios.<\/p>\n<p>Vi\u00fava pela segunda vez antes dos 30, Genoveva at\u00e9 que tentou convencer dois ou tr\u00eas a firmarem compromisso, mas os gajos, ressabiados que ficaram, preferiram n\u00e3o ir al\u00e9m das noites de alcova. O tempo correu ligeiro e, ent\u00e3o, a jovem e atraente Genoveva recebeu a visita das implac\u00e1veis rugas. Todavia, isso n\u00e3o foi empecilho para deixar de ir em busca de prazeres, apesar de cada vez mais escassos, at\u00e9 que o caldo engrossou e, ent\u00e3o, a mulher se viu sozinha. Quer dizer, h\u00e1 quem afirme que, mesmo que raramente, a coroa ainda vive momentos de lux\u00faria, que podem ser ouvidos por toda a quadra na Asa Norte.<\/p>\n<p>Se isso \u00e9 lenda ou fato improv\u00e1vel, n\u00e3o se pode afirmar com certeza. Seja como for, ningu\u00e9m duvida ou acredita, como se aquela condi\u00e7\u00e3o fosse mais um atrativo que encantasse e afastasse os olhares curiosos. Ademais, a folcl\u00f3rica personagem, vez ou outra, era o tema central de acaloradas discuss\u00f5es no botequim do Bosco, onde a galera mais tradicional costumava se juntar nos fins de tardes de domingo.<\/p>\n<p>E l\u00e1 estava a velha guarda reunida, momento em que adentrou no recinto a Genoveva, amparada pela velha bengala com cast\u00e3o de cabe\u00e7a de cavalo. Ela lan\u00e7ou um olhar sobre a mesa e reconheceu a todos, n\u00e3o somente os amigos, mas principalmente um desafeto: o Hor\u00e1cio.<\/p>\n<p>Hor\u00e1cio, tipo incomum na \u00e1rea, n\u00e3o passava despercebido, seja por conta do bigode \u00e0 Salvador Dali, seja pela peruca sem qualquer congru\u00eancia com a realidade. Regulava em idade com Genoveva, mas apresentava apar\u00eancia mais estragada, como se a combina\u00e7\u00e3o de gen\u00e9tica ruim e h\u00e1bitos p\u00e9ssimos tivessem dado as m\u00e3os na juventude e, desde ent\u00e3o, mantinham s\u00f3lido matrim\u00f4nio.<\/p>\n<p>Genoveva foi at\u00e9 o balc\u00e3o e pediu um ma\u00e7o de cigarros, o que chamou a aten\u00e7\u00e3o dos presentes. Ser\u00e1 que a velha havia come\u00e7ado a fumar? Outra hip\u00f3tese \u00e9 de que ela talvez o fizesse nas noites solit\u00e1rias no pequeno apartamento.<\/p>\n<p>\u2014 Come\u00e7ou a fumar, Genoveva?<\/p>\n<p>\u2014 Hor\u00e1cio, quando \u00e9 que foi mesmo a \u00faltima vez?<\/p>\n<p>\u2014 \u00daltima vez do qu\u00ea?<\/p>\n<p>\u2014 Que eu te mandei pro inferno.<\/p>\n<p>Todos riram, menos o Hor\u00e1cio, que quis porque quis dar o troco. O problema \u00e9 que n\u00e3o era r\u00e1pido de racioc\u00ednio. Pensou, pensou, pensou e nada. Mas eis que, j\u00e1 na cal\u00e7ada em frente ao bar, a Genoveva escorregou e caiu de bumbum no ch\u00e3o.<\/p>\n<p>Ningu\u00e9m riu. As testemunhas pareciam sinceramente preocupadas com o bem-estar da Genoveva. Hor\u00e1rio e mais dois foram socorr\u00ea-la, mas a mulher estava mais intrag\u00e1vel do que de costume.<\/p>\n<p>\u2014 Tire essas patas de mim, Hor\u00e1cio!<\/p>\n<p>\u2014 Eu s\u00f3 quero ajudar.<\/p>\n<p>\u2014 Que ajudar o qu\u00ea?! Tu me passou uma rasteira, que sei!<\/p>\n<p>\u2014 Eu?<\/p>\n<p>\u2014 Sim! Voc\u00ea mesmo, seu salafr\u00e1rio!<\/p>\n<p>Bosco, o dono do boteco, quis sair em defesa do Hor\u00e1cio.<\/p>\n<p>\u2014 Genoveva, todo mundo aqui viu. Voc\u00ea caiu sozinha. A culpa foi sua.<\/p>\n<p>A idosa fitou o Bosco, depois olhou a plateia ao redor e, utilizando de toda a sua expertise, sai com essa.:<\/p>\n<p>\u2014 Olha aqui, Bosco, como voc\u00ea mesmo disse, a culpa \u00e9 minha, e eu a coloco em quem eu quiser.<\/p>\n<p><strong>\u2026\u2026\u2026\u2026\u2026\u2026\u2026\u2026<\/strong><\/p>\n<p><strong>Eduardo Mart\u00ednez \u00e9 autor do livro \u201957 Contos e Cr\u00f4nicas por um Autor Muito Velho\u2019 (Vencedor do Pr\u00eamio Liter\u00e1rio Clarice Lispector \u2013 2025 na categoria livro de contos).<\/strong><\/p>\n<p><strong>Compre aqui<\/strong><\/p>\n<p><a href=\"https:\/\/www.joanineditora.com.br\/57-contos-e-cronicas-por-um-autor-muito-velho\"><strong>https:\/\/www.joanineditora.com.br\/57-contos-e-cronicas-por-um-autor-muito-velho<\/strong><\/a><\/p>\n<div id=\"wpdevar_comment_4\"><\/div>\n","protected":false},"excerpt":{"rendered":"<p>Genoveva n\u00e3o era de gastar muita saliva quando queria cuspir algum desaforo, ainda mais se fosse por uma causa justa. No entanto, mesmo diante de flagrante equ\u00edvoco, a mulher fazia quest\u00e3o de fazer uso do mesmo estratagema. E que os ouvidos se acostumassem com a insol\u00eancia ou, ent\u00e3o, que fosse pros quintos do inferno. A [&hellip;]<\/p>\n","protected":false},"author":21,"featured_media":372627,"comment_status":"closed","ping_status":"closed","sticky":false,"template":"","format":"standard","meta":{"_acf_changed":false,"footnotes":""},"categories":[161],"tags":[],"class_list":["post-372623","post","type-post","status-publish","format-standard","has-post-thumbnail","hentry","category-quadradinho-em-foco"],"acf":[],"_links":{"self":[{"href":"https:\/\/www.notibras.com\/site\/wp-json\/wp\/v2\/posts\/372623","targetHints":{"allow":["GET"]}}],"collection":[{"href":"https:\/\/www.notibras.com\/site\/wp-json\/wp\/v2\/posts"}],"about":[{"href":"https:\/\/www.notibras.com\/site\/wp-json\/wp\/v2\/types\/post"}],"author":[{"embeddable":true,"href":"https:\/\/www.notibras.com\/site\/wp-json\/wp\/v2\/users\/21"}],"replies":[{"embeddable":true,"href":"https:\/\/www.notibras.com\/site\/wp-json\/wp\/v2\/comments?post=372623"}],"version-history":[{"count":2,"href":"https:\/\/www.notibras.com\/site\/wp-json\/wp\/v2\/posts\/372623\/revisions"}],"predecessor-version":[{"id":372629,"href":"https:\/\/www.notibras.com\/site\/wp-json\/wp\/v2\/posts\/372623\/revisions\/372629"}],"wp:featuredmedia":[{"embeddable":true,"href":"https:\/\/www.notibras.com\/site\/wp-json\/wp\/v2\/media\/372627"}],"wp:attachment":[{"href":"https:\/\/www.notibras.com\/site\/wp-json\/wp\/v2\/media?parent=372623"}],"wp:term":[{"taxonomy":"category","embeddable":true,"href":"https:\/\/www.notibras.com\/site\/wp-json\/wp\/v2\/categories?post=372623"},{"taxonomy":"post_tag","embeddable":true,"href":"https:\/\/www.notibras.com\/site\/wp-json\/wp\/v2\/tags?post=372623"}],"curies":[{"name":"wp","href":"https:\/\/api.w.org\/{rel}","templated":true}]}}