{"id":372640,"date":"2025-11-28T00:30:14","date_gmt":"2025-11-28T03:30:14","guid":{"rendered":"https:\/\/www.notibras.com\/site\/?p=372640"},"modified":"2025-11-27T23:01:28","modified_gmt":"2025-11-28T02:01:28","slug":"mulher-fora-do-trabalho-tem-o-tripo-de-risco-de-sofrer-violencia","status":"publish","type":"post","link":"https:\/\/www.notibras.com\/site\/mulher-fora-do-trabalho-tem-o-tripo-de-risco-de-sofrer-violencia\/","title":{"rendered":"Mulher fora do trabalho tem o tripo de risco de sofrer viol\u00eancia"},"content":{"rendered":"<p>A 11\u00aa edi\u00e7\u00e3o da Pesquisa Nacional de Viol\u00eancia contra a Mulher, divulgada nesta quinta-feira (27), mostra que sete em cada dez mulheres que sofreram viol\u00eancia dom\u00e9stica no Brasil tiveram a rotina alterada ap\u00f3s as agress\u00f5es e mais de 40% foram impactadas em seu trabalho ou estudo.<\/p>\n<p>O levantamento ouviu mais de 21 mil mulheres em todo o pa\u00eds e foi realizado pelo DataSenado e pela Nexus, em parceria com o Observat\u00f3rio da Mulher contra a Viol\u00eancia (OMV), do Senado Federal.<\/p>\n<p>Segundo a pesquisa, 69% das mulheres que j\u00e1 sofreram viol\u00eancia dom\u00e9stica tiveram o dia a dia alterado ap\u00f3s as agress\u00f5es &#8211; uma estimativa de 24 milh\u00f5es de brasileiras; 68% relataram impactos nas rela\u00e7\u00f5es sociais; 46% afirmaram que o trabalho remunerado foi afetado; e 42% tiveram os estudos impactados.<\/p>\n<p>\u201cOs dados revelam que a viol\u00eancia dom\u00e9stica limita a autonomia das mulheres e pode impedir o acesso a direitos b\u00e1sicos, como estudo e trabalho, comprometendo o futuro das fam\u00edlias e do pa\u00eds\u201d, destacou a coordenadora do Observat\u00f3rio da Mulher contra a Viol\u00eancia no Senado, Maria Teresa Prado.<\/p>\n<p><strong>Autonomia econ\u00f4mica<\/strong><\/p>\n<p>A pesquisa mostra ser muito mais comum (o triplo) mulheres fora da for\u00e7a de trabalho sofrerem viol\u00eancia dom\u00e9stica (12%) do que as brasileiras empregadas (4%). O estudo traz ainda que 66% das mulheres que j\u00e1 sofreram agress\u00f5es recebem at\u00e9 2 sal\u00e1rios m\u00ednimos.<\/p>\n<p>\u201cQuando cruzamos esses dados socioecon\u00f4micos com os indicadores de viol\u00eancia, vemos com mais nitidez como a desigualdade molda o risco e a perman\u00eancia das mulheres em ciclos de agress\u00e3o. Isso mostra que a autonomia econ\u00f4mica n\u00e3o \u00e9 apenas uma condi\u00e7\u00e3o desej\u00e1vel, mas uma pol\u00edtica estrat\u00e9gica de enfrentamento\u201d, ressalta a diretora executiva da Associa\u00e7\u00e3o G\u00eanero e N\u00famero, Vit\u00f3ria R\u00e9gia da Silva.<\/p>\n<p>Segundo a l\u00edder de Pol\u00edticas P\u00fablicas pelo Fim da Viol\u00eancia Contra Mulheres e Meninas no Instituto Natura, a pesquisa deixa claro a necessidade de implementa\u00e7\u00e3o de pol\u00edticas p\u00fablicas que promovam a independ\u00eancia financeira e qualifica\u00e7\u00e3o profissional das mulheres.<\/p>\n<p>\u201cO que precisamos \u00e9 de pol\u00edticas integrais, que articulem seguran\u00e7a p\u00fablica, sa\u00fade, assist\u00eancia, educa\u00e7\u00e3o e renda, e que ofere\u00e7am respostas reais que dialoguem com demandas e vulnerabilidades diversas. N\u00e3o podemos continuar transferindo para as mulheres a tarefa de superar, sozinhas, estruturas que s\u00e3o coletivas\u201d, disse.<\/p>\n<p>Criada em 2005 para subsidiar a elabora\u00e7\u00e3o da Lei Maria da Penha, a pesquisa \u00e9 realizada a cada dois anos e ouviu, nesta edi\u00e7\u00e3o, 21.641 mulheres com 16 anos ou mais em todo o pa\u00eds.<\/p>\n","protected":false},"excerpt":{"rendered":"<p>A 11\u00aa edi\u00e7\u00e3o da Pesquisa Nacional de Viol\u00eancia contra a Mulher, divulgada nesta quinta-feira (27), mostra que sete em cada dez mulheres que sofreram viol\u00eancia dom\u00e9stica no Brasil tiveram a rotina alterada ap\u00f3s as agress\u00f5es e mais de 40% foram impactadas em seu trabalho ou estudo. O levantamento ouviu mais de 21 mil mulheres em [&hellip;]<\/p>\n","protected":false},"author":21,"featured_media":372641,"comment_status":"closed","ping_status":"closed","sticky":false,"template":"","format":"standard","meta":{"_acf_changed":false,"footnotes":""},"categories":[161],"tags":[],"class_list":["post-372640","post","type-post","status-publish","format-standard","has-post-thumbnail","hentry","category-quadradinho-em-foco"],"acf":[],"_links":{"self":[{"href":"https:\/\/www.notibras.com\/site\/wp-json\/wp\/v2\/posts\/372640","targetHints":{"allow":["GET"]}}],"collection":[{"href":"https:\/\/www.notibras.com\/site\/wp-json\/wp\/v2\/posts"}],"about":[{"href":"https:\/\/www.notibras.com\/site\/wp-json\/wp\/v2\/types\/post"}],"author":[{"embeddable":true,"href":"https:\/\/www.notibras.com\/site\/wp-json\/wp\/v2\/users\/21"}],"replies":[{"embeddable":true,"href":"https:\/\/www.notibras.com\/site\/wp-json\/wp\/v2\/comments?post=372640"}],"version-history":[{"count":4,"href":"https:\/\/www.notibras.com\/site\/wp-json\/wp\/v2\/posts\/372640\/revisions"}],"predecessor-version":[{"id":372645,"href":"https:\/\/www.notibras.com\/site\/wp-json\/wp\/v2\/posts\/372640\/revisions\/372645"}],"wp:featuredmedia":[{"embeddable":true,"href":"https:\/\/www.notibras.com\/site\/wp-json\/wp\/v2\/media\/372641"}],"wp:attachment":[{"href":"https:\/\/www.notibras.com\/site\/wp-json\/wp\/v2\/media?parent=372640"}],"wp:term":[{"taxonomy":"category","embeddable":true,"href":"https:\/\/www.notibras.com\/site\/wp-json\/wp\/v2\/categories?post=372640"},{"taxonomy":"post_tag","embeddable":true,"href":"https:\/\/www.notibras.com\/site\/wp-json\/wp\/v2\/tags?post=372640"}],"curies":[{"name":"wp","href":"https:\/\/api.w.org\/{rel}","templated":true}]}}