{"id":372652,"date":"2025-11-28T01:00:19","date_gmt":"2025-11-28T04:00:19","guid":{"rendered":"https:\/\/www.notibras.com\/site\/?p=372652"},"modified":"2025-11-27T23:15:33","modified_gmt":"2025-11-28T02:15:33","slug":"chegada-ds-chuvas-aumenta-preocupacao-com-a-dengue","status":"publish","type":"post","link":"https:\/\/www.notibras.com\/site\/chegada-ds-chuvas-aumenta-preocupacao-com-a-dengue\/","title":{"rendered":"Chegada ds chuvas aumenta preocupa\u00e7\u00e3o com a dengue"},"content":{"rendered":"<p>O in\u00edcio do per\u00edodo chuvoso no Distrito Federal acendeu o alerta para o risco de aumento da popula\u00e7\u00e3o do Aedes aegypti, mosquito transmissor de dengue, chikungunya e zika. Diante do cen\u00e1rio, a Secretaria de Sa\u00fade (SES-DF) ampliou frentes de vigil\u00e2ncia e controle, apostando em tecnologias e armadilhas que mapeiam \u00e1reas cr\u00edticas e reduzem a circula\u00e7\u00e3o dessas arboviroses.<\/p>\n<p>Nesta quinta-feira (27), agentes de Vigil\u00e2ncia Ambiental em Sa\u00fade revisitaram trechos do Sol Nascente, onde profissionais checaram dispositivos j\u00e1 instalados nas resid\u00eancias para monitorar e barrar a reprodu\u00e7\u00e3o do mosquito. No campo, s\u00e3o utilizados dois modelos principais: as esta\u00e7\u00f5es disseminadoras de larvicidas (EDLs), que usam o pr\u00f3prio inseto para levar o larvicida a outros pontos visitados por ele; e as ovitrampas, baldes preparados para coletar ovos e orientar a constru\u00e7\u00e3o de mapas de calor, que direcionam as equipes para \u00e1reas priorit\u00e1rias.<\/p>\n<p>Entre as a\u00e7\u00f5es em andamento, destacam-se a elimina\u00e7\u00e3o e tratamento de criadouros em \u00e1reas estrat\u00e9gicas com uso de larvicida e a aplica\u00e7\u00e3o de inseticidas residuais por borrifa\u00e7\u00e3o intradomiciliar em im\u00f3veis de grande circula\u00e7\u00e3o, como escolas, e em locais com alto n\u00famero de focos, como ferros-velhos. H\u00e1 tamb\u00e9m o mapeamento e tratamento de pontos de dif\u00edcil acesso por drones, uso de drones para identificar focos, al\u00e9m da soltura de mosquitos com a bact\u00e9ria Wolbachia, chamados popularmente de \u201cwolbitos&#8221;, incapazes de transmitir v\u00edrus e projetados para substituir a popula\u00e7\u00e3o local de vetores ao longo do tempo.<\/p>\n<p>A pasta tamb\u00e9m destaca o car\u00e1ter estrat\u00e9gico do Sol Nascente na vigil\u00e2ncia epidemiol\u00f3gica. Segundo o bi\u00f3logo Israel Moreira, da SES-DF, a regi\u00e3o conta com 150 ovitrampas e mais de 3 mil EDLs distribu\u00eddas, em raz\u00e3o de taxas de infesta\u00e7\u00e3o relevantes e hist\u00f3rico de alta transmiss\u00e3o. \u201cAqui temos duas estrat\u00e9gias: medir a infesta\u00e7\u00e3o coletando ovos e o controle, usando o pr\u00f3prio mosquito para disseminar larvicida\u201d, detalha. \u201cS\u00e3o medidas recentes, mas j\u00e1 adotadas com sucesso em outras partes do pa\u00eds, por isso trouxemos para c\u00e1. Pelo tamanho da popula\u00e7\u00e3o, usamos 150 armadilhas de coleta e mais de tr\u00eas mil esta\u00e7\u00f5es disseminadoras\u201d.<\/p>\n<p>O bi\u00f3logo refor\u00e7ou que o trabalho ocorre o ano todo, sendo intensificado na esta\u00e7\u00e3o chuvosa, quando recipientes expostos acumulam \u00e1gua com maior frequ\u00eancia. Segundo a SES-DF, em n\u00fameros regionais, as cidades com maior cobertura de EDLs na capital s\u00e3o Recanto das Emas, com 198 esta\u00e7\u00f5es; \u00c1gua Quente, com 79; e o Sol Nascente, com 2.918 unidades j\u00e1 instaladas.<\/p>\n<p><strong>Mais agentes<\/strong><\/p>\n<p>A amplia\u00e7\u00e3o da for\u00e7a de trabalho \u00e9 outro eixo da estrat\u00e9gia. Em novembro do ano passado, o Governo do Distrito Federal (GDF) nomeou 800 agentes de sa\u00fade para refor\u00e7ar o atendimento nos territ\u00f3rios: 400 agentes de Vigil\u00e2ncia Ambiental em Sa\u00fade (Avas) e 400 agentes comunit\u00e1rios de sa\u00fade (ACSs), que atuam diretamente nas visitas domiciliares, a\u00e7\u00f5es comunit\u00e1rias e servi\u00e7os da aten\u00e7\u00e3o b\u00e1sica.<\/p>\n<p>No Sol Nascente, a aceita\u00e7\u00e3o do trabalho tem sido positiva. De acordo com a agente de vigil\u00e2ncia ambiental Tawanna Ferreira, a popula\u00e7\u00e3o tem aberto as portas para a manuten\u00e7\u00e3o semanal das armadilhas e orienta\u00e7\u00f5es de sa\u00fade. \u201cOs moradores entendem que a ovitrampa ajuda a medir onde tem mais foco e que a EDL \u00e9 uma estrat\u00e9gia nova; eles recebem a gente bem e acompanham as instru\u00e7\u00f5es\u201d, afirma.<\/p>\n<p>De acordo com a agente, as visitas semanais tamb\u00e9m s\u00e3o importantes por permitirem que os profissionais orientem sobre problemas al\u00e9m da dengue. \u201cMuitos moradores \u00e0s vezes n\u00e3o sabem o que fazer ou os riscos que est\u00e3o correndo, ent\u00e3o orientamos sempre a n\u00e3o deixar dep\u00f3sitos de \u00e1gua, e a tapar qualquer buraco que tiver, como ralos, para evitar os escorpi\u00f5es tamb\u00e9m, que nessa \u00e9poca chuvosa e quente come\u00e7am a sair mais dos lugares\u201d, explica.<\/p>\n<p><strong>Seguran\u00e7a e cuidado<\/strong><\/p>\n<p>A realidade vivida nos lares ilustra a import\u00e2ncia do monitoramento. Moradora do Trecho 1 do Sol Nascente, a cozinheira Ros\u00e2ngela Ferreira, de 41 anos, relata que o acompanhamento constante refor\u00e7a os cuidados cotidianos: \u201cCom as visitas frequentes, alerta mais a gente sobre n\u00e3o deixar \u00e1gua parada. Eu j\u00e1 tive dengue tr\u00eas vezes, em 2015, 2016 e 2020. Foi muito ruim. Mas n\u00e3o tive mais desde ent\u00e3o, e acho que essas a\u00e7\u00f5es ajudam bastante\u201d.<\/p>\n<p>No Trecho 3 do Sol Nascente, a dona de casa Regiane Lopes da Silva, 45, tamb\u00e9m ressalta o valor das orienta\u00e7\u00f5es, especialmente em um territ\u00f3rio com forte presen\u00e7a de crian\u00e7as: \u201c\u00c9 muito bom, porque os agentes explicam tudo direitinho. Tem que deixar a armadilha para o mosquito no cantinho, onde ningu\u00e9m mexe, manter pneu sem \u00e1gua, garrafa virada e tampar os ralos\u201d. Regiane conta que o filho j\u00e1 foi internado com dengue hemorr\u00e1gica h\u00e1 tr\u00eas anos, situa\u00e7\u00e3o que marcou a fam\u00edlia. \u201cAgora seguimos as orienta\u00e7\u00f5es, e todo mundo tomou a vacina; queremos ficar seguros contra essas doen\u00e7as\u201d, assegura.<\/p>\n","protected":false},"excerpt":{"rendered":"<p>O in\u00edcio do per\u00edodo chuvoso no Distrito Federal acendeu o alerta para o risco de aumento da popula\u00e7\u00e3o do Aedes aegypti, mosquito transmissor de dengue, chikungunya e zika. Diante do cen\u00e1rio, a Secretaria de Sa\u00fade (SES-DF) ampliou frentes de vigil\u00e2ncia e controle, apostando em tecnologias e armadilhas que mapeiam \u00e1reas cr\u00edticas e reduzem a circula\u00e7\u00e3o [&hellip;]<\/p>\n","protected":false},"author":21,"featured_media":372653,"comment_status":"closed","ping_status":"closed","sticky":false,"template":"","format":"standard","meta":{"_acf_changed":false,"footnotes":""},"categories":[161],"tags":[],"class_list":["post-372652","post","type-post","status-publish","format-standard","has-post-thumbnail","hentry","category-quadradinho-em-foco"],"acf":[],"_links":{"self":[{"href":"https:\/\/www.notibras.com\/site\/wp-json\/wp\/v2\/posts\/372652","targetHints":{"allow":["GET"]}}],"collection":[{"href":"https:\/\/www.notibras.com\/site\/wp-json\/wp\/v2\/posts"}],"about":[{"href":"https:\/\/www.notibras.com\/site\/wp-json\/wp\/v2\/types\/post"}],"author":[{"embeddable":true,"href":"https:\/\/www.notibras.com\/site\/wp-json\/wp\/v2\/users\/21"}],"replies":[{"embeddable":true,"href":"https:\/\/www.notibras.com\/site\/wp-json\/wp\/v2\/comments?post=372652"}],"version-history":[{"count":2,"href":"https:\/\/www.notibras.com\/site\/wp-json\/wp\/v2\/posts\/372652\/revisions"}],"predecessor-version":[{"id":372655,"href":"https:\/\/www.notibras.com\/site\/wp-json\/wp\/v2\/posts\/372652\/revisions\/372655"}],"wp:featuredmedia":[{"embeddable":true,"href":"https:\/\/www.notibras.com\/site\/wp-json\/wp\/v2\/media\/372653"}],"wp:attachment":[{"href":"https:\/\/www.notibras.com\/site\/wp-json\/wp\/v2\/media?parent=372652"}],"wp:term":[{"taxonomy":"category","embeddable":true,"href":"https:\/\/www.notibras.com\/site\/wp-json\/wp\/v2\/categories?post=372652"},{"taxonomy":"post_tag","embeddable":true,"href":"https:\/\/www.notibras.com\/site\/wp-json\/wp\/v2\/tags?post=372652"}],"curies":[{"name":"wp","href":"https:\/\/api.w.org\/{rel}","templated":true}]}}