{"id":372656,"date":"2025-11-28T01:15:49","date_gmt":"2025-11-28T04:15:49","guid":{"rendered":"https:\/\/www.notibras.com\/site\/?p=372656"},"modified":"2025-11-27T23:20:38","modified_gmt":"2025-11-28T02:20:38","slug":"nelson-souza-toma-posse-apos-aprovacao-pelo-banco-central","status":"publish","type":"post","link":"https:\/\/www.notibras.com\/site\/nelson-souza-toma-posse-apos-aprovacao-pelo-banco-central\/","title":{"rendered":"Nelson Souza toma posse ap\u00f3s aprova\u00e7\u00e3o pelo Banco Central"},"content":{"rendered":"<p>Nelson Ant\u00f4nio de Souza tomou posse nesta quinta-feira (27) e assumiu a presid\u00eancia do Banco BRB. Ele \u00e9 o 22\u00ba presidente da hist\u00f3ria da institui\u00e7\u00e3o. O nome dele foi aprovado nessa quarta (26) pelo Banco Central. Souza foi empossado pelo presidente do Conselho de Administra\u00e7\u00e3o do BRB, Marcelo Talarico.<\/p>\n<p>Ao tomar posse, o presidente comentou que o momento \u00e9 de muito trabalho e dedica\u00e7\u00e3o. Para ele, \u00e9 essencial que, ao final do ciclo, seja poss\u00edvel ter orgulho da trajet\u00f3ria, com resultados sustent\u00e1veis e valoriza\u00e7\u00e3o das pessoas.<\/p>\n<p>\u201cAssumo o compromisso de respeitar a miss\u00e3o e os valores do banco, ao mesmo tempo em que nos dedicamos a superar as adversidades juntos, com muito respeito uns pelos outros. Vamos fortalecer o BRB, mantendo o banco s\u00f3lido, confi\u00e1vel e com resultados sustent\u00e1veis, preservando a integridade das pr\u00e1ticas banc\u00e1rias e a confian\u00e7a de clientes e investidores\u201d, destacou.<\/p>\n<p><strong>Biografia<\/strong><\/p>\n<p>Com mais de quatro d\u00e9cadas de atua\u00e7\u00e3o no setor financeiro, o novo presidente traz ampla experi\u00eancia para a institui\u00e7\u00e3o. Souza nasceu em S\u00e3o Paulo, mas mudou-se ainda crian\u00e7a para o Piau\u00ed. Ele tem MBA em Consultoria Empresarial pela Universidade de Bras\u00edlia (UnB) e em Administra\u00e7\u00e3o e Marketing pelo Instituto de Estudos Empresariais do Rio de Janeiro. Souza tamb\u00e9m \u00e9 graduado em Letras e Psicologia.<\/p>\n<p>Come\u00e7ou a carreira como menor aprendiz no Banco do Brasil, onde foi concursado. Ingressou na Caixa Econ\u00f4mica Federal, tamb\u00e9m por concurso, em 1979.<\/p>\n<p>Ocupou diversos cargos na Caixa: foi vice-presidente de Habita\u00e7\u00e3o e tornou-se presidente da institui\u00e7\u00e3o em 2018. Presidiu ainda o Banco do Nordeste (BNB), a Desenvolve SP, e a BrasilCap. Mais recentemente, ocupava o cargo de vice-presidente da Elo.<\/p>\n<p>Reconhecido pelo perfil t\u00e9cnico e pela defesa da governan\u00e7a, transpar\u00eancia e gest\u00e3o de riscos, ele promete conduzir um \u201cchoque de gest\u00e3o\u201d para fortalecer a reputa\u00e7\u00e3o e a efici\u00eancia do BRB, valorizando os empregados e a popula\u00e7\u00e3o de Bras\u00edlia.<\/p>\n","protected":false},"excerpt":{"rendered":"<p>Nelson Ant\u00f4nio de Souza tomou posse nesta quinta-feira (27) e assumiu a presid\u00eancia do Banco BRB. Ele \u00e9 o 22\u00ba presidente da hist\u00f3ria da institui\u00e7\u00e3o. O nome dele foi aprovado nessa quarta (26) pelo Banco Central. Souza foi empossado pelo presidente do Conselho de Administra\u00e7\u00e3o do BRB, Marcelo Talarico. Ao tomar posse, o presidente comentou [&hellip;]<\/p>\n","protected":false},"author":21,"featured_media":372657,"comment_status":"closed","ping_status":"closed","sticky":false,"template":"","format":"standard","meta":{"_acf_changed":false,"footnotes":""},"categories":[161],"tags":[],"class_list":["post-372656","post","type-post","status-publish","format-standard","has-post-thumbnail","hentry","category-quadradinho-em-foco"],"acf":[],"_links":{"self":[{"href":"https:\/\/www.notibras.com\/site\/wp-json\/wp\/v2\/posts\/372656","targetHints":{"allow":["GET"]}}],"collection":[{"href":"https:\/\/www.notibras.com\/site\/wp-json\/wp\/v2\/posts"}],"about":[{"href":"https:\/\/www.notibras.com\/site\/wp-json\/wp\/v2\/types\/post"}],"author":[{"embeddable":true,"href":"https:\/\/www.notibras.com\/site\/wp-json\/wp\/v2\/users\/21"}],"replies":[{"embeddable":true,"href":"https:\/\/www.notibras.com\/site\/wp-json\/wp\/v2\/comments?post=372656"}],"version-history":[{"count":2,"href":"https:\/\/www.notibras.com\/site\/wp-json\/wp\/v2\/posts\/372656\/revisions"}],"predecessor-version":[{"id":372659,"href":"https:\/\/www.notibras.com\/site\/wp-json\/wp\/v2\/posts\/372656\/revisions\/372659"}],"wp:featuredmedia":[{"embeddable":true,"href":"https:\/\/www.notibras.com\/site\/wp-json\/wp\/v2\/media\/372657"}],"wp:attachment":[{"href":"https:\/\/www.notibras.com\/site\/wp-json\/wp\/v2\/media?parent=372656"}],"wp:term":[{"taxonomy":"category","embeddable":true,"href":"https:\/\/www.notibras.com\/site\/wp-json\/wp\/v2\/categories?post=372656"},{"taxonomy":"post_tag","embeddable":true,"href":"https:\/\/www.notibras.com\/site\/wp-json\/wp\/v2\/tags?post=372656"}],"curies":[{"name":"wp","href":"https:\/\/api.w.org\/{rel}","templated":true}]}}