{"id":372715,"date":"2025-11-28T06:56:20","date_gmt":"2025-11-28T09:56:20","guid":{"rendered":"https:\/\/www.notibras.com\/site\/?p=372715"},"modified":"2025-11-28T06:57:12","modified_gmt":"2025-11-28T09:57:12","slug":"misterios-silenciosos-da-mistica-ilha-de-pascoa","status":"publish","type":"post","link":"https:\/\/www.notibras.com\/site\/misterios-silenciosos-da-mistica-ilha-de-pascoa\/","title":{"rendered":"Mist\u00e9rios silenciosos da m\u00edstica Ilha de P\u00e1scoa"},"content":{"rendered":"<p data-start=\"250\" data-end=\"628\">H\u00e1 lugares no planeta que parecem n\u00e3o pertencer apenas \u00e0 geografia, mas tamb\u00e9m ao invis\u00edvel. A Ilha de P\u00e1scoa \u2014 ou Rapa Nui, como a chamam seus ancestrais \u2014 \u00e9 um desses pontos onde o tempo hesita, o vento fala e a pedra recorda. Espalhados pela paisagem \u00e1rida do Pac\u00edfico Sul, os moais vigiam o horizonte como sentinelas de um passado que se recusa a ser completamente revelado.<\/p>\n<p data-start=\"666\" data-end=\"1097\">Os moais, gigantes talhados em tufo vulc\u00e2nico, n\u00e3o s\u00e3o simples esculturas; s\u00e3o fragmentos espirituais de um povo que via na ancestralidade a for\u00e7a que sustenta o mundo. As est\u00e1tuas, com seus olhos outrora adornados de coral, n\u00e3o olham <em data-start=\"901\" data-end=\"907\">para<\/em> o mar, mas <em data-start=\"919\" data-end=\"928\">atrav\u00e9s<\/em> dele. Dizem que observam o caminho por onde vieram seus esp\u00edritos guardi\u00f5es. Outras vers\u00f5es afirmam que contemplam o interior da ilha para proteger aldeias e linhagens.<\/p>\n<p data-start=\"1099\" data-end=\"1236\">No sil\u00eancio p\u00e9treo dessas figuras, h\u00e1 uma sensa\u00e7\u00e3o de que o tempo permanece suspenso \u2014 como se os moais fossem portais para eras remotas.<\/p>\n<p data-start=\"1273\" data-end=\"1547\">Como um povo sem metalurgia desenvolvida conseguiu mover blocos de dezenas de toneladas? A explica\u00e7\u00e3o racional aponta para troncos, cordas e engenharia surpreendente. Mas entre os habitantes atuais, preserva-se uma narrativa mais sutil e m\u00e1gica: os moais se moviam sozinhos.<\/p>\n<p data-start=\"1549\" data-end=\"1853\">N\u00e3o se trata de deslocamento f\u00edsico, mas de um conceito espiritual chamado mana, uma energia sagrada capaz de animar aquilo que guarda o esp\u00edrito dos ancestrais. Para os rapanui, havia moais com vida \u2014 n\u00e3o no sentido mundano, mas no sentido m\u00edstico, onde a pedra \u00e9 corpo e a energia ancestral \u00e9 alma.<\/p>\n<p data-start=\"1878\" data-end=\"2159\">Lendas locais contam que cada moai possui um \u201ccanto interior\u201d, um sussurro vibracional que se manifesta quando algu\u00e9m se aproxima com respeito e sil\u00eancio verdadeiro. Alguns visitantes afirmam sentir uma vibra\u00e7\u00e3o leve, um calafrio doce, um pressentimento de que algo antigo observa.<\/p>\n<p data-start=\"2161\" data-end=\"2279\">Seriam mem\u00f3rias do povo rapanui inscritas nas rochas? Ou apenas a sensibilidade humana buscando conex\u00e3o com o sagrado?<\/p>\n<p data-start=\"2281\" data-end=\"2336\">Em territ\u00f3rios m\u00edsticos, a d\u00favida \u00e9 parte da revela\u00e7\u00e3o.<\/p>\n<p data-start=\"2371\" data-end=\"2667\">Para os antigos habitantes, as est\u00e1tuas eram mais do que homenagens: eram moradas espirituais. Ali residiam os protetores da comunidade, aqueles que guiavam a pesca, as colheitas e a ordem entre as tribos. Cada moai tem personalidade, linhagem e inten\u00e7\u00e3o. N\u00e3o \u00e9 um monumento \u2014 \u00e9 uma presen\u00e7a.<\/p>\n<p data-start=\"2669\" data-end=\"2844\">Mesmo hoje, muitos rapanui evitam tocar os moais sem permiss\u00e3o ritual. H\u00e1 quem diga que \u00e9 poss\u00edvel sentir a \u201crespira\u00e7\u00e3o da terra\u201d quando se coloca a m\u00e3o pr\u00f3xima \u00e0s suas bases.<\/p>\n<p data-start=\"2879\" data-end=\"3288\">Outro mist\u00e9rio que ecoa na ilha \u00e9 o culto ao tangata manu, o Homem-P\u00e1ssaro. Todos os anos, guerreiros disputavam uma prova quase sobre-humana para trazer o primeiro ovo sagrado de uma ilhota vizinha. Essa tradi\u00e7\u00e3o, entre o sagrado e o perigoso, dialoga com os moais como parte de um sistema simb\u00f3lico profundo \u2014 onde o homem n\u00e3o busca apenas poder, mas conex\u00e3o com for\u00e7as que transcendem o mundo material.<\/p>\n<p data-start=\"3290\" data-end=\"3413\">A Ilha de P\u00e1scoa, assim, \u00e9 um tabuleiro esculpido pelo misticismo: pedras que vigiam, deuses que voam, energia que circula.<\/p>\n<p data-start=\"3446\" data-end=\"3693\">Talvez jamais saibamos tudo. Talvez n\u00e3o devamos. A energia dos moais pertence a uma dimens\u00e3o onde o sagrado n\u00e3o se explica \u2014 se experiencia. Cada visitante leva consigo algo: um sonho estranho, uma mem\u00f3ria que n\u00e3o \u00e9 sua, um sil\u00eancio que fala alto.<\/p>\n<p data-start=\"3695\" data-end=\"3822\">A Ilha de P\u00e1scoa segue ali, entre o c\u00e9u e o mar, lembrando-nos de que o extraordin\u00e1rio existe, mesmo quando escondido em pedra.<\/p>\n","protected":false},"excerpt":{"rendered":"<p>H\u00e1 lugares no planeta que parecem n\u00e3o pertencer apenas \u00e0 geografia, mas tamb\u00e9m ao invis\u00edvel. A Ilha de P\u00e1scoa \u2014 ou Rapa Nui, como a chamam seus ancestrais \u2014 \u00e9 um desses pontos onde o tempo hesita, o vento fala e a pedra recorda. Espalhados pela paisagem \u00e1rida do Pac\u00edfico Sul, os moais vigiam o [&hellip;]<\/p>\n","protected":false},"author":2,"featured_media":372716,"comment_status":"closed","ping_status":"closed","sticky":false,"template":"","format":"standard","meta":{"_acf_changed":false,"footnotes":""},"categories":[237],"tags":[],"class_list":["post-372715","post","type-post","status-publish","format-standard","has-post-thumbnail","hentry","category-oraculos"],"acf":[],"yoast_head":"<!-- This site is optimized with the Yoast SEO plugin v27.2 - https:\/\/yoast.com\/product\/yoast-seo-wordpress\/ -->\n<title>Mist\u00e9rios silenciosos da m\u00edstica Ilha de P\u00e1scoa - Notibras<\/title>\n<meta name=\"robots\" content=\"index, follow, max-snippet:-1, max-image-preview:large, max-video-preview:-1\" \/>\n<link rel=\"canonical\" href=\"https:\/\/www.notibras.com\/site\/misterios-silenciosos-da-mistica-ilha-de-pascoa\/\" \/>\n<meta property=\"og:locale\" content=\"pt_BR\" \/>\n<meta property=\"og:type\" content=\"article\" \/>\n<meta property=\"og:title\" content=\"Mist\u00e9rios silenciosos da m\u00edstica Ilha de P\u00e1scoa - Notibras\" \/>\n<meta property=\"og:description\" content=\"H\u00e1 lugares no planeta que parecem n\u00e3o pertencer apenas \u00e0 geografia, mas tamb\u00e9m ao invis\u00edvel. A Ilha de P\u00e1scoa \u2014 ou Rapa Nui, como a chamam seus ancestrais \u2014 \u00e9 um desses pontos onde o tempo hesita, o vento fala e a pedra recorda. Espalhados pela paisagem \u00e1rida do Pac\u00edfico Sul, os moais vigiam o [&hellip;]\" \/>\n<meta property=\"og:url\" content=\"https:\/\/www.notibras.com\/site\/misterios-silenciosos-da-mistica-ilha-de-pascoa\/\" \/>\n<meta property=\"og:site_name\" content=\"Notibras\" \/>\n<meta property=\"article:publisher\" content=\"https:\/\/www.facebook.com\/notibras\/\" \/>\n<meta property=\"article:published_time\" content=\"2025-11-28T09:56:20+00:00\" \/>\n<meta property=\"article:modified_time\" content=\"2025-11-28T09:57:12+00:00\" \/>\n<meta property=\"og:image\" content=\"https:\/\/www.notibras.com\/site\/wp-content\/uploads\/2025\/11\/21402972-14fc-40fc-9887-f4ec78ec0e27.png\" \/>\n\t<meta property=\"og:image:width\" content=\"1536\" \/>\n\t<meta property=\"og:image:height\" content=\"1024\" \/>\n\t<meta property=\"og:image:type\" content=\"image\/png\" \/>\n<meta name=\"author\" content=\"Reda\u00e7\u00e3o\" \/>\n<meta name=\"twitter:card\" content=\"summary_large_image\" \/>\n<meta name=\"twitter:creator\" content=\"@Notibras\" \/>\n<meta name=\"twitter:site\" content=\"@Notibras\" \/>\n<meta name=\"twitter:label1\" content=\"Escrito por\" \/>\n\t<meta name=\"twitter:data1\" content=\"Reda\u00e7\u00e3o\" \/>\n\t<meta name=\"twitter:label2\" content=\"Est. tempo de leitura\" \/>\n\t<meta name=\"twitter:data2\" content=\"4 minutos\" \/>\n<script type=\"application\/ld+json\" class=\"yoast-schema-graph\">{\"@context\":\"https:\/\/schema.org\",\"@graph\":[{\"@type\":\"Article\",\"@id\":\"https:\/\/www.notibras.com\/site\/misterios-silenciosos-da-mistica-ilha-de-pascoa\/#article\",\"isPartOf\":{\"@id\":\"https:\/\/www.notibras.com\/site\/misterios-silenciosos-da-mistica-ilha-de-pascoa\/\"},\"author\":{\"name\":\"Reda\u00e7\u00e3o\",\"@id\":\"https:\/\/www.notibras.com\/site\/#\/schema\/person\/36ab0979449956132d3e5b517ea76ac8\"},\"headline\":\"Mist\u00e9rios silenciosos da m\u00edstica Ilha de P\u00e1scoa\",\"datePublished\":\"2025-11-28T09:56:20+00:00\",\"dateModified\":\"2025-11-28T09:57:12+00:00\",\"mainEntityOfPage\":{\"@id\":\"https:\/\/www.notibras.com\/site\/misterios-silenciosos-da-mistica-ilha-de-pascoa\/\"},\"wordCount\":610,\"publisher\":{\"@id\":\"https:\/\/www.notibras.com\/site\/#organization\"},\"image\":{\"@id\":\"https:\/\/www.notibras.com\/site\/misterios-silenciosos-da-mistica-ilha-de-pascoa\/#primaryimage\"},\"thumbnailUrl\":\"https:\/\/www.notibras.com\/site\/wp-content\/uploads\/2025\/11\/21402972-14fc-40fc-9887-f4ec78ec0e27.png\",\"articleSection\":[\"Or\u00e1culos\"],\"inLanguage\":\"pt-BR\"},{\"@type\":\"WebPage\",\"@id\":\"https:\/\/www.notibras.com\/site\/misterios-silenciosos-da-mistica-ilha-de-pascoa\/\",\"url\":\"https:\/\/www.notibras.com\/site\/misterios-silenciosos-da-mistica-ilha-de-pascoa\/\",\"name\":\"Mist\u00e9rios silenciosos da m\u00edstica Ilha de P\u00e1scoa - Notibras\",\"isPartOf\":{\"@id\":\"https:\/\/www.notibras.com\/site\/#website\"},\"primaryImageOfPage\":{\"@id\":\"https:\/\/www.notibras.com\/site\/misterios-silenciosos-da-mistica-ilha-de-pascoa\/#primaryimage\"},\"image\":{\"@id\":\"https:\/\/www.notibras.com\/site\/misterios-silenciosos-da-mistica-ilha-de-pascoa\/#primaryimage\"},\"thumbnailUrl\":\"https:\/\/www.notibras.com\/site\/wp-content\/uploads\/2025\/11\/21402972-14fc-40fc-9887-f4ec78ec0e27.png\",\"datePublished\":\"2025-11-28T09:56:20+00:00\",\"dateModified\":\"2025-11-28T09:57:12+00:00\",\"breadcrumb\":{\"@id\":\"https:\/\/www.notibras.com\/site\/misterios-silenciosos-da-mistica-ilha-de-pascoa\/#breadcrumb\"},\"inLanguage\":\"pt-BR\",\"potentialAction\":[{\"@type\":\"ReadAction\",\"target\":[\"https:\/\/www.notibras.com\/site\/misterios-silenciosos-da-mistica-ilha-de-pascoa\/\"]}]},{\"@type\":\"ImageObject\",\"inLanguage\":\"pt-BR\",\"@id\":\"https:\/\/www.notibras.com\/site\/misterios-silenciosos-da-mistica-ilha-de-pascoa\/#primaryimage\",\"url\":\"https:\/\/www.notibras.com\/site\/wp-content\/uploads\/2025\/11\/21402972-14fc-40fc-9887-f4ec78ec0e27.png\",\"contentUrl\":\"https:\/\/www.notibras.com\/site\/wp-content\/uploads\/2025\/11\/21402972-14fc-40fc-9887-f4ec78ec0e27.png\",\"width\":1536,\"height\":1024},{\"@type\":\"BreadcrumbList\",\"@id\":\"https:\/\/www.notibras.com\/site\/misterios-silenciosos-da-mistica-ilha-de-pascoa\/#breadcrumb\",\"itemListElement\":[{\"@type\":\"ListItem\",\"position\":1,\"name\":\"In\u00edcio\",\"item\":\"https:\/\/www.notibras.com\/site\/\"},{\"@type\":\"ListItem\",\"position\":2,\"name\":\"Mist\u00e9rios silenciosos da m\u00edstica Ilha de P\u00e1scoa\"}]},{\"@type\":\"WebSite\",\"@id\":\"https:\/\/www.notibras.com\/site\/#website\",\"url\":\"https:\/\/www.notibras.com\/site\/\",\"name\":\"Notibras\",\"description\":\"Not\u00edcias de Bras\u00edlia, do Brasil e do Mundo\",\"publisher\":{\"@id\":\"https:\/\/www.notibras.com\/site\/#organization\"},\"potentialAction\":[{\"@type\":\"SearchAction\",\"target\":{\"@type\":\"EntryPoint\",\"urlTemplate\":\"https:\/\/www.notibras.com\/site\/?s={search_term_string}\"},\"query-input\":{\"@type\":\"PropertyValueSpecification\",\"valueRequired\":true,\"valueName\":\"search_term_string\"}}],\"inLanguage\":\"pt-BR\"},{\"@type\":\"Organization\",\"@id\":\"https:\/\/www.notibras.com\/site\/#organization\",\"name\":\"Grupo Notibras de Comunica\u00e7\u00e3o\",\"url\":\"https:\/\/www.notibras.com\/site\/\",\"logo\":{\"@type\":\"ImageObject\",\"inLanguage\":\"pt-BR\",\"@id\":\"https:\/\/www.notibras.com\/site\/#\/schema\/logo\/image\/\",\"url\":\"https:\/\/www.notibras.com\/site\/wp-content\/uploads\/2023\/01\/notibras23.png\",\"contentUrl\":\"https:\/\/www.notibras.com\/site\/wp-content\/uploads\/2023\/01\/notibras23.png\",\"width\":350,\"height\":87,\"caption\":\"Grupo Notibras de Comunica\u00e7\u00e3o\"},\"image\":{\"@id\":\"https:\/\/www.notibras.com\/site\/#\/schema\/logo\/image\/\"},\"sameAs\":[\"https:\/\/www.facebook.com\/notibras\/\",\"https:\/\/x.com\/Notibras\",\"https:\/\/www.instagram.com\/notibras\/\"]},{\"@type\":\"Person\",\"@id\":\"https:\/\/www.notibras.com\/site\/#\/schema\/person\/36ab0979449956132d3e5b517ea76ac8\",\"name\":\"Reda\u00e7\u00e3o\",\"image\":{\"@type\":\"ImageObject\",\"inLanguage\":\"pt-BR\",\"@id\":\"https:\/\/secure.gravatar.com\/avatar\/e0a867bdedb85fd243eadf09663511f96fc81e0720a4a42581f334ad4303aa6b?s=96&d=mm&r=g\",\"url\":\"https:\/\/secure.gravatar.com\/avatar\/e0a867bdedb85fd243eadf09663511f96fc81e0720a4a42581f334ad4303aa6b?s=96&d=mm&r=g\",\"contentUrl\":\"https:\/\/secure.gravatar.com\/avatar\/e0a867bdedb85fd243eadf09663511f96fc81e0720a4a42581f334ad4303aa6b?s=96&d=mm&r=g\",\"caption\":\"Reda\u00e7\u00e3o\"}}]}<\/script>\n<!-- \/ Yoast SEO plugin. -->","yoast_head_json":{"title":"Mist\u00e9rios silenciosos da m\u00edstica Ilha de P\u00e1scoa - Notibras","robots":{"index":"index","follow":"follow","max-snippet":"max-snippet:-1","max-image-preview":"max-image-preview:large","max-video-preview":"max-video-preview:-1"},"canonical":"https:\/\/www.notibras.com\/site\/misterios-silenciosos-da-mistica-ilha-de-pascoa\/","og_locale":"pt_BR","og_type":"article","og_title":"Mist\u00e9rios silenciosos da m\u00edstica Ilha de P\u00e1scoa - Notibras","og_description":"H\u00e1 lugares no planeta que parecem n\u00e3o pertencer apenas \u00e0 geografia, mas tamb\u00e9m ao invis\u00edvel. A Ilha de P\u00e1scoa \u2014 ou Rapa Nui, como a chamam seus ancestrais \u2014 \u00e9 um desses pontos onde o tempo hesita, o vento fala e a pedra recorda. Espalhados pela paisagem \u00e1rida do Pac\u00edfico Sul, os moais vigiam o [&hellip;]","og_url":"https:\/\/www.notibras.com\/site\/misterios-silenciosos-da-mistica-ilha-de-pascoa\/","og_site_name":"Notibras","article_publisher":"https:\/\/www.facebook.com\/notibras\/","article_published_time":"2025-11-28T09:56:20+00:00","article_modified_time":"2025-11-28T09:57:12+00:00","og_image":[{"width":1536,"height":1024,"url":"https:\/\/www.notibras.com\/site\/wp-content\/uploads\/2025\/11\/21402972-14fc-40fc-9887-f4ec78ec0e27.png","type":"image\/png"}],"author":"Reda\u00e7\u00e3o","twitter_card":"summary_large_image","twitter_creator":"@Notibras","twitter_site":"@Notibras","twitter_misc":{"Escrito por":"Reda\u00e7\u00e3o","Est. tempo de leitura":"4 minutos"},"schema":{"@context":"https:\/\/schema.org","@graph":[{"@type":"Article","@id":"https:\/\/www.notibras.com\/site\/misterios-silenciosos-da-mistica-ilha-de-pascoa\/#article","isPartOf":{"@id":"https:\/\/www.notibras.com\/site\/misterios-silenciosos-da-mistica-ilha-de-pascoa\/"},"author":{"name":"Reda\u00e7\u00e3o","@id":"https:\/\/www.notibras.com\/site\/#\/schema\/person\/36ab0979449956132d3e5b517ea76ac8"},"headline":"Mist\u00e9rios silenciosos da m\u00edstica Ilha de P\u00e1scoa","datePublished":"2025-11-28T09:56:20+00:00","dateModified":"2025-11-28T09:57:12+00:00","mainEntityOfPage":{"@id":"https:\/\/www.notibras.com\/site\/misterios-silenciosos-da-mistica-ilha-de-pascoa\/"},"wordCount":610,"publisher":{"@id":"https:\/\/www.notibras.com\/site\/#organization"},"image":{"@id":"https:\/\/www.notibras.com\/site\/misterios-silenciosos-da-mistica-ilha-de-pascoa\/#primaryimage"},"thumbnailUrl":"https:\/\/www.notibras.com\/site\/wp-content\/uploads\/2025\/11\/21402972-14fc-40fc-9887-f4ec78ec0e27.png","articleSection":["Or\u00e1culos"],"inLanguage":"pt-BR"},{"@type":"WebPage","@id":"https:\/\/www.notibras.com\/site\/misterios-silenciosos-da-mistica-ilha-de-pascoa\/","url":"https:\/\/www.notibras.com\/site\/misterios-silenciosos-da-mistica-ilha-de-pascoa\/","name":"Mist\u00e9rios silenciosos da m\u00edstica Ilha de P\u00e1scoa - Notibras","isPartOf":{"@id":"https:\/\/www.notibras.com\/site\/#website"},"primaryImageOfPage":{"@id":"https:\/\/www.notibras.com\/site\/misterios-silenciosos-da-mistica-ilha-de-pascoa\/#primaryimage"},"image":{"@id":"https:\/\/www.notibras.com\/site\/misterios-silenciosos-da-mistica-ilha-de-pascoa\/#primaryimage"},"thumbnailUrl":"https:\/\/www.notibras.com\/site\/wp-content\/uploads\/2025\/11\/21402972-14fc-40fc-9887-f4ec78ec0e27.png","datePublished":"2025-11-28T09:56:20+00:00","dateModified":"2025-11-28T09:57:12+00:00","breadcrumb":{"@id":"https:\/\/www.notibras.com\/site\/misterios-silenciosos-da-mistica-ilha-de-pascoa\/#breadcrumb"},"inLanguage":"pt-BR","potentialAction":[{"@type":"ReadAction","target":["https:\/\/www.notibras.com\/site\/misterios-silenciosos-da-mistica-ilha-de-pascoa\/"]}]},{"@type":"ImageObject","inLanguage":"pt-BR","@id":"https:\/\/www.notibras.com\/site\/misterios-silenciosos-da-mistica-ilha-de-pascoa\/#primaryimage","url":"https:\/\/www.notibras.com\/site\/wp-content\/uploads\/2025\/11\/21402972-14fc-40fc-9887-f4ec78ec0e27.png","contentUrl":"https:\/\/www.notibras.com\/site\/wp-content\/uploads\/2025\/11\/21402972-14fc-40fc-9887-f4ec78ec0e27.png","width":1536,"height":1024},{"@type":"BreadcrumbList","@id":"https:\/\/www.notibras.com\/site\/misterios-silenciosos-da-mistica-ilha-de-pascoa\/#breadcrumb","itemListElement":[{"@type":"ListItem","position":1,"name":"In\u00edcio","item":"https:\/\/www.notibras.com\/site\/"},{"@type":"ListItem","position":2,"name":"Mist\u00e9rios silenciosos da m\u00edstica Ilha de P\u00e1scoa"}]},{"@type":"WebSite","@id":"https:\/\/www.notibras.com\/site\/#website","url":"https:\/\/www.notibras.com\/site\/","name":"Notibras","description":"Not\u00edcias de Bras\u00edlia, do Brasil e do Mundo","publisher":{"@id":"https:\/\/www.notibras.com\/site\/#organization"},"potentialAction":[{"@type":"SearchAction","target":{"@type":"EntryPoint","urlTemplate":"https:\/\/www.notibras.com\/site\/?s={search_term_string}"},"query-input":{"@type":"PropertyValueSpecification","valueRequired":true,"valueName":"search_term_string"}}],"inLanguage":"pt-BR"},{"@type":"Organization","@id":"https:\/\/www.notibras.com\/site\/#organization","name":"Grupo Notibras de Comunica\u00e7\u00e3o","url":"https:\/\/www.notibras.com\/site\/","logo":{"@type":"ImageObject","inLanguage":"pt-BR","@id":"https:\/\/www.notibras.com\/site\/#\/schema\/logo\/image\/","url":"https:\/\/www.notibras.com\/site\/wp-content\/uploads\/2023\/01\/notibras23.png","contentUrl":"https:\/\/www.notibras.com\/site\/wp-content\/uploads\/2023\/01\/notibras23.png","width":350,"height":87,"caption":"Grupo Notibras de Comunica\u00e7\u00e3o"},"image":{"@id":"https:\/\/www.notibras.com\/site\/#\/schema\/logo\/image\/"},"sameAs":["https:\/\/www.facebook.com\/notibras\/","https:\/\/x.com\/Notibras","https:\/\/www.instagram.com\/notibras\/"]},{"@type":"Person","@id":"https:\/\/www.notibras.com\/site\/#\/schema\/person\/36ab0979449956132d3e5b517ea76ac8","name":"Reda\u00e7\u00e3o","image":{"@type":"ImageObject","inLanguage":"pt-BR","@id":"https:\/\/secure.gravatar.com\/avatar\/e0a867bdedb85fd243eadf09663511f96fc81e0720a4a42581f334ad4303aa6b?s=96&d=mm&r=g","url":"https:\/\/secure.gravatar.com\/avatar\/e0a867bdedb85fd243eadf09663511f96fc81e0720a4a42581f334ad4303aa6b?s=96&d=mm&r=g","contentUrl":"https:\/\/secure.gravatar.com\/avatar\/e0a867bdedb85fd243eadf09663511f96fc81e0720a4a42581f334ad4303aa6b?s=96&d=mm&r=g","caption":"Reda\u00e7\u00e3o"}}]}},"amp_enabled":true,"_links":{"self":[{"href":"https:\/\/www.notibras.com\/site\/wp-json\/wp\/v2\/posts\/372715","targetHints":{"allow":["GET"]}}],"collection":[{"href":"https:\/\/www.notibras.com\/site\/wp-json\/wp\/v2\/posts"}],"about":[{"href":"https:\/\/www.notibras.com\/site\/wp-json\/wp\/v2\/types\/post"}],"author":[{"embeddable":true,"href":"https:\/\/www.notibras.com\/site\/wp-json\/wp\/v2\/users\/2"}],"replies":[{"embeddable":true,"href":"https:\/\/www.notibras.com\/site\/wp-json\/wp\/v2\/comments?post=372715"}],"version-history":[{"count":2,"href":"https:\/\/www.notibras.com\/site\/wp-json\/wp\/v2\/posts\/372715\/revisions"}],"predecessor-version":[{"id":372718,"href":"https:\/\/www.notibras.com\/site\/wp-json\/wp\/v2\/posts\/372715\/revisions\/372718"}],"wp:featuredmedia":[{"embeddable":true,"href":"https:\/\/www.notibras.com\/site\/wp-json\/wp\/v2\/media\/372716"}],"wp:attachment":[{"href":"https:\/\/www.notibras.com\/site\/wp-json\/wp\/v2\/media?parent=372715"}],"wp:term":[{"taxonomy":"category","embeddable":true,"href":"https:\/\/www.notibras.com\/site\/wp-json\/wp\/v2\/categories?post=372715"},{"taxonomy":"post_tag","embeddable":true,"href":"https:\/\/www.notibras.com\/site\/wp-json\/wp\/v2\/tags?post=372715"}],"curies":[{"name":"wp","href":"https:\/\/api.w.org\/{rel}","templated":true}]}}