{"id":372731,"date":"2025-11-28T07:37:03","date_gmt":"2025-11-28T10:37:03","guid":{"rendered":"https:\/\/www.notibras.com\/site\/?p=372731"},"modified":"2025-11-28T07:39:17","modified_gmt":"2025-11-28T10:39:17","slug":"vida-nas-capitais-nordestinas-e-leve-como-plumas-levadas-pela-brisa","status":"publish","type":"post","link":"https:\/\/www.notibras.com\/site\/vida-nas-capitais-nordestinas-e-leve-como-plumas-levadas-pela-brisa\/","title":{"rendered":"Vida nas capitais nordestinas \u00e9 leve como plumas levadas pela brisa"},"content":{"rendered":"<p>Dizem que cada capital nordestina \u00e9 como um compasso diferente dentro da mesma can\u00e7\u00e3o. Salvador canta em redemoinhos; Recife pulsa em espirais; Fortaleza desliza como vento de praia que sabe provocar. Mas o encanto real est\u00e1 no cotidiano, essa mat\u00e9ria invis\u00edvel que move milh\u00f5es.<\/p>\n<p>Nos primeiros passos da manh\u00e3, j\u00e1 se v\u00ea o mapa humano se abrindo. Em Recife, o sol escorre entre os pr\u00e9dios e derrama dourado nos \u00f4nibus lotados. O frevo parece adormecido, mas basta um motorista gritar \u201cdesce pela frente!\u201d para que a coreografia comece. Cada pessoa ali carrega uma pressa pr\u00f3pria, quase sempre acompanhada de esperan\u00e7a embrulhada em sacolas reutilizadas.<\/p>\n<p>Fortaleza desperta com cheiro de mar e barulho de motos que parecem brotar do asfalto. A Beira-Mar \u00e9 vitrine e ref\u00fagio: trabalhadores vendendo \u00e1gua de coco, turistas distra\u00eddos, moradores que caminham como se estivessem costurando hist\u00f3rias na cal\u00e7ada. Ali, o cotidiano \u00e9 uma jangada invis\u00edvel: navega, resiste, balan\u00e7a \u2014 mas ningu\u00e9m deixa virar.<\/p>\n<p>Em Salvador, a ladeira \u00e9 destino e desafio. A cidade mistura f\u00e9 e ritmo como quem mexe uma panela antiga com colher de pau: nada fica igual. O Pelourinho observa tudo do alto, e as ruas vibram com o som da vida moderna batendo nas paredes coloniais. Gente indo trabalhar em passos espremidos, gente voltando num riso cansado. A cidade acolhe e exige, abra\u00e7a e empurra \u2014 como toda capital que se orgulha de ser gigante.<\/p>\n<p>E, apesar das diferen\u00e7as, algo as une: o improviso. O nordestino das capitais vive equilibrado entre sonho e boleto, com uma criatividade que escapa pelas frestas. Se falta tempo, inventa. Se falta dinheiro, reinventa. Se falta sossego, respira fundo e segue, porque o futuro sempre promete alguma marola favor\u00e1vel.<\/p>\n<p>A vida nas capitais nordestinas \u00e9 esse mosaico vivo: cores que conversam, sons que se trombam, pessoas que carregam fogo nos gestos e leveza nos olhos. Cada uma delas um universo inteiro, caminhando em avenidas que nunca dormem \u2014 e que, de alguma forma, sempre devolvem luz.<\/p>\n","protected":false},"excerpt":{"rendered":"<p>Dizem que cada capital nordestina \u00e9 como um compasso diferente dentro da mesma can\u00e7\u00e3o. Salvador canta em redemoinhos; Recife pulsa em espirais; Fortaleza desliza como vento de praia que sabe provocar. Mas o encanto real est\u00e1 no cotidiano, essa mat\u00e9ria invis\u00edvel que move milh\u00f5es. Nos primeiros passos da manh\u00e3, j\u00e1 se v\u00ea o mapa humano [&hellip;]<\/p>\n","protected":false},"author":2,"featured_media":372732,"comment_status":"closed","ping_status":"closed","sticky":false,"template":"","format":"standard","meta":{"_acf_changed":false,"footnotes":""},"categories":[165],"tags":[],"class_list":["post-372731","post","type-post","status-publish","format-standard","has-post-thumbnail","hentry","category-nordeste"],"acf":[],"_links":{"self":[{"href":"https:\/\/www.notibras.com\/site\/wp-json\/wp\/v2\/posts\/372731","targetHints":{"allow":["GET"]}}],"collection":[{"href":"https:\/\/www.notibras.com\/site\/wp-json\/wp\/v2\/posts"}],"about":[{"href":"https:\/\/www.notibras.com\/site\/wp-json\/wp\/v2\/types\/post"}],"author":[{"embeddable":true,"href":"https:\/\/www.notibras.com\/site\/wp-json\/wp\/v2\/users\/2"}],"replies":[{"embeddable":true,"href":"https:\/\/www.notibras.com\/site\/wp-json\/wp\/v2\/comments?post=372731"}],"version-history":[{"count":4,"href":"https:\/\/www.notibras.com\/site\/wp-json\/wp\/v2\/posts\/372731\/revisions"}],"predecessor-version":[{"id":372736,"href":"https:\/\/www.notibras.com\/site\/wp-json\/wp\/v2\/posts\/372731\/revisions\/372736"}],"wp:featuredmedia":[{"embeddable":true,"href":"https:\/\/www.notibras.com\/site\/wp-json\/wp\/v2\/media\/372732"}],"wp:attachment":[{"href":"https:\/\/www.notibras.com\/site\/wp-json\/wp\/v2\/media?parent=372731"}],"wp:term":[{"taxonomy":"category","embeddable":true,"href":"https:\/\/www.notibras.com\/site\/wp-json\/wp\/v2\/categories?post=372731"},{"taxonomy":"post_tag","embeddable":true,"href":"https:\/\/www.notibras.com\/site\/wp-json\/wp\/v2\/tags?post=372731"}],"curies":[{"name":"wp","href":"https:\/\/api.w.org\/{rel}","templated":true}]}}