{"id":372742,"date":"2025-11-28T16:17:06","date_gmt":"2025-11-28T19:17:06","guid":{"rendered":"https:\/\/www.notibras.com\/site\/?p=372742"},"modified":"2025-11-28T17:23:47","modified_gmt":"2025-11-28T20:23:47","slug":"cinco-coroneis-da-pm-podem-ficar-presos-por-16-anos","status":"publish","type":"post","link":"https:\/\/www.notibras.com\/site\/cinco-coroneis-da-pm-podem-ficar-presos-por-16-anos\/","title":{"rendered":"Cinco coron\u00e9is da PM podem ficar presos por 16 anos"},"content":{"rendered":"<p>O ministro Alexandre de Moraes, do Supremo Tribunal Federal (STF), votou nesta sexta-feira (28) para condenar cinco ex-integrantes da c\u00fapula da Pol\u00edcia Militar do Distrito Federal a 16 anos de pris\u00e3o por omiss\u00e3o na conten\u00e7\u00e3o dos atos golpistas de 8 de janeiro de 2023.<\/p>\n<p>O voto foi proferido durante julgamento virtual no qual a Primeira Turma da Corte vai decidir se condena os acusados denunciados ao Supremo pela Procuradoria-Geral da Rep\u00fablica (PGR).<\/p>\n<p>Moraes votou pela condena\u00e7\u00e3o de F\u00e1bio Augusto Vieira, ex-comandante-geral, e Klepter Rosa Gon\u00e7alves, ex-subcomandante-geral, al\u00e9m dos coron\u00e9is Jorge Eduardo Barreto Naime, Paulo Jos\u00e9 Ferreira de Sousa e Marcelo Casimiro Vasconcelos.<\/p>\n<p><strong>Omiss\u00e3o<\/strong><br \/>\nNo entendimento do ministro, os r\u00e9us tiveram condutas omissas durante os atos golpistas e cometeram os crimes de aboli\u00e7\u00e3o violenta do Estado Democr\u00e1tico de Direito, golpe de Estado, dano qualificado e deteriora\u00e7\u00e3o do patrim\u00f4nio tombado.<\/p>\n<p>&#8220;O arb\u00edtrio, a viol\u00eancia e a quebra dos princ\u00edpios republicanos, como se verificou com os atos criminosos perpetrados por multid\u00f5es que invadiram os pr\u00e9dios dos Tr\u00eas Poderes em 8 de janeiro de 2023, [foram] facilitados pela omiss\u00e3o dolosa de autoridades respons\u00e1veis pela seguran\u00e7a institucional&#8221;, argumentou.<\/p>\n<p>O ministro do STF tamb\u00e9m entendeu que os acusados devem ser condenados ao pagamento solid\u00e1rio de R$ 30 milh\u00f5es pelos danos causados pela depreda\u00e7\u00e3o dos pr\u00e9dios p\u00fablicos durante os atos. O valor ser\u00e1 dividido entre todos os condenados nas a\u00e7\u00f5es que tratam da trama golpista. Al\u00e9m disso, eles dever\u00e3o perder os cargos p\u00fablicos ap\u00f3s o fim do processo.<\/p>\n<p>A vota\u00e7\u00e3o eletr\u00f4nica prossegue at\u00e9 5 de dezembro. Faltam os votos dos ministros Fl\u00e1vio Dino, Cristiano Zanin e C\u00e1rmen L\u00facia.<\/p>\n<p><strong>Absolvi\u00e7\u00e3o<\/strong><br \/>\nAlexandre de Moraes tamb\u00e9m votou pela absolvi\u00e7\u00e3o do major Fl\u00e1vio Silvestre de Alencar e o tenente Rafael Pereira Martins. Ele entendeu que n\u00e3o h\u00e1 provas suficientes de que os r\u00e9us tinham poder de decis\u00e3o sobre as tropas.<\/p>\n<p>Durante a tramita\u00e7\u00e3o dos processos, as defesas dos acusados questionaram a realiza\u00e7\u00e3o do julgamento pelo STF e afirmaram que os acusados n\u00e3o t\u00eam foro privilegiado. Os advogados tamb\u00e9m alegaram cerceamento de defesa por falta de acesso total \u00e0 documenta\u00e7\u00e3o do processo.<\/p>\n","protected":false},"excerpt":{"rendered":"<p>O ministro Alexandre de Moraes, do Supremo Tribunal Federal (STF), votou nesta sexta-feira (28) para condenar cinco ex-integrantes da c\u00fapula da Pol\u00edcia Militar do Distrito Federal a 16 anos de pris\u00e3o por omiss\u00e3o na conten\u00e7\u00e3o dos atos golpistas de 8 de janeiro de 2023. O voto foi proferido durante julgamento virtual no qual a Primeira [&hellip;]<\/p>\n","protected":false},"author":2,"featured_media":372743,"comment_status":"closed","ping_status":"closed","sticky":false,"template":"","format":"standard","meta":{"_acf_changed":false,"footnotes":""},"categories":[161],"tags":[],"class_list":["post-372742","post","type-post","status-publish","format-standard","has-post-thumbnail","hentry","category-quadradinho-em-foco"],"acf":[],"_links":{"self":[{"href":"https:\/\/www.notibras.com\/site\/wp-json\/wp\/v2\/posts\/372742","targetHints":{"allow":["GET"]}}],"collection":[{"href":"https:\/\/www.notibras.com\/site\/wp-json\/wp\/v2\/posts"}],"about":[{"href":"https:\/\/www.notibras.com\/site\/wp-json\/wp\/v2\/types\/post"}],"author":[{"embeddable":true,"href":"https:\/\/www.notibras.com\/site\/wp-json\/wp\/v2\/users\/2"}],"replies":[{"embeddable":true,"href":"https:\/\/www.notibras.com\/site\/wp-json\/wp\/v2\/comments?post=372742"}],"version-history":[{"count":4,"href":"https:\/\/www.notibras.com\/site\/wp-json\/wp\/v2\/posts\/372742\/revisions"}],"predecessor-version":[{"id":372747,"href":"https:\/\/www.notibras.com\/site\/wp-json\/wp\/v2\/posts\/372742\/revisions\/372747"}],"wp:featuredmedia":[{"embeddable":true,"href":"https:\/\/www.notibras.com\/site\/wp-json\/wp\/v2\/media\/372743"}],"wp:attachment":[{"href":"https:\/\/www.notibras.com\/site\/wp-json\/wp\/v2\/media?parent=372742"}],"wp:term":[{"taxonomy":"category","embeddable":true,"href":"https:\/\/www.notibras.com\/site\/wp-json\/wp\/v2\/categories?post=372742"},{"taxonomy":"post_tag","embeddable":true,"href":"https:\/\/www.notibras.com\/site\/wp-json\/wp\/v2\/tags?post=372742"}],"curies":[{"name":"wp","href":"https:\/\/api.w.org\/{rel}","templated":true}]}}