{"id":372748,"date":"2025-11-28T13:23:54","date_gmt":"2025-11-28T16:23:54","guid":{"rendered":"https:\/\/www.notibras.com\/site\/?p=372748"},"modified":"2025-11-28T17:25:49","modified_gmt":"2025-11-28T20:25:49","slug":"tecnico-da-ceb-ipes-morre-tres-dias-apos-explosao-na-esplanada","status":"publish","type":"post","link":"https:\/\/www.notibras.com\/site\/tecnico-da-ceb-ipes-morre-tres-dias-apos-explosao-na-esplanada\/","title":{"rendered":"T\u00e9cnico da CEB Ipes morre tr\u00eas dias ap\u00f3s explos\u00e3o na Esplanada"},"content":{"rendered":"<p>O t\u00e9cnico da distribuidora de energia el\u00e9trica CEB Ipes (Companhia Energ\u00e9tica de Bras\u00edlia Ilumina\u00e7\u00e3o P\u00fablica e Servi\u00e7os S.A), Raimundo Nonato do Nascimento Chaves, de 52 anos, morreu nesta sexta-feira (28), ap\u00f3s sofrer queimaduras graves em cerca de 60% do corpo, causadas pela explos\u00e3o na subesta\u00e7\u00e3o de energia do Bloco C da Esplanada dos Minist\u00e9rios, na \u00faltima ter\u00e7a-feira (25).<\/p>\n<p>A estrutura \u00e9 de propriedade das distribuidoras de energia el\u00e9trica Neoenergia e CEB Ipes. Esta \u00faltima \u00e9 contratante da empresa Diamante Engenharia, onde a v\u00edtima trabalhava no momento do acidente.<\/p>\n<p>O prestador de servi\u00e7o terceirizado realizava a manuten\u00e7\u00e3o na rede de ilumina\u00e7\u00e3o p\u00fablica, conforme nota da CEB Ipes.<\/p>\n<p>A distribuidora Neoenergia informou \u00e0 Ag\u00eancia Brasil que foi acionada apenas para dar suporte ao Corpo de Bombeiros Militares do Distrito Federal (CBMDF), mas n\u00e3o tem envolvimento no acidente.<\/p>\n<p><strong>Notas de pesar<\/strong><br \/>\nO Minist\u00e9rio da Gest\u00e3o e da Inova\u00e7\u00e3o em Servi\u00e7os P\u00fablicos (MGI), respons\u00e1vel pela gest\u00e3o administrativa dos pr\u00e9dios p\u00fablicos da Esplanada dos Minist\u00e9rios, comunicou pesar, apoio aos envolvidos, e garantia de coopera\u00e7\u00e3o com as investiga\u00e7\u00f5es.<\/p>\n<p>\u201cExpressamos nossa solidariedade aos familiares, amigos e colegas de trabalho neste momento de grande dor. O MGI refor\u00e7a seu compromisso com a seguran\u00e7a e o cuidado com todos os profissionais que atuam no entorno e no interior das edifica\u00e7\u00f5es p\u00fablicas sob sua gest\u00e3o, e acompanhar\u00e1 os desdobramentos oficiais relativos ao incidente, colaborando com as autoridades competentes no que for necess\u00e1rio.\u201d<\/p>\n<p>CEB Ipes tamb\u00e9m emitiu uma nota lamentando a perda. &#8220;A CEB Ipes se solidariza com os familiares, amigos e colegas neste momento de dor, expressando sinceros sentimentos pela perda [de Raimundo Nonato do Nascimento Chaves].&#8221;<\/p>\n<p>A companhia afirma, ainda, que adota rigorosos padr\u00f5es de seguran\u00e7a e exige o cumprimento e uso de todos os procedimentos e equipamentos de prote\u00e7\u00e3o (EPIs) necess\u00e1rios por parte das prestadoras de servi\u00e7o.<\/p>\n<p><strong>Hist\u00f3rico<\/strong><br \/>\nO Minist\u00e9rio da Gest\u00e3o e da Inova\u00e7\u00e3o (MGI) e o Corpo de Bombeiros Militares do Distrito Federal informaram que a explos\u00e3o ocorreu durante uma manuten\u00e7\u00e3o de rotina e foi provocada por um curto-circuito el\u00e9trico na subesta\u00e7\u00e3o de energia.<\/p>\n<p>No dia do incidente, seis pessoas ficaram feridas. As causas oficiais da explos\u00e3o ainda est\u00e3o sendo periciadas para emiss\u00e3o do laudo conclusivo.<\/p>\n<p>A CEB IPes diz que acompanha as apura\u00e7\u00f5es conduzidas pelas autoridades competentes e pela prestadora de servi\u00e7o.<\/p>\n","protected":false},"excerpt":{"rendered":"<p>O t\u00e9cnico da distribuidora de energia el\u00e9trica CEB Ipes (Companhia Energ\u00e9tica de Bras\u00edlia Ilumina\u00e7\u00e3o P\u00fablica e Servi\u00e7os S.A), Raimundo Nonato do Nascimento Chaves, de 52 anos, morreu nesta sexta-feira (28), ap\u00f3s sofrer queimaduras graves em cerca de 60% do corpo, causadas pela explos\u00e3o na subesta\u00e7\u00e3o de energia do Bloco C da Esplanada dos Minist\u00e9rios, na [&hellip;]<\/p>\n","protected":false},"author":2,"featured_media":372749,"comment_status":"closed","ping_status":"closed","sticky":false,"template":"","format":"standard","meta":{"_acf_changed":false,"footnotes":""},"categories":[161],"tags":[],"class_list":["post-372748","post","type-post","status-publish","format-standard","has-post-thumbnail","hentry","category-quadradinho-em-foco"],"acf":[],"_links":{"self":[{"href":"https:\/\/www.notibras.com\/site\/wp-json\/wp\/v2\/posts\/372748","targetHints":{"allow":["GET"]}}],"collection":[{"href":"https:\/\/www.notibras.com\/site\/wp-json\/wp\/v2\/posts"}],"about":[{"href":"https:\/\/www.notibras.com\/site\/wp-json\/wp\/v2\/types\/post"}],"author":[{"embeddable":true,"href":"https:\/\/www.notibras.com\/site\/wp-json\/wp\/v2\/users\/2"}],"replies":[{"embeddable":true,"href":"https:\/\/www.notibras.com\/site\/wp-json\/wp\/v2\/comments?post=372748"}],"version-history":[{"count":1,"href":"https:\/\/www.notibras.com\/site\/wp-json\/wp\/v2\/posts\/372748\/revisions"}],"predecessor-version":[{"id":372750,"href":"https:\/\/www.notibras.com\/site\/wp-json\/wp\/v2\/posts\/372748\/revisions\/372750"}],"wp:featuredmedia":[{"embeddable":true,"href":"https:\/\/www.notibras.com\/site\/wp-json\/wp\/v2\/media\/372749"}],"wp:attachment":[{"href":"https:\/\/www.notibras.com\/site\/wp-json\/wp\/v2\/media?parent=372748"}],"wp:term":[{"taxonomy":"category","embeddable":true,"href":"https:\/\/www.notibras.com\/site\/wp-json\/wp\/v2\/categories?post=372748"},{"taxonomy":"post_tag","embeddable":true,"href":"https:\/\/www.notibras.com\/site\/wp-json\/wp\/v2\/tags?post=372748"}],"curies":[{"name":"wp","href":"https:\/\/api.w.org\/{rel}","templated":true}]}}