{"id":372752,"date":"2025-11-29T00:15:24","date_gmt":"2025-11-29T03:15:24","guid":{"rendered":"https:\/\/www.notibras.com\/site\/?p=372752"},"modified":"2025-11-28T22:23:21","modified_gmt":"2025-11-29T01:23:21","slug":"estudantes-da-rede-publica-visitam-autodromo-internacional-de-brasilia","status":"publish","type":"post","link":"https:\/\/www.notibras.com\/site\/estudantes-da-rede-publica-visitam-autodromo-internacional-de-brasilia\/","title":{"rendered":"Estudantes da rede p\u00fablica visitam Aut\u00f3dromo Internacional de Bras\u00edlia"},"content":{"rendered":"<p>O Aut\u00f3dromo Internacional de Bras\u00edlia recebeu, na tarde desta sexta-feira (28), o primeiro p\u00fablico ap\u00f3s a reinaugura\u00e7\u00e3o do complexo na \u00faltima quinta-feira (27), depois de uma reforma estrutural promovida pelo Governo do Distrito Federal (GDF). Cerca de 300 estudantes do Centro de Ensino Fundamental (CEF) 2 da Estrutural e da Escola Classe (EC) 25 de Ceil\u00e2ndia tiveram o privil\u00e9gio de pisar, pela primeira vez, no complexo que ficou fechado por quase 12 anos.<\/p>\n<p>As crian\u00e7as, com idade entre 10 e 12 anos, acompanharam os treinos da Stock Light e da Stock Car, competi\u00e7\u00f5es que ocorrer\u00e3o oficialmente no s\u00e1bado (29) e no domingo (30) no local, al\u00e9m de participarem de atividades educativas. A visita teve como objetivo aproximar os jovens do automobilismo.<\/p>\n<p>\u201cN\u00f3s come\u00e7amos a promover esse tipo de atividade este ano, na quarta etapa do campeonato, na cidade de Curvelo, em Minas Gerais. E, para a gente, foi um experimento que deu muito certo, porque al\u00e9m de social, \u00e9 uma a\u00e7\u00e3o que promove autoestima e cidadania e tamb\u00e9m traz uma vis\u00e3o da crian\u00e7a muito al\u00e9m do que a gente v\u00ea. A gente vem hoje, faz o nosso trabalho, a corrida acontece, mas eles enxergam v\u00e1rias profiss\u00f5es, possibilidades e tamb\u00e9m sonhos. Tem crian\u00e7as que chegam aqui e que s\u00e3o f\u00e3s de automobilismo, mas que nunca tiveram a possibilidade de antes vir no aut\u00f3dromo\u201d, destacou a CEO do Instituto Stock, Camila Melo, acrescentando que, em Bras\u00edlia, a a\u00e7\u00e3o atendeu ao dobro de crian\u00e7as das cidades anteriores, gra\u00e7as a uma parceria com o Instituto BRB.<\/p>\n<p>Curiosidade, encantamento, emo\u00e7\u00e3o e euforia foram os sentimentos que marcaram a visita dos estudantes ao espa\u00e7o. Para todos eles, tratou-se de um dia in\u00e9dito, por ser a primeira vez que eles entraram no aut\u00f3dromo brasiliense e viram de perto carros de corrida.<\/p>\n<p>Os jovens tiveram a chance de conferir toda a estrutura renovada \u2014 com os 5.384 metros de pista com asfalto novo ap\u00f3s a primeira etapa das obras \u2014 e montada para as corridas, com as arquibancadas e boxes tempor\u00e1rios prontos para serem utilizados no fim de semana pelas equipes e pelo p\u00fablico \u2014 um total de 30 mil pessoas por dia.<\/p>\n<p>A programa\u00e7\u00e3o come\u00e7ou \u00e0s 14h. A primeira atividade foi promovida pelo Departamento de Estradas de Rodagem do Distrito Federal (DER-DF) e pelo Departamento de Tr\u00e2nsito do Distrito Federal (Detran-DF) e abordou a seguran\u00e7a vi\u00e1ria. \u201c\u00c9 uma oportunidade de passar a educa\u00e7\u00e3o de tr\u00e2nsito em um lugar t\u00e3o bacana e que as crian\u00e7as est\u00e3o t\u00e3o estimuladas\u201d, apontou Graziela Piloni, chefe de Campanha Educativa de Tr\u00e2nsito. \u201cComo Detran, a gente acredita que, se educarmos bem os pequenos, eles v\u00e3o levar isso para casa e, al\u00e9m disso, v\u00e3o se tornar, quando maiores, cidad\u00e3os mais conscientes de um tr\u00e2nsito seguro.\u201d<\/p>\n<p>Na sequ\u00eancia, as crian\u00e7as acompanharam os treinos e tiveram a chance de conhecer alguns dos pilotos. E foi, nesse momento, que a empolga\u00e7\u00e3o tomou conta de vez do local. A gritaria tomou conta das arquibancadas. Muitos estavam impactados com o som dos motores e do cantar de pneus na pista e com a oportunidade de conhecer atletas reconhecidos nacionalmente.<\/p>\n<p>Ana Laura Ferreira, 11 anos, aproveitou para pegar cinco aut\u00f3grafos em seu bon\u00e9: \u201cEstou achando maravilhoso. Nunca tinha vindo [a um aut\u00f3dromo], s\u00f3 tinha visto corrida na televis\u00e3o. \u00c9 muito bom estar aqui\u201d.<\/p>\n<p>F\u00e3 de automobilismo, Lucas Daniel Cruz, 10, tamb\u00e9m gostou de conhecer um aut\u00f3dromo. \u201c\u00c9 a primeira vez, e a gente consegue ver uma corrida t\u00e3o legal como essa, os carros acelerando e dando a volta no aut\u00f3dromo todo. Me senti muito emocionado.\u201d J\u00e1 Eduardo Pires, 11 anos, ressaltou o aprendizado nas oficinas. \u201cEstou achando muito bom aqui, a gente aprendeu muita coisa sobre o Detran, teve aula, apresenta\u00e7\u00f5es\u201d, relatou o pequeno, que disse ter achado o aut\u00f3dromo \u201cmuito bonito\u201d.<\/p>\n<p>Outro momento \u00fanico para as crian\u00e7as foi a chance de tirar fotos e pegar aut\u00f3grafos com os pilotos. Os pr\u00f3prios corredores se emocionaram com a experi\u00eancia. \u201cCorrer \u00e9 um objetivo, mas a gente deixar nosso legado atrav\u00e9s de inspira\u00e7\u00e3o, de jornada, eu acho que \u00e9 o mais importante\u201d, definiu o piloto Allam Khodair, que aproveitou para celebrar a reabertura do aut\u00f3dromo: \u201cPara mim, a emo\u00e7\u00e3o \u00e9 um pouco maior, porque minha primeira vit\u00f3ria na Stock Car foi aqui, em 2009. Bras\u00edlia \u00e9 a capital do Brasil, aqui tem muita for\u00e7a de patrocinadores, tem o automobilismo na hist\u00f3ria, tem essa crian\u00e7ada aqui apaixonada e \u00e9 uma pra\u00e7a maravilhosa. A pista \u00e9 a maior que a gente tem no Brasil, um dos tra\u00e7ados mais interessantes do mundo, ent\u00e3o \u00e9 com grande felicidade que a gente recebe Bras\u00edlia de novo\u201d.<\/p>\n<p><strong>Corridas em Bras\u00edlia<\/strong><\/p>\n<p>No fim de semana, o p\u00fablico, que retirou os ingressos distribu\u00eddos pelo Banco de Bras\u00edlia (BRB) e pela Vicar [organizadora do evento] previamente, poder\u00e1 acompanhar gratuitamente a etapa principal da 11\u00aa etapa da Stock Car e a 6\u00aa etapa da Stock Light. No s\u00e1bado (29), ocorrem os treinos oficiais e a corrida sprint da Stock Light e da Stock Car. Enquanto no domingo, ocorrem as corridas principais das duas categorias.<\/p>\n<p>No caso da Stock Light, a competi\u00e7\u00e3o conhecer\u00e1 o campe\u00e3o e futuro piloto da Stock Car. J\u00e1 a Stock Car, definir\u00e1 na etapa de Bras\u00edlia os pilotos que v\u00e3o disputar o t\u00edtulo da temporada em dezembro no Aut\u00f3dromo Internacional de Interlagos, em S\u00e3o Paulo.<\/p>\n<p><strong>Reforma em etapas<\/strong><\/p>\n<p>Com investimento de R$ 60 milh\u00f5es, a primeira etapa da reforma teve como foco preparar e qualificar a pista para competi\u00e7\u00f5es, fazendo as devidas adequa\u00e7\u00f5es. A maior interven\u00e7\u00e3o desta fase foi no asfalto. Completamente modificado, o pavimento passou a ser similar ao utilizado no Aut\u00f3dromo de Interlagos, em S\u00e3o Paulo. S\u00e3o 20 cent\u00edmetros de camada de gap graded, t\u00e9cnica que permite melhor ader\u00eancia com o pneu, evita deforma\u00e7\u00f5es permanentes e garante resist\u00eancia de drenagem, al\u00e9m de ter durabilidade estimada de 20 anos.<\/p>\n<p>A obra manteve o tra\u00e7ado original, considerado pioneiro e bastante elogiado, com algumas modifica\u00e7\u00f5es para ampliar a capacidade de competi\u00e7\u00f5es. Agora os 5.384 metros de extens\u00e3o da pista podem se desdobrar em seis configura\u00e7\u00f5es distintas \u2014 sendo tr\u00eas tra\u00e7ados principais \u2014 para atender diferentes categorias de automobilismo e motociclismo nacionais e internacionais. Tamb\u00e9m foram criadas novas curvas, totalizando 16; uma chicane antes da reta final; e a curva principal recebeu inclina\u00e7\u00e3o de cinco graus.<\/p>\n<p>A reforma envolveu ainda uma ampla interven\u00e7\u00e3o t\u00e9cnica para refazer a terraplanagem e a drenagem, al\u00e9m do paisagismo. Prevista para 2026, a segunda etapa contemplar\u00e1 a entrega definitiva dos boxes \u2014 um total de 40 \u2014, do kart\u00f3dromo, que passar\u00e1 a ser homologado para disputas, e do centro m\u00e9dico. J\u00e1 a terceira fase inclui a instala\u00e7\u00e3o de novos empreendimentos dentro do complexo no chamado Racing Center, com lojas de carros e equipamentos esportivos, \u00e1reas de eventos e um Museu do Automobilismo.<\/p>\n","protected":false},"excerpt":{"rendered":"<p>O Aut\u00f3dromo Internacional de Bras\u00edlia recebeu, na tarde desta sexta-feira (28), o primeiro p\u00fablico ap\u00f3s a reinaugura\u00e7\u00e3o do complexo na \u00faltima quinta-feira (27), depois de uma reforma estrutural promovida pelo Governo do Distrito Federal (GDF). Cerca de 300 estudantes do Centro de Ensino Fundamental (CEF) 2 da Estrutural e da Escola Classe (EC) 25 de [&hellip;]<\/p>\n","protected":false},"author":21,"featured_media":372753,"comment_status":"closed","ping_status":"closed","sticky":false,"template":"","format":"standard","meta":{"_acf_changed":false,"footnotes":""},"categories":[161],"tags":[],"class_list":["post-372752","post","type-post","status-publish","format-standard","has-post-thumbnail","hentry","category-quadradinho-em-foco"],"acf":[],"_links":{"self":[{"href":"https:\/\/www.notibras.com\/site\/wp-json\/wp\/v2\/posts\/372752","targetHints":{"allow":["GET"]}}],"collection":[{"href":"https:\/\/www.notibras.com\/site\/wp-json\/wp\/v2\/posts"}],"about":[{"href":"https:\/\/www.notibras.com\/site\/wp-json\/wp\/v2\/types\/post"}],"author":[{"embeddable":true,"href":"https:\/\/www.notibras.com\/site\/wp-json\/wp\/v2\/users\/21"}],"replies":[{"embeddable":true,"href":"https:\/\/www.notibras.com\/site\/wp-json\/wp\/v2\/comments?post=372752"}],"version-history":[{"count":3,"href":"https:\/\/www.notibras.com\/site\/wp-json\/wp\/v2\/posts\/372752\/revisions"}],"predecessor-version":[{"id":372756,"href":"https:\/\/www.notibras.com\/site\/wp-json\/wp\/v2\/posts\/372752\/revisions\/372756"}],"wp:featuredmedia":[{"embeddable":true,"href":"https:\/\/www.notibras.com\/site\/wp-json\/wp\/v2\/media\/372753"}],"wp:attachment":[{"href":"https:\/\/www.notibras.com\/site\/wp-json\/wp\/v2\/media?parent=372752"}],"wp:term":[{"taxonomy":"category","embeddable":true,"href":"https:\/\/www.notibras.com\/site\/wp-json\/wp\/v2\/categories?post=372752"},{"taxonomy":"post_tag","embeddable":true,"href":"https:\/\/www.notibras.com\/site\/wp-json\/wp\/v2\/tags?post=372752"}],"curies":[{"name":"wp","href":"https:\/\/api.w.org\/{rel}","templated":true}]}}