{"id":372805,"date":"2025-11-29T07:26:25","date_gmt":"2025-11-29T10:26:25","guid":{"rendered":"https:\/\/www.notibras.com\/site\/?p=372805"},"modified":"2025-11-29T07:27:49","modified_gmt":"2025-11-29T10:27:49","slug":"o-lado-mistico-e-encantado-do-folclore-brasileiro","status":"publish","type":"post","link":"https:\/\/www.notibras.com\/site\/o-lado-mistico-e-encantado-do-folclore-brasileiro\/","title":{"rendered":"O lado m\u00edstico e encantado do folclore brasileiro"},"content":{"rendered":"<p>O folclore brasileiro n\u00e3o \u00e9 apenas um conjunto de hist\u00f3rias contadas ao p\u00e9 da fogueira. Ele \u00e9, antes de tudo, um tecido vivo de for\u00e7as espirituais, arqu\u00e9tipos ancestrais e energias da natureza que atravessam s\u00e9culos.<\/p>\n<p>Cada personagem carrega um mist\u00e9rio, uma fun\u00e7\u00e3o, um ensinamento \u2014 e, sobretudo, um v\u00ednculo profundo com as ra\u00edzes m\u00edsticas do povo.<\/p>\n<p>A seguir, mergulhamos nos principais seres m\u00edticos do Brasil, observando n\u00e3o s\u00f3 suas hist\u00f3rias, mas o significado oculto que pulsa por tr\u00e1s de cada figura.<\/p>\n<p><strong>Saci-Perer\u00ea<\/strong><br \/>\nComo o guardi\u00e3o do caos criativo &#8211; e bem mais do que um travesso de gorro vermelho -, o Saci \u00e9 a personifica\u00e7\u00e3o do esp\u00edrito brincalh\u00e3o da floresta, aquele que lembra ao viajante que nem tudo pode ser controlado.<\/p>\n<p>Seu redemoinho \u00e9 s\u00edmbolo de transmuta\u00e7\u00e3o: onde ele passa, algo muda \u2014 e nem sempre para pior.<\/p>\n<p>No imagin\u00e1rio m\u00edstico, o Saci representa:<\/p>\n<p>a quebra de rotinas r\u00edgidas,<\/p>\n<p>o desafio aos soberbos,<\/p>\n<p>a for\u00e7a de adapta\u00e7\u00e3o.<\/p>\n<p>Quando o vento gira de forma inesperada, dizem que \u00e9 ele anunciando a necessidade de movimento.<\/p>\n<p><strong>Curupira<\/strong><br \/>\nO guardi\u00e3o das veredas sagradas, com p\u00e9s virados para tr\u00e1s e cabelos flamejantes, o Curupira \u00e9 uma entidade espiritual que protege o equil\u00edbrio da mata.<\/p>\n<p>Seu aspecto desafia a l\u00f3gica humana justamente para confundir predadores e abusadores da natureza.<\/p>\n<p>Energeticamente, \u00e9 s\u00edmbolo de:<\/p>\n<p>prote\u00e7\u00e3o ancestral,<\/p>\n<p>justi\u00e7a natural,<\/p>\n<p>o fogo da vida que existe em cada \u00e1rvore.<\/p>\n<p>Nas pr\u00e1ticas m\u00edsticas, \u00e9 lembrado como o esp\u00edrito que pune o excesso e aben\u00e7oa a harmonia.<\/p>\n<p><strong>Iara <\/strong><br \/>\nA M\u00e3e-d\u2019\u00c1gua \u00e9 sensual, bela e perigosa, mas sua ess\u00eancia vai al\u00e9m da sedu\u00e7\u00e3o.<\/p>\n<p>Dona da voz encantada das \u00e1guas, a Iara \u00e9 o arqu\u00e9tipo da energia feminina profunda, aquela que nasce das \u00e1guas calmas mas esconde correntezas intensas.<\/p>\n<p>Ela simboliza:<\/p>\n<p>o poder da intui\u00e7\u00e3o,<\/p>\n<p>o magnetismo emocional,<\/p>\n<p>o encanto que leva \u00e0 transforma\u00e7\u00e3o interior.<\/p>\n<p>Quem a ouve cantar em sonhos pode estar sendo chamado para lidar com emo\u00e7\u00f5es reprimidas.<\/p>\n<p><strong>Boitat\u00e1<\/strong><br \/>\nA serpente flamejante que protege campos e florestas da destrui\u00e7\u00e3o \u00e9, no plano m\u00edstico, um grande olho ardente da terra.<\/p>\n<p>Ela enxerga tudo, inclusive aquilo que os humanos escondem. Em s\u00edntese, Boitat\u00e1, a serpente de fogo que vigia a noite, represente, por seu fogo, o que se segue, segundo o folclore<\/p>\n<p>purifica\u00e7\u00e3o,<\/p>\n<p>verdade revelada,<\/p>\n<p>defesa contra energias inferiores.<\/p>\n<p>Dizem que quem v\u00ea sua luz ao longe est\u00e1 sendo avisado para n\u00e3o se desviar de seu caminho interior.<\/p>\n<p><strong>Mula-sem-Cabe\u00e7a<\/strong><br \/>\nA maldi\u00e7\u00e3o do desejo proibido, do tipo figura de penit\u00eancia e dor, a Mula-sem-Cabe\u00e7a \u00e9 mais do que um castigo religioso: \u00e9 um s\u00edmbolo de desejos reprimidos que se transformam em tormento.<\/p>\n<p>Misticamente, ela expressa:<\/p>\n<p>o pre\u00e7o da culpa,<\/p>\n<p>a for\u00e7a destrutiva da vergonha,<\/p>\n<p>a necessidade de liberta\u00e7\u00e3o emocional.<\/p>\n<p>Seu relincho flamejante ecoa como um alerta: o que n\u00e3o \u00e9 enfrentado se torna monstruoso.<\/p>\n<p><strong>Boto-Cor-de-Rosa<\/strong><br \/>\nAqui est\u00e1 o Esp\u00edrito do Encanto e da Travessia. No Amazonas, o Boto \u00e9 mais que sedutor: \u00e9 entidade das \u00e1guas profundas, capaz de atravessar os mundos.<\/p>\n<p>A metamorfose em homem elegante fala de uma for\u00e7a espiritual que transita entre o material e o invis\u00edvel. Simboliza:<\/p>\n<p>sensualidade ancestral,<\/p>\n<p>fertilidade,<\/p>\n<p>transi\u00e7\u00e3o entre dimens\u00f5es.<\/p>\n<p>Aparece especialmente em tempos de lua cheia \u2014 quando o v\u00e9u entre mundos \u00e9 mais fino.<\/p>\n<p><strong>Pesadelos Antigos<\/strong><br \/>\nMuito antes de ser figura para assustar crian\u00e7as, a Cuca \u00e9 uma velha feiticeira que domina os dom\u00ednios do inconsciente.<\/p>\n<p>Ela rege os medos, os segredos e os s\u00edmbolos que habitam a mente adormecida.<\/p>\n<p>Energeticamente, representa:<\/p>\n<p>a sombra,<\/p>\n<p>os medos de inf\u00e2ncia,<\/p>\n<p>a sabedoria oculta que s\u00f3 desperta no escuro.<\/p>\n<p>Enfrentar a Cuca em sonho \u00e9 enfrentar a si mesmo.<\/p>\n<p><strong>Negrinho do Pastoreio<\/strong><br \/>\nFigura profundamente espiritual, o Negrinho \u00e9 tratado como entidade de luz em diversas tradi\u00e7\u00f5es populares.<\/p>\n<p>Sua hist\u00f3ria de sofrimento e reden\u00e7\u00e3o o transformou em s\u00edmbolo de prote\u00e7\u00e3o e milagres.<\/p>\n<p>No plano m\u00edstico, ele representa:<\/p>\n<p>f\u00e9 inabal\u00e1vel,<\/p>\n<p>justi\u00e7a divina,<\/p>\n<p>reconcilia\u00e7\u00e3o espiritual.<\/p>\n<p>\u00c0queles que o invocam, ele abre caminhos perdidos e traz de volta aquilo que parecia imposs\u00edvel recuperar.<\/p>\n<p>O folclore brasileiro \u00e9 um grande mosaico de for\u00e7as espirituais que ecoam das matas, rios, ventos e sonhos.<\/p>\n<p>N\u00e3o s\u00e3o apenas hist\u00f3rias antigas: s\u00e3o frequ\u00eancias vivas, arqu\u00e9tipos que continuam atuando no imagin\u00e1rio coletivo, moldando comportamentos, cren\u00e7as e medos.<\/p>\n<p>Esses seres existem onde a f\u00e9 e a natureza se tocam \u2014 naquele espa\u00e7o sutil onde o Brasil profundo guarda seus mist\u00e9rios.<\/p>\n<p>&#8230;&#8230;&#8230;&#8230;.<\/p>\n<p><strong>Anabelle Santa&#8217;cruz \u00e9 Editora de Or\u00e1culos<\/strong><\/p>\n","protected":false},"excerpt":{"rendered":"<p>O folclore brasileiro n\u00e3o \u00e9 apenas um conjunto de hist\u00f3rias contadas ao p\u00e9 da fogueira. Ele \u00e9, antes de tudo, um tecido vivo de for\u00e7as espirituais, arqu\u00e9tipos ancestrais e energias da natureza que atravessam s\u00e9culos. Cada personagem carrega um mist\u00e9rio, uma fun\u00e7\u00e3o, um ensinamento \u2014 e, sobretudo, um v\u00ednculo profundo com as ra\u00edzes m\u00edsticas do [&hellip;]<\/p>\n","protected":false},"author":2,"featured_media":372806,"comment_status":"closed","ping_status":"closed","sticky":false,"template":"","format":"standard","meta":{"_acf_changed":false,"footnotes":""},"categories":[237],"tags":[],"class_list":["post-372805","post","type-post","status-publish","format-standard","has-post-thumbnail","hentry","category-oraculos"],"acf":[],"yoast_head":"<!-- This site is optimized with the Yoast SEO plugin v27.2 - https:\/\/yoast.com\/product\/yoast-seo-wordpress\/ -->\n<title>O lado m\u00edstico e encantado do folclore brasileiro - Notibras<\/title>\n<meta name=\"robots\" content=\"index, follow, max-snippet:-1, max-image-preview:large, max-video-preview:-1\" \/>\n<link rel=\"canonical\" href=\"https:\/\/www.notibras.com\/site\/o-lado-mistico-e-encantado-do-folclore-brasileiro\/\" \/>\n<meta property=\"og:locale\" content=\"pt_BR\" \/>\n<meta property=\"og:type\" content=\"article\" \/>\n<meta property=\"og:title\" content=\"O lado m\u00edstico e encantado do folclore brasileiro - Notibras\" \/>\n<meta property=\"og:description\" content=\"O folclore brasileiro n\u00e3o \u00e9 apenas um conjunto de hist\u00f3rias contadas ao p\u00e9 da fogueira. Ele \u00e9, antes de tudo, um tecido vivo de for\u00e7as espirituais, arqu\u00e9tipos ancestrais e energias da natureza que atravessam s\u00e9culos. Cada personagem carrega um mist\u00e9rio, uma fun\u00e7\u00e3o, um ensinamento \u2014 e, sobretudo, um v\u00ednculo profundo com as ra\u00edzes m\u00edsticas do [&hellip;]\" \/>\n<meta property=\"og:url\" content=\"https:\/\/www.notibras.com\/site\/o-lado-mistico-e-encantado-do-folclore-brasileiro\/\" \/>\n<meta property=\"og:site_name\" content=\"Notibras\" \/>\n<meta property=\"article:publisher\" content=\"https:\/\/www.facebook.com\/notibras\/\" \/>\n<meta property=\"article:published_time\" content=\"2025-11-29T10:26:25+00:00\" \/>\n<meta property=\"article:modified_time\" content=\"2025-11-29T10:27:49+00:00\" \/>\n<meta property=\"og:image\" content=\"https:\/\/www.notibras.com\/site\/wp-content\/uploads\/2025\/11\/a303421a-7346-4ab6-b0a1-f1179841454e-683x1024.png\" \/>\n\t<meta property=\"og:image:width\" content=\"683\" \/>\n\t<meta property=\"og:image:height\" content=\"1024\" \/>\n\t<meta property=\"og:image:type\" content=\"image\/png\" \/>\n<meta name=\"author\" content=\"Reda\u00e7\u00e3o\" \/>\n<meta name=\"twitter:card\" content=\"summary_large_image\" \/>\n<meta name=\"twitter:creator\" content=\"@Notibras\" \/>\n<meta name=\"twitter:site\" content=\"@Notibras\" \/>\n<meta name=\"twitter:label1\" content=\"Escrito por\" \/>\n\t<meta name=\"twitter:data1\" content=\"Reda\u00e7\u00e3o\" \/>\n\t<meta name=\"twitter:label2\" content=\"Est. tempo de leitura\" \/>\n\t<meta name=\"twitter:data2\" content=\"5 minutos\" \/>\n<script type=\"application\/ld+json\" class=\"yoast-schema-graph\">{\"@context\":\"https:\/\/schema.org\",\"@graph\":[{\"@type\":\"Article\",\"@id\":\"https:\/\/www.notibras.com\/site\/o-lado-mistico-e-encantado-do-folclore-brasileiro\/#article\",\"isPartOf\":{\"@id\":\"https:\/\/www.notibras.com\/site\/o-lado-mistico-e-encantado-do-folclore-brasileiro\/\"},\"author\":{\"name\":\"Reda\u00e7\u00e3o\",\"@id\":\"https:\/\/www.notibras.com\/site\/#\/schema\/person\/36ab0979449956132d3e5b517ea76ac8\"},\"headline\":\"O lado m\u00edstico e encantado do folclore brasileiro\",\"datePublished\":\"2025-11-29T10:26:25+00:00\",\"dateModified\":\"2025-11-29T10:27:49+00:00\",\"mainEntityOfPage\":{\"@id\":\"https:\/\/www.notibras.com\/site\/o-lado-mistico-e-encantado-do-folclore-brasileiro\/\"},\"wordCount\":791,\"publisher\":{\"@id\":\"https:\/\/www.notibras.com\/site\/#organization\"},\"image\":{\"@id\":\"https:\/\/www.notibras.com\/site\/o-lado-mistico-e-encantado-do-folclore-brasileiro\/#primaryimage\"},\"thumbnailUrl\":\"https:\/\/www.notibras.com\/site\/wp-content\/uploads\/2025\/11\/a303421a-7346-4ab6-b0a1-f1179841454e.png\",\"articleSection\":[\"Or\u00e1culos\"],\"inLanguage\":\"pt-BR\"},{\"@type\":\"WebPage\",\"@id\":\"https:\/\/www.notibras.com\/site\/o-lado-mistico-e-encantado-do-folclore-brasileiro\/\",\"url\":\"https:\/\/www.notibras.com\/site\/o-lado-mistico-e-encantado-do-folclore-brasileiro\/\",\"name\":\"O lado m\u00edstico e encantado do folclore brasileiro - Notibras\",\"isPartOf\":{\"@id\":\"https:\/\/www.notibras.com\/site\/#website\"},\"primaryImageOfPage\":{\"@id\":\"https:\/\/www.notibras.com\/site\/o-lado-mistico-e-encantado-do-folclore-brasileiro\/#primaryimage\"},\"image\":{\"@id\":\"https:\/\/www.notibras.com\/site\/o-lado-mistico-e-encantado-do-folclore-brasileiro\/#primaryimage\"},\"thumbnailUrl\":\"https:\/\/www.notibras.com\/site\/wp-content\/uploads\/2025\/11\/a303421a-7346-4ab6-b0a1-f1179841454e.png\",\"datePublished\":\"2025-11-29T10:26:25+00:00\",\"dateModified\":\"2025-11-29T10:27:49+00:00\",\"breadcrumb\":{\"@id\":\"https:\/\/www.notibras.com\/site\/o-lado-mistico-e-encantado-do-folclore-brasileiro\/#breadcrumb\"},\"inLanguage\":\"pt-BR\",\"potentialAction\":[{\"@type\":\"ReadAction\",\"target\":[\"https:\/\/www.notibras.com\/site\/o-lado-mistico-e-encantado-do-folclore-brasileiro\/\"]}]},{\"@type\":\"ImageObject\",\"inLanguage\":\"pt-BR\",\"@id\":\"https:\/\/www.notibras.com\/site\/o-lado-mistico-e-encantado-do-folclore-brasileiro\/#primaryimage\",\"url\":\"https:\/\/www.notibras.com\/site\/wp-content\/uploads\/2025\/11\/a303421a-7346-4ab6-b0a1-f1179841454e.png\",\"contentUrl\":\"https:\/\/www.notibras.com\/site\/wp-content\/uploads\/2025\/11\/a303421a-7346-4ab6-b0a1-f1179841454e.png\",\"width\":1024,\"height\":1536},{\"@type\":\"BreadcrumbList\",\"@id\":\"https:\/\/www.notibras.com\/site\/o-lado-mistico-e-encantado-do-folclore-brasileiro\/#breadcrumb\",\"itemListElement\":[{\"@type\":\"ListItem\",\"position\":1,\"name\":\"In\u00edcio\",\"item\":\"https:\/\/www.notibras.com\/site\/\"},{\"@type\":\"ListItem\",\"position\":2,\"name\":\"O lado m\u00edstico e encantado do folclore brasileiro\"}]},{\"@type\":\"WebSite\",\"@id\":\"https:\/\/www.notibras.com\/site\/#website\",\"url\":\"https:\/\/www.notibras.com\/site\/\",\"name\":\"Notibras\",\"description\":\"Not\u00edcias de Bras\u00edlia, do Brasil e do Mundo\",\"publisher\":{\"@id\":\"https:\/\/www.notibras.com\/site\/#organization\"},\"potentialAction\":[{\"@type\":\"SearchAction\",\"target\":{\"@type\":\"EntryPoint\",\"urlTemplate\":\"https:\/\/www.notibras.com\/site\/?s={search_term_string}\"},\"query-input\":{\"@type\":\"PropertyValueSpecification\",\"valueRequired\":true,\"valueName\":\"search_term_string\"}}],\"inLanguage\":\"pt-BR\"},{\"@type\":\"Organization\",\"@id\":\"https:\/\/www.notibras.com\/site\/#organization\",\"name\":\"Grupo Notibras de Comunica\u00e7\u00e3o\",\"url\":\"https:\/\/www.notibras.com\/site\/\",\"logo\":{\"@type\":\"ImageObject\",\"inLanguage\":\"pt-BR\",\"@id\":\"https:\/\/www.notibras.com\/site\/#\/schema\/logo\/image\/\",\"url\":\"https:\/\/www.notibras.com\/site\/wp-content\/uploads\/2023\/01\/notibras23.png\",\"contentUrl\":\"https:\/\/www.notibras.com\/site\/wp-content\/uploads\/2023\/01\/notibras23.png\",\"width\":350,\"height\":87,\"caption\":\"Grupo Notibras de Comunica\u00e7\u00e3o\"},\"image\":{\"@id\":\"https:\/\/www.notibras.com\/site\/#\/schema\/logo\/image\/\"},\"sameAs\":[\"https:\/\/www.facebook.com\/notibras\/\",\"https:\/\/x.com\/Notibras\",\"https:\/\/www.instagram.com\/notibras\/\"]},{\"@type\":\"Person\",\"@id\":\"https:\/\/www.notibras.com\/site\/#\/schema\/person\/36ab0979449956132d3e5b517ea76ac8\",\"name\":\"Reda\u00e7\u00e3o\",\"image\":{\"@type\":\"ImageObject\",\"inLanguage\":\"pt-BR\",\"@id\":\"https:\/\/secure.gravatar.com\/avatar\/e0a867bdedb85fd243eadf09663511f96fc81e0720a4a42581f334ad4303aa6b?s=96&d=mm&r=g\",\"url\":\"https:\/\/secure.gravatar.com\/avatar\/e0a867bdedb85fd243eadf09663511f96fc81e0720a4a42581f334ad4303aa6b?s=96&d=mm&r=g\",\"contentUrl\":\"https:\/\/secure.gravatar.com\/avatar\/e0a867bdedb85fd243eadf09663511f96fc81e0720a4a42581f334ad4303aa6b?s=96&d=mm&r=g\",\"caption\":\"Reda\u00e7\u00e3o\"}}]}<\/script>\n<!-- \/ Yoast SEO plugin. -->","yoast_head_json":{"title":"O lado m\u00edstico e encantado do folclore brasileiro - Notibras","robots":{"index":"index","follow":"follow","max-snippet":"max-snippet:-1","max-image-preview":"max-image-preview:large","max-video-preview":"max-video-preview:-1"},"canonical":"https:\/\/www.notibras.com\/site\/o-lado-mistico-e-encantado-do-folclore-brasileiro\/","og_locale":"pt_BR","og_type":"article","og_title":"O lado m\u00edstico e encantado do folclore brasileiro - Notibras","og_description":"O folclore brasileiro n\u00e3o \u00e9 apenas um conjunto de hist\u00f3rias contadas ao p\u00e9 da fogueira. Ele \u00e9, antes de tudo, um tecido vivo de for\u00e7as espirituais, arqu\u00e9tipos ancestrais e energias da natureza que atravessam s\u00e9culos. Cada personagem carrega um mist\u00e9rio, uma fun\u00e7\u00e3o, um ensinamento \u2014 e, sobretudo, um v\u00ednculo profundo com as ra\u00edzes m\u00edsticas do [&hellip;]","og_url":"https:\/\/www.notibras.com\/site\/o-lado-mistico-e-encantado-do-folclore-brasileiro\/","og_site_name":"Notibras","article_publisher":"https:\/\/www.facebook.com\/notibras\/","article_published_time":"2025-11-29T10:26:25+00:00","article_modified_time":"2025-11-29T10:27:49+00:00","og_image":[{"width":683,"height":1024,"url":"https:\/\/www.notibras.com\/site\/wp-content\/uploads\/2025\/11\/a303421a-7346-4ab6-b0a1-f1179841454e-683x1024.png","type":"image\/png"}],"author":"Reda\u00e7\u00e3o","twitter_card":"summary_large_image","twitter_creator":"@Notibras","twitter_site":"@Notibras","twitter_misc":{"Escrito por":"Reda\u00e7\u00e3o","Est. tempo de leitura":"5 minutos"},"schema":{"@context":"https:\/\/schema.org","@graph":[{"@type":"Article","@id":"https:\/\/www.notibras.com\/site\/o-lado-mistico-e-encantado-do-folclore-brasileiro\/#article","isPartOf":{"@id":"https:\/\/www.notibras.com\/site\/o-lado-mistico-e-encantado-do-folclore-brasileiro\/"},"author":{"name":"Reda\u00e7\u00e3o","@id":"https:\/\/www.notibras.com\/site\/#\/schema\/person\/36ab0979449956132d3e5b517ea76ac8"},"headline":"O lado m\u00edstico e encantado do folclore brasileiro","datePublished":"2025-11-29T10:26:25+00:00","dateModified":"2025-11-29T10:27:49+00:00","mainEntityOfPage":{"@id":"https:\/\/www.notibras.com\/site\/o-lado-mistico-e-encantado-do-folclore-brasileiro\/"},"wordCount":791,"publisher":{"@id":"https:\/\/www.notibras.com\/site\/#organization"},"image":{"@id":"https:\/\/www.notibras.com\/site\/o-lado-mistico-e-encantado-do-folclore-brasileiro\/#primaryimage"},"thumbnailUrl":"https:\/\/www.notibras.com\/site\/wp-content\/uploads\/2025\/11\/a303421a-7346-4ab6-b0a1-f1179841454e.png","articleSection":["Or\u00e1culos"],"inLanguage":"pt-BR"},{"@type":"WebPage","@id":"https:\/\/www.notibras.com\/site\/o-lado-mistico-e-encantado-do-folclore-brasileiro\/","url":"https:\/\/www.notibras.com\/site\/o-lado-mistico-e-encantado-do-folclore-brasileiro\/","name":"O lado m\u00edstico e encantado do folclore brasileiro - Notibras","isPartOf":{"@id":"https:\/\/www.notibras.com\/site\/#website"},"primaryImageOfPage":{"@id":"https:\/\/www.notibras.com\/site\/o-lado-mistico-e-encantado-do-folclore-brasileiro\/#primaryimage"},"image":{"@id":"https:\/\/www.notibras.com\/site\/o-lado-mistico-e-encantado-do-folclore-brasileiro\/#primaryimage"},"thumbnailUrl":"https:\/\/www.notibras.com\/site\/wp-content\/uploads\/2025\/11\/a303421a-7346-4ab6-b0a1-f1179841454e.png","datePublished":"2025-11-29T10:26:25+00:00","dateModified":"2025-11-29T10:27:49+00:00","breadcrumb":{"@id":"https:\/\/www.notibras.com\/site\/o-lado-mistico-e-encantado-do-folclore-brasileiro\/#breadcrumb"},"inLanguage":"pt-BR","potentialAction":[{"@type":"ReadAction","target":["https:\/\/www.notibras.com\/site\/o-lado-mistico-e-encantado-do-folclore-brasileiro\/"]}]},{"@type":"ImageObject","inLanguage":"pt-BR","@id":"https:\/\/www.notibras.com\/site\/o-lado-mistico-e-encantado-do-folclore-brasileiro\/#primaryimage","url":"https:\/\/www.notibras.com\/site\/wp-content\/uploads\/2025\/11\/a303421a-7346-4ab6-b0a1-f1179841454e.png","contentUrl":"https:\/\/www.notibras.com\/site\/wp-content\/uploads\/2025\/11\/a303421a-7346-4ab6-b0a1-f1179841454e.png","width":1024,"height":1536},{"@type":"BreadcrumbList","@id":"https:\/\/www.notibras.com\/site\/o-lado-mistico-e-encantado-do-folclore-brasileiro\/#breadcrumb","itemListElement":[{"@type":"ListItem","position":1,"name":"In\u00edcio","item":"https:\/\/www.notibras.com\/site\/"},{"@type":"ListItem","position":2,"name":"O lado m\u00edstico e encantado do folclore brasileiro"}]},{"@type":"WebSite","@id":"https:\/\/www.notibras.com\/site\/#website","url":"https:\/\/www.notibras.com\/site\/","name":"Notibras","description":"Not\u00edcias de Bras\u00edlia, do Brasil e do Mundo","publisher":{"@id":"https:\/\/www.notibras.com\/site\/#organization"},"potentialAction":[{"@type":"SearchAction","target":{"@type":"EntryPoint","urlTemplate":"https:\/\/www.notibras.com\/site\/?s={search_term_string}"},"query-input":{"@type":"PropertyValueSpecification","valueRequired":true,"valueName":"search_term_string"}}],"inLanguage":"pt-BR"},{"@type":"Organization","@id":"https:\/\/www.notibras.com\/site\/#organization","name":"Grupo Notibras de Comunica\u00e7\u00e3o","url":"https:\/\/www.notibras.com\/site\/","logo":{"@type":"ImageObject","inLanguage":"pt-BR","@id":"https:\/\/www.notibras.com\/site\/#\/schema\/logo\/image\/","url":"https:\/\/www.notibras.com\/site\/wp-content\/uploads\/2023\/01\/notibras23.png","contentUrl":"https:\/\/www.notibras.com\/site\/wp-content\/uploads\/2023\/01\/notibras23.png","width":350,"height":87,"caption":"Grupo Notibras de Comunica\u00e7\u00e3o"},"image":{"@id":"https:\/\/www.notibras.com\/site\/#\/schema\/logo\/image\/"},"sameAs":["https:\/\/www.facebook.com\/notibras\/","https:\/\/x.com\/Notibras","https:\/\/www.instagram.com\/notibras\/"]},{"@type":"Person","@id":"https:\/\/www.notibras.com\/site\/#\/schema\/person\/36ab0979449956132d3e5b517ea76ac8","name":"Reda\u00e7\u00e3o","image":{"@type":"ImageObject","inLanguage":"pt-BR","@id":"https:\/\/secure.gravatar.com\/avatar\/e0a867bdedb85fd243eadf09663511f96fc81e0720a4a42581f334ad4303aa6b?s=96&d=mm&r=g","url":"https:\/\/secure.gravatar.com\/avatar\/e0a867bdedb85fd243eadf09663511f96fc81e0720a4a42581f334ad4303aa6b?s=96&d=mm&r=g","contentUrl":"https:\/\/secure.gravatar.com\/avatar\/e0a867bdedb85fd243eadf09663511f96fc81e0720a4a42581f334ad4303aa6b?s=96&d=mm&r=g","caption":"Reda\u00e7\u00e3o"}}]}},"amp_enabled":true,"_links":{"self":[{"href":"https:\/\/www.notibras.com\/site\/wp-json\/wp\/v2\/posts\/372805","targetHints":{"allow":["GET"]}}],"collection":[{"href":"https:\/\/www.notibras.com\/site\/wp-json\/wp\/v2\/posts"}],"about":[{"href":"https:\/\/www.notibras.com\/site\/wp-json\/wp\/v2\/types\/post"}],"author":[{"embeddable":true,"href":"https:\/\/www.notibras.com\/site\/wp-json\/wp\/v2\/users\/2"}],"replies":[{"embeddable":true,"href":"https:\/\/www.notibras.com\/site\/wp-json\/wp\/v2\/comments?post=372805"}],"version-history":[{"count":3,"href":"https:\/\/www.notibras.com\/site\/wp-json\/wp\/v2\/posts\/372805\/revisions"}],"predecessor-version":[{"id":372809,"href":"https:\/\/www.notibras.com\/site\/wp-json\/wp\/v2\/posts\/372805\/revisions\/372809"}],"wp:featuredmedia":[{"embeddable":true,"href":"https:\/\/www.notibras.com\/site\/wp-json\/wp\/v2\/media\/372806"}],"wp:attachment":[{"href":"https:\/\/www.notibras.com\/site\/wp-json\/wp\/v2\/media?parent=372805"}],"wp:term":[{"taxonomy":"category","embeddable":true,"href":"https:\/\/www.notibras.com\/site\/wp-json\/wp\/v2\/categories?post=372805"},{"taxonomy":"post_tag","embeddable":true,"href":"https:\/\/www.notibras.com\/site\/wp-json\/wp\/v2\/tags?post=372805"}],"curies":[{"name":"wp","href":"https:\/\/api.w.org\/{rel}","templated":true}]}}