{"id":372827,"date":"2025-11-29T08:27:32","date_gmt":"2025-11-29T11:27:32","guid":{"rendered":"https:\/\/www.notibras.com\/site\/?p=372827"},"modified":"2025-11-29T08:27:32","modified_gmt":"2025-11-29T11:27:32","slug":"nordestino-sai-volta-e-aprende-a-recomecar","status":"publish","type":"post","link":"https:\/\/www.notibras.com\/site\/nordestino-sai-volta-e-aprende-a-recomecar\/","title":{"rendered":"Nordestino sai, volta e aprende a recome\u00e7ar"},"content":{"rendered":"<p>As rodovias que cortam o Nordeste andam mais cheias de reencontros do que de partidas. Quem diria? Durante d\u00e9cadas, foram caminhos de fuga \u2014 corredores longos onde gente ia empurrada pela seca, pela falta de trabalho, ou por aquele sonho insistente de \u201cmelhorar de vida\u201d nas cidades grandes do Sudeste.<\/p>\n<p>Agora, parece que o vento mudou de dire\u00e7\u00e3o.<\/p>\n<p>Voltam homens que j\u00e1 viram o nascer do sol por cima de pr\u00e9dios enormes. Voltam mulheres que conheceram o ritmo apressado de metr\u00f4s e filas intermin\u00e1veis. Voltam jovens que descobriram, na dist\u00e2ncia, a for\u00e7a do que deixaram para tr\u00e1s. Eles chegam com uma mala gasta, um celular cheio de lembran\u00e7as e um desejo antigo de reencontrar ra\u00edzes que nunca morreram.<\/p>\n<p>As cidades nordestinas os recebem como quem abre as janelas depois da chuva. H\u00e1 mais ind\u00fastrias, mais com\u00e9rcio, mais oportunidades brotando feito mandacaru depois de trovoada. As avenidas cresceram, as pra\u00e7as voltaram a ter voz de crian\u00e7as, e at\u00e9 o ar parece mais orgulhoso do pr\u00f3prio sotaque.<\/p>\n<p>Cada retorno \u00e9 uma hist\u00f3ria de ida e volta \u2014 como mar\u00e9 que se afasta s\u00f3 para lembrar onde pertence. E as fam\u00edlias, ah\u2026 essas t\u00eam aprendido a reconhecer o milagre simples de ver o port\u00e3o abrindo com algu\u00e9m que, um dia, precisou partir para poder voltar.<\/p>\n<p>O Nordeste, que tantos viram apenas como ponto de partida, hoje se afirma como lugar de chegada \u2014 terra onde as ra\u00edzes n\u00e3o s\u00e3o correntes, mas b\u00fassolas. E cada migrante que retorna escreve, com passos firmes na poeira quente, uma esp\u00e9cie de poema vivo:<\/p>\n<p>\u201cAqui tamb\u00e9m \u00e9 poss\u00edvel recome\u00e7ar.\u201d<\/p>\n","protected":false},"excerpt":{"rendered":"<p>As rodovias que cortam o Nordeste andam mais cheias de reencontros do que de partidas. Quem diria? Durante d\u00e9cadas, foram caminhos de fuga \u2014 corredores longos onde gente ia empurrada pela seca, pela falta de trabalho, ou por aquele sonho insistente de \u201cmelhorar de vida\u201d nas cidades grandes do Sudeste. Agora, parece que o vento [&hellip;]<\/p>\n","protected":false},"author":2,"featured_media":372828,"comment_status":"closed","ping_status":"closed","sticky":false,"template":"","format":"standard","meta":{"_acf_changed":false,"footnotes":""},"categories":[165],"tags":[],"class_list":["post-372827","post","type-post","status-publish","format-standard","has-post-thumbnail","hentry","category-nordeste"],"acf":[],"_links":{"self":[{"href":"https:\/\/www.notibras.com\/site\/wp-json\/wp\/v2\/posts\/372827","targetHints":{"allow":["GET"]}}],"collection":[{"href":"https:\/\/www.notibras.com\/site\/wp-json\/wp\/v2\/posts"}],"about":[{"href":"https:\/\/www.notibras.com\/site\/wp-json\/wp\/v2\/types\/post"}],"author":[{"embeddable":true,"href":"https:\/\/www.notibras.com\/site\/wp-json\/wp\/v2\/users\/2"}],"replies":[{"embeddable":true,"href":"https:\/\/www.notibras.com\/site\/wp-json\/wp\/v2\/comments?post=372827"}],"version-history":[{"count":1,"href":"https:\/\/www.notibras.com\/site\/wp-json\/wp\/v2\/posts\/372827\/revisions"}],"predecessor-version":[{"id":372829,"href":"https:\/\/www.notibras.com\/site\/wp-json\/wp\/v2\/posts\/372827\/revisions\/372829"}],"wp:featuredmedia":[{"embeddable":true,"href":"https:\/\/www.notibras.com\/site\/wp-json\/wp\/v2\/media\/372828"}],"wp:attachment":[{"href":"https:\/\/www.notibras.com\/site\/wp-json\/wp\/v2\/media?parent=372827"}],"wp:term":[{"taxonomy":"category","embeddable":true,"href":"https:\/\/www.notibras.com\/site\/wp-json\/wp\/v2\/categories?post=372827"},{"taxonomy":"post_tag","embeddable":true,"href":"https:\/\/www.notibras.com\/site\/wp-json\/wp\/v2\/tags?post=372827"}],"curies":[{"name":"wp","href":"https:\/\/api.w.org\/{rel}","templated":true}]}}