{"id":372830,"date":"2025-11-29T00:29:40","date_gmt":"2025-11-29T03:29:40","guid":{"rendered":"https:\/\/www.notibras.com\/site\/?p=372830"},"modified":"2025-11-29T08:32:23","modified_gmt":"2025-11-29T11:32:23","slug":"publicado-calendario-e-regras-do-ipva-2026-com-descontos-de-ate-15","status":"publish","type":"post","link":"https:\/\/www.notibras.com\/site\/publicado-calendario-e-regras-do-ipva-2026-com-descontos-de-ate-15\/","title":{"rendered":"Publicado calend\u00e1rio e regras do IPVA 2026 com descontos de at\u00e9 15%"},"content":{"rendered":"<p>O Governo do Piau\u00ed divulgou nesta semana o calend\u00e1rio oficial e as regras para pagamento do Imposto sobre a Propriedade de Ve\u00edculos Automotores (IPVA) referente ao exerc\u00edcio de 2026. Entre as medidas anunciadas, o destaque \u00e9 a oferta de descontos que podem chegar a 15% para contribuintes que optarem pela quita\u00e7\u00e3o em cota \u00fanica dentro do primeiro prazo estipulado.<\/p>\n<p>De acordo com a Secretaria de Fazenda (Sefaz-PI), o pagamento do IPVA poder\u00e1 ser realizado de tr\u00eas maneiras: \u00e0 vista com desconto m\u00e1ximo, \u00e0 vista com desconto reduzido ou parcelado em tr\u00eas vezes sem abatimento. A inten\u00e7\u00e3o do governo \u00e9 incentivar a adimpl\u00eancia no in\u00edcio do ano, mantendo ao mesmo tempo flexibilidade para quem prefere distribuir o valor ao longo dos meses.<\/p>\n<p>O cronograma prev\u00ea que a cota \u00fanica com desconto de 15% tenha vencimento no final de janeiro de 2026. Contribuintes que deixarem o pagamento para o fim de fevereiro ainda ter\u00e3o direito a desconto, mas em percentual menor \u2014 estimado em 10%. A partir de mar\u00e7o, o imposto poder\u00e1 ser dividido em tr\u00eas parcelas mensais, com vencimentos entre mar\u00e7o e maio, sem incid\u00eancia de juros, desde que pagas dentro do prazo.<\/p>\n<p>As al\u00edquotas permanecem nos mesmos patamares adotados nos \u00faltimos anos, variando conforme o tipo de ve\u00edculo. Autom\u00f3veis de passeio seguem com taxa m\u00e9dia entre 2,5% e 3% sobre o valor venal, enquanto motocicletas t\u00eam percentual inferior, em torno de 2%. Caminh\u00f5es, \u00f4nibus e ve\u00edculos de carga apresentam al\u00edquotas mais baixas, pr\u00f3ximas de 1%.<\/p>\n<p>A Sefaz recomenda que os propriet\u00e1rios consultem previamente a situa\u00e7\u00e3o do ve\u00edculo antes de gerar o Documento de Arrecada\u00e7\u00e3o (DAR). D\u00e9bitos pendentes, como licenciamento e multas, podem impedir o licenciamento anual caso n\u00e3o sejam quitados junto ao IPVA. O pagamento poder\u00e1 ser realizado em bancos, lot\u00e9ricas ou por plataformas digitais autorizadas.<\/p>\n<p>Para os contribuintes que desejam aproveitar o desconto m\u00e1ximo, a recomenda\u00e7\u00e3o \u00e9 antecipar a organiza\u00e7\u00e3o financeira e observar atentamente as datas do calend\u00e1rio. Especialistas apontam que a economia pode ser significativa quando aplicada ao longo de uma frota ou para quem possui ve\u00edculos de maior valor venal.<\/p>\n<p>Com a publica\u00e7\u00e3o do calend\u00e1rio, o governo estadual busca proporcionar previsibilidade aos piauienses e evitar um aumento de inadimpl\u00eancia no primeiro semestre de 2026. Al\u00e9m disso, a medida se alinha \u00e0 pol\u00edtica de est\u00edmulo \u00e0 regulariza\u00e7\u00e3o tribut\u00e1ria, permitindo que os motoristas iniciem o ano com mais seguran\u00e7a para realizar o licenciamento e circular sem risco de penalidades.<\/p>\n","protected":false},"excerpt":{"rendered":"<p>O Governo do Piau\u00ed divulgou nesta semana o calend\u00e1rio oficial e as regras para pagamento do Imposto sobre a Propriedade de Ve\u00edculos Automotores (IPVA) referente ao exerc\u00edcio de 2026. Entre as medidas anunciadas, o destaque \u00e9 a oferta de descontos que podem chegar a 15% para contribuintes que optarem pela quita\u00e7\u00e3o em cota \u00fanica dentro [&hellip;]<\/p>\n","protected":false},"author":2,"featured_media":372831,"comment_status":"closed","ping_status":"closed","sticky":false,"template":"","format":"standard","meta":{"_acf_changed":false,"footnotes":""},"categories":[165],"tags":[],"class_list":["post-372830","post","type-post","status-publish","format-standard","has-post-thumbnail","hentry","category-nordeste"],"acf":[],"_links":{"self":[{"href":"https:\/\/www.notibras.com\/site\/wp-json\/wp\/v2\/posts\/372830","targetHints":{"allow":["GET"]}}],"collection":[{"href":"https:\/\/www.notibras.com\/site\/wp-json\/wp\/v2\/posts"}],"about":[{"href":"https:\/\/www.notibras.com\/site\/wp-json\/wp\/v2\/types\/post"}],"author":[{"embeddable":true,"href":"https:\/\/www.notibras.com\/site\/wp-json\/wp\/v2\/users\/2"}],"replies":[{"embeddable":true,"href":"https:\/\/www.notibras.com\/site\/wp-json\/wp\/v2\/comments?post=372830"}],"version-history":[{"count":2,"href":"https:\/\/www.notibras.com\/site\/wp-json\/wp\/v2\/posts\/372830\/revisions"}],"predecessor-version":[{"id":372833,"href":"https:\/\/www.notibras.com\/site\/wp-json\/wp\/v2\/posts\/372830\/revisions\/372833"}],"wp:featuredmedia":[{"embeddable":true,"href":"https:\/\/www.notibras.com\/site\/wp-json\/wp\/v2\/media\/372831"}],"wp:attachment":[{"href":"https:\/\/www.notibras.com\/site\/wp-json\/wp\/v2\/media?parent=372830"}],"wp:term":[{"taxonomy":"category","embeddable":true,"href":"https:\/\/www.notibras.com\/site\/wp-json\/wp\/v2\/categories?post=372830"},{"taxonomy":"post_tag","embeddable":true,"href":"https:\/\/www.notibras.com\/site\/wp-json\/wp\/v2\/tags?post=372830"}],"curies":[{"name":"wp","href":"https:\/\/api.w.org\/{rel}","templated":true}]}}