{"id":372884,"date":"2025-11-29T20:16:07","date_gmt":"2025-11-29T23:16:07","guid":{"rendered":"https:\/\/www.notibras.com\/site\/?p=372884"},"modified":"2025-11-29T21:08:16","modified_gmt":"2025-11-30T00:08:16","slug":"alegria-do-povo-o-flamengo-e-uma-eterna-comunhao-de-sentimento","status":"publish","type":"post","link":"https:\/\/www.notibras.com\/site\/alegria-do-povo-o-flamengo-e-uma-eterna-comunhao-de-sentimento\/","title":{"rendered":"Alegria do povo, o Flamengo \u00e9 uma eterna comunh\u00e3o de sentimento"},"content":{"rendered":"<p style=\"font-weight: 400;\">Clube de Regatas do Flamengo. N\u00e3o h\u00e1 necessidade de explic\u00e1-lo. Basta senti-lo na alma, no cora\u00e7\u00e3o e ganhando seu quarto t\u00edtulo da Libertadores. Sou Flamengo e n\u00e3o me pe\u00e7am para explicar mais nada. \u00c9 s\u00f3 sentir e vibrar. Sem medo de errar, diria que do Maracan\u00e3 ao infinito, com baldea\u00e7\u00e3o no Monumental de Lima, minha paix\u00e3o pelo Flamengo \u00e9 um grito. Com todo respeito aos demais brasileiros, aos argentinos, uruguaios, chilenos, paraguaios e colombianos, mas o mundo se curvou neste s\u00e1bado (29) ao Meng\u00e3o de quase 45 milh\u00f5es de brasileiros.<\/p>\n<p style=\"font-weight: 400;\">Me perdoem a franqueza, mas a na\u00e7\u00e3o rubro-negra \u00e9 pura explos\u00e3o. Sem mod\u00e9stia alguma, tenho algumas virtudes. No entanto, ser Flamengo \u00e9 minha maior qualidade. \u00c9 o time que ensinou o Brasil a sorrir e a sonhar. N\u00e3o \u00e0 toa, somos uma na\u00e7\u00e3o, a maior do pa\u00eds. Ser Flamengo \u00e9 ir em frente onde os outros param, \u00e9 derrubar barreiras onde os prudentes medram. \u00c9 n\u00e3o se cansar de repetir o mantra \u201cUma vez Flamengo, sempre Flamengo\u201d.<\/p>\n<p style=\"font-weight: 400;\">Fazendo minhas as palavras de um famoso torcedor do Am\u00e9rica do Rio de Janeiro, o falecido juiz de direito Eliezer Rosa, o Flamengo n\u00e3o \u00e9 somente um clube, uma agremia\u00e7\u00e3o esportiva. O Flamengo \u00e9 uma devo\u00e7\u00e3o, uma eterna comunh\u00e3o de sentimentos. Talvez seja mais do que isso. Quem sabe uma religi\u00e3o, uma seita, um credo, com sua B\u00edblia e seus profetas maiores e menores.<\/p>\n<p style=\"font-weight: 400;\">Alguns odeiam o Flamengo, outros o respeitam e muitos o invejam. N\u00e3o ser flamenguista \u00e9 procurar a felicidade onde ela n\u00e3o est\u00e1. Com toda certeza, mesmo em outra encarna\u00e7\u00e3o, todos os brasileiros um dia j\u00e1 torceram pelo Flamengo. Quem nunca se enrolou no manto sagrado nunca existiu. \u201cO Flamengo d\u00e1 febre, d\u00e1 meningite, cirrose hep\u00e1tica, neurose, exalta\u00e7\u00e3o de vida e de morte. O Flamengo \u00e9 uma alucina\u00e7\u00e3o. Deveria ser feita uma Lei Federal que obrigasse o Flamengo a jogar em todo Brasil, toda semana e ganhar sempre\u201d.<\/p>\n<p style=\"font-weight: 400;\">Se algu\u00e9m duvida, o Flamengo \u00e9 a for\u00e7a e a alegria do povo. E lembrar que um americano \u00e9 capaz de reconhecer que, ap\u00f3s o tetra da Libertadores, haver\u00e1 foguet\u00f3rio nas comunidades, champanhe na Avenida Atl\u00e2ntica, mais do\u00e7ura nos lares, mais vibra\u00e7\u00e3o nas ruas e beijos nas pra\u00e7as e nos jardins. A alma do povo rubro-negro est\u00e1 em paz, feliz como nunca.<\/p>\n<p style=\"font-weight: 400;\">Meu caro juiz Eliezer Rosa, vossa excel\u00eancia deve estar sentado ao lado de S\u00e3o Judas Tadeu, o nosso protetor. Aproveite a oportunidade fa\u00e7a um pedido ao santo. Repita para ele que o Flamengo n\u00e3o pode perder, n\u00e3o deve perder. \u201cSua derrota frustra, entristece, humilha e abate\u201d. Se der tempo, explique a S\u00e3o Judas Tadeu que a sa\u00fade p\u00fablica e a higiene nacional exigem que o Flamengo ven\u00e7a, para bem de todos, para felicidade geral e para o bem-estar nacional. Uma vez Flamengo, sempre Flamengo.<\/p>\n<p style=\"font-weight: 400;\">&#8230;&#8230;&#8230;&#8230;&#8230;.<\/p>\n<p style=\"font-weight: 400;\"><strong>Armando Cardoso \u00e9 presidente do Conselho Editorial de Notibras<\/strong><\/p>\n","protected":false},"excerpt":{"rendered":"<p>Clube de Regatas do Flamengo. N\u00e3o h\u00e1 necessidade de explic\u00e1-lo. Basta senti-lo na alma, no cora\u00e7\u00e3o e ganhando seu quarto t\u00edtulo da Libertadores. Sou Flamengo e n\u00e3o me pe\u00e7am para explicar mais nada. \u00c9 s\u00f3 sentir e vibrar. Sem medo de errar, diria que do Maracan\u00e3 ao infinito, com baldea\u00e7\u00e3o no Monumental de Lima, minha [&hellip;]<\/p>\n","protected":false},"author":2,"featured_media":372885,"comment_status":"closed","ping_status":"closed","sticky":false,"template":"","format":"standard","meta":{"_acf_changed":false,"footnotes":""},"categories":[155],"tags":[95],"class_list":["post-372884","post","type-post","status-publish","format-standard","has-post-thumbnail","hentry","category-leitura-vip","tag-capa"],"acf":[],"yoast_head":"<!-- This site is optimized with the Yoast SEO plugin v27.5 - https:\/\/yoast.com\/product\/yoast-seo-wordpress\/ -->\n<title>Alegria do povo, o Flamengo \u00e9 uma eterna comunh\u00e3o de sentimento - Notibras<\/title>\n<meta name=\"robots\" content=\"index, follow, max-snippet:-1, max-image-preview:large, max-video-preview:-1\" \/>\n<link rel=\"canonical\" href=\"https:\/\/www.notibras.com\/site\/alegria-do-povo-o-flamengo-e-uma-eterna-comunhao-de-sentimento\/\" \/>\n<meta property=\"og:locale\" content=\"pt_BR\" \/>\n<meta property=\"og:type\" content=\"article\" \/>\n<meta property=\"og:title\" content=\"Alegria do povo, o Flamengo \u00e9 uma eterna comunh\u00e3o de sentimento - Notibras\" \/>\n<meta property=\"og:description\" content=\"Clube de Regatas do Flamengo. N\u00e3o h\u00e1 necessidade de explic\u00e1-lo. Basta senti-lo na alma, no cora\u00e7\u00e3o e ganhando seu quarto t\u00edtulo da Libertadores. Sou Flamengo e n\u00e3o me pe\u00e7am para explicar mais nada. \u00c9 s\u00f3 sentir e vibrar. Sem medo de errar, diria que do Maracan\u00e3 ao infinito, com baldea\u00e7\u00e3o no Monumental de Lima, minha [&hellip;]\" \/>\n<meta property=\"og:url\" content=\"https:\/\/www.notibras.com\/site\/alegria-do-povo-o-flamengo-e-uma-eterna-comunhao-de-sentimento\/\" \/>\n<meta property=\"og:site_name\" content=\"Notibras\" \/>\n<meta property=\"article:publisher\" content=\"https:\/\/www.facebook.com\/notibras\/\" \/>\n<meta property=\"article:published_time\" content=\"2025-11-29T23:16:07+00:00\" \/>\n<meta property=\"article:modified_time\" content=\"2025-11-30T00:08:16+00:00\" \/>\n<meta property=\"og:image\" content=\"https:\/\/www.notibras.com\/site\/wp-content\/uploads\/2025\/11\/54953984636_a9b3922cff_o.webp\" \/>\n\t<meta property=\"og:image:width\" content=\"1170\" \/>\n\t<meta property=\"og:image:height\" content=\"700\" \/>\n\t<meta property=\"og:image:type\" content=\"image\/webp\" \/>\n<meta name=\"author\" content=\"Reda\u00e7\u00e3o\" \/>\n<meta name=\"twitter:card\" content=\"summary_large_image\" \/>\n<meta name=\"twitter:creator\" content=\"@Notibras\" \/>\n<meta name=\"twitter:site\" content=\"@Notibras\" \/>\n<meta name=\"twitter:label1\" content=\"Escrito por\" \/>\n\t<meta name=\"twitter:data1\" content=\"Reda\u00e7\u00e3o\" \/>\n\t<meta name=\"twitter:label2\" content=\"Est. tempo de leitura\" \/>\n\t<meta name=\"twitter:data2\" content=\"3 minutos\" \/>\n<script type=\"application\/ld+json\" class=\"yoast-schema-graph\">{\"@context\":\"https:\\\/\\\/schema.org\",\"@graph\":[{\"@type\":\"Article\",\"@id\":\"https:\\\/\\\/www.notibras.com\\\/site\\\/alegria-do-povo-o-flamengo-e-uma-eterna-comunhao-de-sentimento\\\/#article\",\"isPartOf\":{\"@id\":\"https:\\\/\\\/www.notibras.com\\\/site\\\/alegria-do-povo-o-flamengo-e-uma-eterna-comunhao-de-sentimento\\\/\"},\"author\":{\"name\":\"Reda\u00e7\u00e3o\",\"@id\":\"https:\\\/\\\/www.notibras.com\\\/site\\\/#\\\/schema\\\/person\\\/36ab0979449956132d3e5b517ea76ac8\"},\"headline\":\"Alegria do povo, o Flamengo \u00e9 uma eterna comunh\u00e3o de sentimento\",\"datePublished\":\"2025-11-29T23:16:07+00:00\",\"dateModified\":\"2025-11-30T00:08:16+00:00\",\"mainEntityOfPage\":{\"@id\":\"https:\\\/\\\/www.notibras.com\\\/site\\\/alegria-do-povo-o-flamengo-e-uma-eterna-comunhao-de-sentimento\\\/\"},\"wordCount\":514,\"publisher\":{\"@id\":\"https:\\\/\\\/www.notibras.com\\\/site\\\/#organization\"},\"image\":{\"@id\":\"https:\\\/\\\/www.notibras.com\\\/site\\\/alegria-do-povo-o-flamengo-e-uma-eterna-comunhao-de-sentimento\\\/#primaryimage\"},\"thumbnailUrl\":\"https:\\\/\\\/www.notibras.com\\\/site\\\/wp-content\\\/uploads\\\/2025\\\/11\\\/54953984636_a9b3922cff_o.webp\",\"keywords\":[\"capa\"],\"articleSection\":[\"Leitura Vip\"],\"inLanguage\":\"pt-BR\"},{\"@type\":\"WebPage\",\"@id\":\"https:\\\/\\\/www.notibras.com\\\/site\\\/alegria-do-povo-o-flamengo-e-uma-eterna-comunhao-de-sentimento\\\/\",\"url\":\"https:\\\/\\\/www.notibras.com\\\/site\\\/alegria-do-povo-o-flamengo-e-uma-eterna-comunhao-de-sentimento\\\/\",\"name\":\"Alegria do povo, o Flamengo \u00e9 uma eterna comunh\u00e3o de sentimento - Notibras\",\"isPartOf\":{\"@id\":\"https:\\\/\\\/www.notibras.com\\\/site\\\/#website\"},\"primaryImageOfPage\":{\"@id\":\"https:\\\/\\\/www.notibras.com\\\/site\\\/alegria-do-povo-o-flamengo-e-uma-eterna-comunhao-de-sentimento\\\/#primaryimage\"},\"image\":{\"@id\":\"https:\\\/\\\/www.notibras.com\\\/site\\\/alegria-do-povo-o-flamengo-e-uma-eterna-comunhao-de-sentimento\\\/#primaryimage\"},\"thumbnailUrl\":\"https:\\\/\\\/www.notibras.com\\\/site\\\/wp-content\\\/uploads\\\/2025\\\/11\\\/54953984636_a9b3922cff_o.webp\",\"datePublished\":\"2025-11-29T23:16:07+00:00\",\"dateModified\":\"2025-11-30T00:08:16+00:00\",\"breadcrumb\":{\"@id\":\"https:\\\/\\\/www.notibras.com\\\/site\\\/alegria-do-povo-o-flamengo-e-uma-eterna-comunhao-de-sentimento\\\/#breadcrumb\"},\"inLanguage\":\"pt-BR\",\"potentialAction\":[{\"@type\":\"ReadAction\",\"target\":[\"https:\\\/\\\/www.notibras.com\\\/site\\\/alegria-do-povo-o-flamengo-e-uma-eterna-comunhao-de-sentimento\\\/\"]}]},{\"@type\":\"ImageObject\",\"inLanguage\":\"pt-BR\",\"@id\":\"https:\\\/\\\/www.notibras.com\\\/site\\\/alegria-do-povo-o-flamengo-e-uma-eterna-comunhao-de-sentimento\\\/#primaryimage\",\"url\":\"https:\\\/\\\/www.notibras.com\\\/site\\\/wp-content\\\/uploads\\\/2025\\\/11\\\/54953984636_a9b3922cff_o.webp\",\"contentUrl\":\"https:\\\/\\\/www.notibras.com\\\/site\\\/wp-content\\\/uploads\\\/2025\\\/11\\\/54953984636_a9b3922cff_o.webp\",\"width\":1170,\"height\":700},{\"@type\":\"BreadcrumbList\",\"@id\":\"https:\\\/\\\/www.notibras.com\\\/site\\\/alegria-do-povo-o-flamengo-e-uma-eterna-comunhao-de-sentimento\\\/#breadcrumb\",\"itemListElement\":[{\"@type\":\"ListItem\",\"position\":1,\"name\":\"In\u00edcio\",\"item\":\"https:\\\/\\\/www.notibras.com\\\/site\\\/\"},{\"@type\":\"ListItem\",\"position\":2,\"name\":\"Alegria do povo, o Flamengo \u00e9 uma eterna comunh\u00e3o de sentimento\"}]},{\"@type\":\"WebSite\",\"@id\":\"https:\\\/\\\/www.notibras.com\\\/site\\\/#website\",\"url\":\"https:\\\/\\\/www.notibras.com\\\/site\\\/\",\"name\":\"Notibras\",\"description\":\"Not\u00edcias de Bras\u00edlia, do Brasil e do Mundo\",\"publisher\":{\"@id\":\"https:\\\/\\\/www.notibras.com\\\/site\\\/#organization\"},\"potentialAction\":[{\"@type\":\"SearchAction\",\"target\":{\"@type\":\"EntryPoint\",\"urlTemplate\":\"https:\\\/\\\/www.notibras.com\\\/site\\\/?s={search_term_string}\"},\"query-input\":{\"@type\":\"PropertyValueSpecification\",\"valueRequired\":true,\"valueName\":\"search_term_string\"}}],\"inLanguage\":\"pt-BR\"},{\"@type\":\"Organization\",\"@id\":\"https:\\\/\\\/www.notibras.com\\\/site\\\/#organization\",\"name\":\"Grupo Notibras de Comunica\u00e7\u00e3o\",\"url\":\"https:\\\/\\\/www.notibras.com\\\/site\\\/\",\"logo\":{\"@type\":\"ImageObject\",\"inLanguage\":\"pt-BR\",\"@id\":\"https:\\\/\\\/www.notibras.com\\\/site\\\/#\\\/schema\\\/logo\\\/image\\\/\",\"url\":\"https:\\\/\\\/www.notibras.com\\\/site\\\/wp-content\\\/uploads\\\/2023\\\/01\\\/notibras23.png\",\"contentUrl\":\"https:\\\/\\\/www.notibras.com\\\/site\\\/wp-content\\\/uploads\\\/2023\\\/01\\\/notibras23.png\",\"width\":350,\"height\":87,\"caption\":\"Grupo Notibras de Comunica\u00e7\u00e3o\"},\"image\":{\"@id\":\"https:\\\/\\\/www.notibras.com\\\/site\\\/#\\\/schema\\\/logo\\\/image\\\/\"},\"sameAs\":[\"https:\\\/\\\/www.facebook.com\\\/notibras\\\/\",\"https:\\\/\\\/x.com\\\/Notibras\",\"https:\\\/\\\/www.instagram.com\\\/notibras\\\/\"]},{\"@type\":\"Person\",\"@id\":\"https:\\\/\\\/www.notibras.com\\\/site\\\/#\\\/schema\\\/person\\\/36ab0979449956132d3e5b517ea76ac8\",\"name\":\"Reda\u00e7\u00e3o\",\"image\":{\"@type\":\"ImageObject\",\"inLanguage\":\"pt-BR\",\"@id\":\"https:\\\/\\\/secure.gravatar.com\\\/avatar\\\/e0a867bdedb85fd243eadf09663511f96fc81e0720a4a42581f334ad4303aa6b?s=96&d=mm&r=g\",\"url\":\"https:\\\/\\\/secure.gravatar.com\\\/avatar\\\/e0a867bdedb85fd243eadf09663511f96fc81e0720a4a42581f334ad4303aa6b?s=96&d=mm&r=g\",\"contentUrl\":\"https:\\\/\\\/secure.gravatar.com\\\/avatar\\\/e0a867bdedb85fd243eadf09663511f96fc81e0720a4a42581f334ad4303aa6b?s=96&d=mm&r=g\",\"caption\":\"Reda\u00e7\u00e3o\"}}]}<\/script>\n<!-- \/ Yoast SEO plugin. -->","yoast_head_json":{"title":"Alegria do povo, o Flamengo \u00e9 uma eterna comunh\u00e3o de sentimento - Notibras","robots":{"index":"index","follow":"follow","max-snippet":"max-snippet:-1","max-image-preview":"max-image-preview:large","max-video-preview":"max-video-preview:-1"},"canonical":"https:\/\/www.notibras.com\/site\/alegria-do-povo-o-flamengo-e-uma-eterna-comunhao-de-sentimento\/","og_locale":"pt_BR","og_type":"article","og_title":"Alegria do povo, o Flamengo \u00e9 uma eterna comunh\u00e3o de sentimento - Notibras","og_description":"Clube de Regatas do Flamengo. N\u00e3o h\u00e1 necessidade de explic\u00e1-lo. Basta senti-lo na alma, no cora\u00e7\u00e3o e ganhando seu quarto t\u00edtulo da Libertadores. Sou Flamengo e n\u00e3o me pe\u00e7am para explicar mais nada. \u00c9 s\u00f3 sentir e vibrar. Sem medo de errar, diria que do Maracan\u00e3 ao infinito, com baldea\u00e7\u00e3o no Monumental de Lima, minha [&hellip;]","og_url":"https:\/\/www.notibras.com\/site\/alegria-do-povo-o-flamengo-e-uma-eterna-comunhao-de-sentimento\/","og_site_name":"Notibras","article_publisher":"https:\/\/www.facebook.com\/notibras\/","article_published_time":"2025-11-29T23:16:07+00:00","article_modified_time":"2025-11-30T00:08:16+00:00","og_image":[{"width":1170,"height":700,"url":"https:\/\/www.notibras.com\/site\/wp-content\/uploads\/2025\/11\/54953984636_a9b3922cff_o.webp","type":"image\/webp"}],"author":"Reda\u00e7\u00e3o","twitter_card":"summary_large_image","twitter_creator":"@Notibras","twitter_site":"@Notibras","twitter_misc":{"Escrito por":"Reda\u00e7\u00e3o","Est. tempo de leitura":"3 minutos"},"schema":{"@context":"https:\/\/schema.org","@graph":[{"@type":"Article","@id":"https:\/\/www.notibras.com\/site\/alegria-do-povo-o-flamengo-e-uma-eterna-comunhao-de-sentimento\/#article","isPartOf":{"@id":"https:\/\/www.notibras.com\/site\/alegria-do-povo-o-flamengo-e-uma-eterna-comunhao-de-sentimento\/"},"author":{"name":"Reda\u00e7\u00e3o","@id":"https:\/\/www.notibras.com\/site\/#\/schema\/person\/36ab0979449956132d3e5b517ea76ac8"},"headline":"Alegria do povo, o Flamengo \u00e9 uma eterna comunh\u00e3o de sentimento","datePublished":"2025-11-29T23:16:07+00:00","dateModified":"2025-11-30T00:08:16+00:00","mainEntityOfPage":{"@id":"https:\/\/www.notibras.com\/site\/alegria-do-povo-o-flamengo-e-uma-eterna-comunhao-de-sentimento\/"},"wordCount":514,"publisher":{"@id":"https:\/\/www.notibras.com\/site\/#organization"},"image":{"@id":"https:\/\/www.notibras.com\/site\/alegria-do-povo-o-flamengo-e-uma-eterna-comunhao-de-sentimento\/#primaryimage"},"thumbnailUrl":"https:\/\/www.notibras.com\/site\/wp-content\/uploads\/2025\/11\/54953984636_a9b3922cff_o.webp","keywords":["capa"],"articleSection":["Leitura Vip"],"inLanguage":"pt-BR"},{"@type":"WebPage","@id":"https:\/\/www.notibras.com\/site\/alegria-do-povo-o-flamengo-e-uma-eterna-comunhao-de-sentimento\/","url":"https:\/\/www.notibras.com\/site\/alegria-do-povo-o-flamengo-e-uma-eterna-comunhao-de-sentimento\/","name":"Alegria do povo, o Flamengo \u00e9 uma eterna comunh\u00e3o de sentimento - Notibras","isPartOf":{"@id":"https:\/\/www.notibras.com\/site\/#website"},"primaryImageOfPage":{"@id":"https:\/\/www.notibras.com\/site\/alegria-do-povo-o-flamengo-e-uma-eterna-comunhao-de-sentimento\/#primaryimage"},"image":{"@id":"https:\/\/www.notibras.com\/site\/alegria-do-povo-o-flamengo-e-uma-eterna-comunhao-de-sentimento\/#primaryimage"},"thumbnailUrl":"https:\/\/www.notibras.com\/site\/wp-content\/uploads\/2025\/11\/54953984636_a9b3922cff_o.webp","datePublished":"2025-11-29T23:16:07+00:00","dateModified":"2025-11-30T00:08:16+00:00","breadcrumb":{"@id":"https:\/\/www.notibras.com\/site\/alegria-do-povo-o-flamengo-e-uma-eterna-comunhao-de-sentimento\/#breadcrumb"},"inLanguage":"pt-BR","potentialAction":[{"@type":"ReadAction","target":["https:\/\/www.notibras.com\/site\/alegria-do-povo-o-flamengo-e-uma-eterna-comunhao-de-sentimento\/"]}]},{"@type":"ImageObject","inLanguage":"pt-BR","@id":"https:\/\/www.notibras.com\/site\/alegria-do-povo-o-flamengo-e-uma-eterna-comunhao-de-sentimento\/#primaryimage","url":"https:\/\/www.notibras.com\/site\/wp-content\/uploads\/2025\/11\/54953984636_a9b3922cff_o.webp","contentUrl":"https:\/\/www.notibras.com\/site\/wp-content\/uploads\/2025\/11\/54953984636_a9b3922cff_o.webp","width":1170,"height":700},{"@type":"BreadcrumbList","@id":"https:\/\/www.notibras.com\/site\/alegria-do-povo-o-flamengo-e-uma-eterna-comunhao-de-sentimento\/#breadcrumb","itemListElement":[{"@type":"ListItem","position":1,"name":"In\u00edcio","item":"https:\/\/www.notibras.com\/site\/"},{"@type":"ListItem","position":2,"name":"Alegria do povo, o Flamengo \u00e9 uma eterna comunh\u00e3o de sentimento"}]},{"@type":"WebSite","@id":"https:\/\/www.notibras.com\/site\/#website","url":"https:\/\/www.notibras.com\/site\/","name":"Notibras","description":"Not\u00edcias de Bras\u00edlia, do Brasil e do Mundo","publisher":{"@id":"https:\/\/www.notibras.com\/site\/#organization"},"potentialAction":[{"@type":"SearchAction","target":{"@type":"EntryPoint","urlTemplate":"https:\/\/www.notibras.com\/site\/?s={search_term_string}"},"query-input":{"@type":"PropertyValueSpecification","valueRequired":true,"valueName":"search_term_string"}}],"inLanguage":"pt-BR"},{"@type":"Organization","@id":"https:\/\/www.notibras.com\/site\/#organization","name":"Grupo Notibras de Comunica\u00e7\u00e3o","url":"https:\/\/www.notibras.com\/site\/","logo":{"@type":"ImageObject","inLanguage":"pt-BR","@id":"https:\/\/www.notibras.com\/site\/#\/schema\/logo\/image\/","url":"https:\/\/www.notibras.com\/site\/wp-content\/uploads\/2023\/01\/notibras23.png","contentUrl":"https:\/\/www.notibras.com\/site\/wp-content\/uploads\/2023\/01\/notibras23.png","width":350,"height":87,"caption":"Grupo Notibras de Comunica\u00e7\u00e3o"},"image":{"@id":"https:\/\/www.notibras.com\/site\/#\/schema\/logo\/image\/"},"sameAs":["https:\/\/www.facebook.com\/notibras\/","https:\/\/x.com\/Notibras","https:\/\/www.instagram.com\/notibras\/"]},{"@type":"Person","@id":"https:\/\/www.notibras.com\/site\/#\/schema\/person\/36ab0979449956132d3e5b517ea76ac8","name":"Reda\u00e7\u00e3o","image":{"@type":"ImageObject","inLanguage":"pt-BR","@id":"https:\/\/secure.gravatar.com\/avatar\/e0a867bdedb85fd243eadf09663511f96fc81e0720a4a42581f334ad4303aa6b?s=96&d=mm&r=g","url":"https:\/\/secure.gravatar.com\/avatar\/e0a867bdedb85fd243eadf09663511f96fc81e0720a4a42581f334ad4303aa6b?s=96&d=mm&r=g","contentUrl":"https:\/\/secure.gravatar.com\/avatar\/e0a867bdedb85fd243eadf09663511f96fc81e0720a4a42581f334ad4303aa6b?s=96&d=mm&r=g","caption":"Reda\u00e7\u00e3o"}}]}},"amp_enabled":true,"_links":{"self":[{"href":"https:\/\/www.notibras.com\/site\/wp-json\/wp\/v2\/posts\/372884","targetHints":{"allow":["GET"]}}],"collection":[{"href":"https:\/\/www.notibras.com\/site\/wp-json\/wp\/v2\/posts"}],"about":[{"href":"https:\/\/www.notibras.com\/site\/wp-json\/wp\/v2\/types\/post"}],"author":[{"embeddable":true,"href":"https:\/\/www.notibras.com\/site\/wp-json\/wp\/v2\/users\/2"}],"replies":[{"embeddable":true,"href":"https:\/\/www.notibras.com\/site\/wp-json\/wp\/v2\/comments?post=372884"}],"version-history":[{"count":4,"href":"https:\/\/www.notibras.com\/site\/wp-json\/wp\/v2\/posts\/372884\/revisions"}],"predecessor-version":[{"id":372889,"href":"https:\/\/www.notibras.com\/site\/wp-json\/wp\/v2\/posts\/372884\/revisions\/372889"}],"wp:featuredmedia":[{"embeddable":true,"href":"https:\/\/www.notibras.com\/site\/wp-json\/wp\/v2\/media\/372885"}],"wp:attachment":[{"href":"https:\/\/www.notibras.com\/site\/wp-json\/wp\/v2\/media?parent=372884"}],"wp:term":[{"taxonomy":"category","embeddable":true,"href":"https:\/\/www.notibras.com\/site\/wp-json\/wp\/v2\/categories?post=372884"},{"taxonomy":"post_tag","embeddable":true,"href":"https:\/\/www.notibras.com\/site\/wp-json\/wp\/v2\/tags?post=372884"}],"curies":[{"name":"wp","href":"https:\/\/api.w.org\/{rel}","templated":true}]}}