{"id":372960,"date":"2025-11-30T05:50:23","date_gmt":"2025-11-30T08:50:23","guid":{"rendered":"https:\/\/www.notibras.com\/site\/?p=372960"},"modified":"2025-11-30T05:54:18","modified_gmt":"2025-11-30T08:54:18","slug":"cada-vez-mais-avido-por-dinheiro-governo-corre-atras-do-proprio-rabo","status":"publish","type":"post","link":"https:\/\/www.notibras.com\/site\/cada-vez-mais-avido-por-dinheiro-governo-corre-atras-do-proprio-rabo\/","title":{"rendered":"Cada vez mais \u00e1vido por dinheiro, governo corre atr\u00e1s do pr\u00f3prio rabo"},"content":{"rendered":"<p>O Congresso aprovou a tributa\u00e7\u00e3o sobre lucros e dividendos, aguardando apenas a san\u00e7\u00e3o presidencial. Em tese, o movimento tem l\u00f3gica: ampliar a isen\u00e7\u00e3o do Imposto de Renda para quem ganha at\u00e9 cinco mil reais e compensar isso cobrando mais de quem recebe lucros elevados. No papel, \u00e9 um ajuste que a maioria dos pa\u00edses j\u00e1 adotou. No Brasil, chega com d\u00e9cadas de atraso.<\/p>\n<p>Mas apoiar qualquer amplia\u00e7\u00e3o de tributa\u00e7\u00e3o num pa\u00eds que n\u00e3o entrega o b\u00e1sico sempre soa como aquela velha cena do cachorro correndo atr\u00e1s do pr\u00f3prio rabo. O Estado arrecada mais, promete mais, gasta mais e, no fim, volta exatamente ao ponto de partida. Sem efici\u00eancia, sem impacto vis\u00edvel, sem melhora real. Apenas mais corrida, mais giros, mais cansa\u00e7o coletivo.<\/p>\n<p>H\u00e1 argumentos a favor da taxa\u00e7\u00e3o. Corrige a distor\u00e7\u00e3o de dividendos isentos. Reduz assimetrias entre quem vive do sal\u00e1rio e quem vive do capital. Moderniza pr\u00e1ticas que ficaram paradas no tempo.<\/p>\n<p>H\u00e1 tamb\u00e9m argumentos s\u00f3lidos do outro lado. A empresa paga IRPJ e CSLL sobre o lucro. Depois paga na distribui\u00e7\u00e3o. Esse efeito de bitributa\u00e7\u00e3o estrangula setores, trava investimentos e amplia o custo Brasil. Falar em competitividade num ambiente assim \u00e9 quase um exerc\u00edcio de fic\u00e7\u00e3o. Capital n\u00e3o espera efici\u00eancia futura. Capital foge.<\/p>\n<p>E houve ainda o espet\u00e1culo silencioso dos parlamentares que se apresentam como liberais e, de repente, mudaram de rota. N\u00e3o por convers\u00e3o doutrin\u00e1ria. Por c\u00e1lculo pol\u00edtico. Era dif\u00edcil defender dividendos isentos enquanto milh\u00f5es comemoravam o al\u00edvio na tabela do IR. Quando o custo eleitoral aumenta, a convic\u00e7\u00e3o diminui. Nesse jogo, o voto acompanha a mar\u00e9, n\u00e3o o manual de princ\u00edpios.<\/p>\n<p>O governo acerta ao buscar justi\u00e7a fiscal. Erra ao acreditar que arrecadar mais resolve problemas que dependem de gest\u00e3o, planejamento, prioridades e coragem administrativa. Sem efici\u00eancia, qualquer aumento de imposto vira combust\u00edvel para o mesmo ciclo vicioso. De novo a imagem do cachorro: correndo, girando, cansando, mas sem sair do lugar.<\/p>\n<p>O pa\u00eds precisa discutir tributa\u00e7\u00e3o com honestidade. Precisa discutir gasto com a mesma intensidade. E precisa, sobretudo, parar de achar que aumentar receita compensa falta de entrega. N\u00e3o compensa. S\u00f3 prolonga o giro.<\/p>\n<p>&#8230;&#8230;&#8230;&#8230;&#8230;.<\/p>\n<p><strong>Nota de rodap\u00e9<\/strong><br \/>\nO PL 1087\/2025 foi aprovado na C\u00e2mara e no Senado sem altera\u00e7\u00f5es, o que dispensa retorno \u00e0 C\u00e2mara. O apoio expressivo, inclusive de parlamentares liberais, foi impulsionado pelo forte apelo popular da nova faixa de isen\u00e7\u00e3o do IR. O texto aguarda apenas a san\u00e7\u00e3o presidencial. A implementa\u00e7\u00e3o est\u00e1 prevista para 2026, ap\u00f3s regulamenta\u00e7\u00e3o da Receita Federal.<\/p>\n","protected":false},"excerpt":{"rendered":"<p>O Congresso aprovou a tributa\u00e7\u00e3o sobre lucros e dividendos, aguardando apenas a san\u00e7\u00e3o presidencial. Em tese, o movimento tem l\u00f3gica: ampliar a isen\u00e7\u00e3o do Imposto de Renda para quem ganha at\u00e9 cinco mil reais e compensar isso cobrando mais de quem recebe lucros elevados. No papel, \u00e9 um ajuste que a maioria dos pa\u00edses j\u00e1 [&hellip;]<\/p>\n","protected":false},"author":2,"featured_media":372961,"comment_status":"closed","ping_status":"closed","sticky":false,"template":"","format":"standard","meta":{"_acf_changed":false,"footnotes":""},"categories":[16],"tags":[95],"class_list":["post-372960","post","type-post","status-publish","format-standard","has-post-thumbnail","hentry","category-brasil","tag-capa"],"acf":[],"yoast_head":"<!-- This site is optimized with the Yoast SEO plugin v27.5 - https:\/\/yoast.com\/product\/yoast-seo-wordpress\/ -->\n<title>Cada vez mais \u00e1vido por dinheiro, governo corre atr\u00e1s do pr\u00f3prio rabo - Notibras<\/title>\n<meta name=\"robots\" content=\"index, follow, max-snippet:-1, max-image-preview:large, max-video-preview:-1\" \/>\n<link rel=\"canonical\" href=\"https:\/\/www.notibras.com\/site\/cada-vez-mais-avido-por-dinheiro-governo-corre-atras-do-proprio-rabo\/\" \/>\n<meta property=\"og:locale\" content=\"pt_BR\" \/>\n<meta property=\"og:type\" content=\"article\" \/>\n<meta property=\"og:title\" content=\"Cada vez mais \u00e1vido por dinheiro, governo corre atr\u00e1s do pr\u00f3prio rabo - Notibras\" \/>\n<meta property=\"og:description\" content=\"O Congresso aprovou a tributa\u00e7\u00e3o sobre lucros e dividendos, aguardando apenas a san\u00e7\u00e3o presidencial. Em tese, o movimento tem l\u00f3gica: ampliar a isen\u00e7\u00e3o do Imposto de Renda para quem ganha at\u00e9 cinco mil reais e compensar isso cobrando mais de quem recebe lucros elevados. No papel, \u00e9 um ajuste que a maioria dos pa\u00edses j\u00e1 [&hellip;]\" \/>\n<meta property=\"og:url\" content=\"https:\/\/www.notibras.com\/site\/cada-vez-mais-avido-por-dinheiro-governo-corre-atras-do-proprio-rabo\/\" \/>\n<meta property=\"og:site_name\" content=\"Notibras\" \/>\n<meta property=\"article:publisher\" content=\"https:\/\/www.facebook.com\/notibras\/\" \/>\n<meta property=\"article:published_time\" content=\"2025-11-30T08:50:23+00:00\" \/>\n<meta property=\"article:modified_time\" content=\"2025-11-30T08:54:18+00:00\" \/>\n<meta property=\"og:image\" content=\"https:\/\/www.notibras.com\/site\/wp-content\/uploads\/2025\/11\/3ed63679-92c1-4c63-988b-5b9e15f26cff.jpeg\" \/>\n\t<meta property=\"og:image:width\" content=\"1280\" \/>\n\t<meta property=\"og:image:height\" content=\"853\" \/>\n\t<meta property=\"og:image:type\" content=\"image\/jpeg\" \/>\n<meta name=\"author\" content=\"Reda\u00e7\u00e3o\" \/>\n<meta name=\"twitter:card\" content=\"summary_large_image\" \/>\n<meta name=\"twitter:creator\" content=\"@Notibras\" \/>\n<meta name=\"twitter:site\" content=\"@Notibras\" \/>\n<meta name=\"twitter:label1\" content=\"Escrito por\" \/>\n\t<meta name=\"twitter:data1\" content=\"Reda\u00e7\u00e3o\" \/>\n\t<meta name=\"twitter:label2\" content=\"Est. tempo de leitura\" \/>\n\t<meta name=\"twitter:data2\" content=\"3 minutos\" \/>\n<script type=\"application\/ld+json\" class=\"yoast-schema-graph\">{\"@context\":\"https:\\\/\\\/schema.org\",\"@graph\":[{\"@type\":\"Article\",\"@id\":\"https:\\\/\\\/www.notibras.com\\\/site\\\/cada-vez-mais-avido-por-dinheiro-governo-corre-atras-do-proprio-rabo\\\/#article\",\"isPartOf\":{\"@id\":\"https:\\\/\\\/www.notibras.com\\\/site\\\/cada-vez-mais-avido-por-dinheiro-governo-corre-atras-do-proprio-rabo\\\/\"},\"author\":{\"name\":\"Reda\u00e7\u00e3o\",\"@id\":\"https:\\\/\\\/www.notibras.com\\\/site\\\/#\\\/schema\\\/person\\\/36ab0979449956132d3e5b517ea76ac8\"},\"headline\":\"Cada vez mais \u00e1vido por dinheiro, governo corre atr\u00e1s do pr\u00f3prio rabo\",\"datePublished\":\"2025-11-30T08:50:23+00:00\",\"dateModified\":\"2025-11-30T08:54:18+00:00\",\"mainEntityOfPage\":{\"@id\":\"https:\\\/\\\/www.notibras.com\\\/site\\\/cada-vez-mais-avido-por-dinheiro-governo-corre-atras-do-proprio-rabo\\\/\"},\"wordCount\":472,\"publisher\":{\"@id\":\"https:\\\/\\\/www.notibras.com\\\/site\\\/#organization\"},\"image\":{\"@id\":\"https:\\\/\\\/www.notibras.com\\\/site\\\/cada-vez-mais-avido-por-dinheiro-governo-corre-atras-do-proprio-rabo\\\/#primaryimage\"},\"thumbnailUrl\":\"https:\\\/\\\/www.notibras.com\\\/site\\\/wp-content\\\/uploads\\\/2025\\\/11\\\/3ed63679-92c1-4c63-988b-5b9e15f26cff.jpeg\",\"keywords\":[\"capa\"],\"articleSection\":[\"Brasil\"],\"inLanguage\":\"pt-BR\"},{\"@type\":\"WebPage\",\"@id\":\"https:\\\/\\\/www.notibras.com\\\/site\\\/cada-vez-mais-avido-por-dinheiro-governo-corre-atras-do-proprio-rabo\\\/\",\"url\":\"https:\\\/\\\/www.notibras.com\\\/site\\\/cada-vez-mais-avido-por-dinheiro-governo-corre-atras-do-proprio-rabo\\\/\",\"name\":\"Cada vez mais \u00e1vido por dinheiro, governo corre atr\u00e1s do pr\u00f3prio rabo - Notibras\",\"isPartOf\":{\"@id\":\"https:\\\/\\\/www.notibras.com\\\/site\\\/#website\"},\"primaryImageOfPage\":{\"@id\":\"https:\\\/\\\/www.notibras.com\\\/site\\\/cada-vez-mais-avido-por-dinheiro-governo-corre-atras-do-proprio-rabo\\\/#primaryimage\"},\"image\":{\"@id\":\"https:\\\/\\\/www.notibras.com\\\/site\\\/cada-vez-mais-avido-por-dinheiro-governo-corre-atras-do-proprio-rabo\\\/#primaryimage\"},\"thumbnailUrl\":\"https:\\\/\\\/www.notibras.com\\\/site\\\/wp-content\\\/uploads\\\/2025\\\/11\\\/3ed63679-92c1-4c63-988b-5b9e15f26cff.jpeg\",\"datePublished\":\"2025-11-30T08:50:23+00:00\",\"dateModified\":\"2025-11-30T08:54:18+00:00\",\"breadcrumb\":{\"@id\":\"https:\\\/\\\/www.notibras.com\\\/site\\\/cada-vez-mais-avido-por-dinheiro-governo-corre-atras-do-proprio-rabo\\\/#breadcrumb\"},\"inLanguage\":\"pt-BR\",\"potentialAction\":[{\"@type\":\"ReadAction\",\"target\":[\"https:\\\/\\\/www.notibras.com\\\/site\\\/cada-vez-mais-avido-por-dinheiro-governo-corre-atras-do-proprio-rabo\\\/\"]}]},{\"@type\":\"ImageObject\",\"inLanguage\":\"pt-BR\",\"@id\":\"https:\\\/\\\/www.notibras.com\\\/site\\\/cada-vez-mais-avido-por-dinheiro-governo-corre-atras-do-proprio-rabo\\\/#primaryimage\",\"url\":\"https:\\\/\\\/www.notibras.com\\\/site\\\/wp-content\\\/uploads\\\/2025\\\/11\\\/3ed63679-92c1-4c63-988b-5b9e15f26cff.jpeg\",\"contentUrl\":\"https:\\\/\\\/www.notibras.com\\\/site\\\/wp-content\\\/uploads\\\/2025\\\/11\\\/3ed63679-92c1-4c63-988b-5b9e15f26cff.jpeg\",\"width\":1280,\"height\":853},{\"@type\":\"BreadcrumbList\",\"@id\":\"https:\\\/\\\/www.notibras.com\\\/site\\\/cada-vez-mais-avido-por-dinheiro-governo-corre-atras-do-proprio-rabo\\\/#breadcrumb\",\"itemListElement\":[{\"@type\":\"ListItem\",\"position\":1,\"name\":\"In\u00edcio\",\"item\":\"https:\\\/\\\/www.notibras.com\\\/site\\\/\"},{\"@type\":\"ListItem\",\"position\":2,\"name\":\"Cada vez mais \u00e1vido por dinheiro, governo corre atr\u00e1s do pr\u00f3prio rabo\"}]},{\"@type\":\"WebSite\",\"@id\":\"https:\\\/\\\/www.notibras.com\\\/site\\\/#website\",\"url\":\"https:\\\/\\\/www.notibras.com\\\/site\\\/\",\"name\":\"Notibras\",\"description\":\"Not\u00edcias de Bras\u00edlia, do Brasil e do Mundo\",\"publisher\":{\"@id\":\"https:\\\/\\\/www.notibras.com\\\/site\\\/#organization\"},\"potentialAction\":[{\"@type\":\"SearchAction\",\"target\":{\"@type\":\"EntryPoint\",\"urlTemplate\":\"https:\\\/\\\/www.notibras.com\\\/site\\\/?s={search_term_string}\"},\"query-input\":{\"@type\":\"PropertyValueSpecification\",\"valueRequired\":true,\"valueName\":\"search_term_string\"}}],\"inLanguage\":\"pt-BR\"},{\"@type\":\"Organization\",\"@id\":\"https:\\\/\\\/www.notibras.com\\\/site\\\/#organization\",\"name\":\"Grupo Notibras de Comunica\u00e7\u00e3o\",\"url\":\"https:\\\/\\\/www.notibras.com\\\/site\\\/\",\"logo\":{\"@type\":\"ImageObject\",\"inLanguage\":\"pt-BR\",\"@id\":\"https:\\\/\\\/www.notibras.com\\\/site\\\/#\\\/schema\\\/logo\\\/image\\\/\",\"url\":\"https:\\\/\\\/www.notibras.com\\\/site\\\/wp-content\\\/uploads\\\/2023\\\/01\\\/notibras23.png\",\"contentUrl\":\"https:\\\/\\\/www.notibras.com\\\/site\\\/wp-content\\\/uploads\\\/2023\\\/01\\\/notibras23.png\",\"width\":350,\"height\":87,\"caption\":\"Grupo Notibras de Comunica\u00e7\u00e3o\"},\"image\":{\"@id\":\"https:\\\/\\\/www.notibras.com\\\/site\\\/#\\\/schema\\\/logo\\\/image\\\/\"},\"sameAs\":[\"https:\\\/\\\/www.facebook.com\\\/notibras\\\/\",\"https:\\\/\\\/x.com\\\/Notibras\",\"https:\\\/\\\/www.instagram.com\\\/notibras\\\/\"]},{\"@type\":\"Person\",\"@id\":\"https:\\\/\\\/www.notibras.com\\\/site\\\/#\\\/schema\\\/person\\\/36ab0979449956132d3e5b517ea76ac8\",\"name\":\"Reda\u00e7\u00e3o\",\"image\":{\"@type\":\"ImageObject\",\"inLanguage\":\"pt-BR\",\"@id\":\"https:\\\/\\\/secure.gravatar.com\\\/avatar\\\/e0a867bdedb85fd243eadf09663511f96fc81e0720a4a42581f334ad4303aa6b?s=96&d=mm&r=g\",\"url\":\"https:\\\/\\\/secure.gravatar.com\\\/avatar\\\/e0a867bdedb85fd243eadf09663511f96fc81e0720a4a42581f334ad4303aa6b?s=96&d=mm&r=g\",\"contentUrl\":\"https:\\\/\\\/secure.gravatar.com\\\/avatar\\\/e0a867bdedb85fd243eadf09663511f96fc81e0720a4a42581f334ad4303aa6b?s=96&d=mm&r=g\",\"caption\":\"Reda\u00e7\u00e3o\"}}]}<\/script>\n<!-- \/ Yoast SEO plugin. -->","yoast_head_json":{"title":"Cada vez mais \u00e1vido por dinheiro, governo corre atr\u00e1s do pr\u00f3prio rabo - Notibras","robots":{"index":"index","follow":"follow","max-snippet":"max-snippet:-1","max-image-preview":"max-image-preview:large","max-video-preview":"max-video-preview:-1"},"canonical":"https:\/\/www.notibras.com\/site\/cada-vez-mais-avido-por-dinheiro-governo-corre-atras-do-proprio-rabo\/","og_locale":"pt_BR","og_type":"article","og_title":"Cada vez mais \u00e1vido por dinheiro, governo corre atr\u00e1s do pr\u00f3prio rabo - Notibras","og_description":"O Congresso aprovou a tributa\u00e7\u00e3o sobre lucros e dividendos, aguardando apenas a san\u00e7\u00e3o presidencial. Em tese, o movimento tem l\u00f3gica: ampliar a isen\u00e7\u00e3o do Imposto de Renda para quem ganha at\u00e9 cinco mil reais e compensar isso cobrando mais de quem recebe lucros elevados. No papel, \u00e9 um ajuste que a maioria dos pa\u00edses j\u00e1 [&hellip;]","og_url":"https:\/\/www.notibras.com\/site\/cada-vez-mais-avido-por-dinheiro-governo-corre-atras-do-proprio-rabo\/","og_site_name":"Notibras","article_publisher":"https:\/\/www.facebook.com\/notibras\/","article_published_time":"2025-11-30T08:50:23+00:00","article_modified_time":"2025-11-30T08:54:18+00:00","og_image":[{"width":1280,"height":853,"url":"https:\/\/www.notibras.com\/site\/wp-content\/uploads\/2025\/11\/3ed63679-92c1-4c63-988b-5b9e15f26cff.jpeg","type":"image\/jpeg"}],"author":"Reda\u00e7\u00e3o","twitter_card":"summary_large_image","twitter_creator":"@Notibras","twitter_site":"@Notibras","twitter_misc":{"Escrito por":"Reda\u00e7\u00e3o","Est. tempo de leitura":"3 minutos"},"schema":{"@context":"https:\/\/schema.org","@graph":[{"@type":"Article","@id":"https:\/\/www.notibras.com\/site\/cada-vez-mais-avido-por-dinheiro-governo-corre-atras-do-proprio-rabo\/#article","isPartOf":{"@id":"https:\/\/www.notibras.com\/site\/cada-vez-mais-avido-por-dinheiro-governo-corre-atras-do-proprio-rabo\/"},"author":{"name":"Reda\u00e7\u00e3o","@id":"https:\/\/www.notibras.com\/site\/#\/schema\/person\/36ab0979449956132d3e5b517ea76ac8"},"headline":"Cada vez mais \u00e1vido por dinheiro, governo corre atr\u00e1s do pr\u00f3prio rabo","datePublished":"2025-11-30T08:50:23+00:00","dateModified":"2025-11-30T08:54:18+00:00","mainEntityOfPage":{"@id":"https:\/\/www.notibras.com\/site\/cada-vez-mais-avido-por-dinheiro-governo-corre-atras-do-proprio-rabo\/"},"wordCount":472,"publisher":{"@id":"https:\/\/www.notibras.com\/site\/#organization"},"image":{"@id":"https:\/\/www.notibras.com\/site\/cada-vez-mais-avido-por-dinheiro-governo-corre-atras-do-proprio-rabo\/#primaryimage"},"thumbnailUrl":"https:\/\/www.notibras.com\/site\/wp-content\/uploads\/2025\/11\/3ed63679-92c1-4c63-988b-5b9e15f26cff.jpeg","keywords":["capa"],"articleSection":["Brasil"],"inLanguage":"pt-BR"},{"@type":"WebPage","@id":"https:\/\/www.notibras.com\/site\/cada-vez-mais-avido-por-dinheiro-governo-corre-atras-do-proprio-rabo\/","url":"https:\/\/www.notibras.com\/site\/cada-vez-mais-avido-por-dinheiro-governo-corre-atras-do-proprio-rabo\/","name":"Cada vez mais \u00e1vido por dinheiro, governo corre atr\u00e1s do pr\u00f3prio rabo - Notibras","isPartOf":{"@id":"https:\/\/www.notibras.com\/site\/#website"},"primaryImageOfPage":{"@id":"https:\/\/www.notibras.com\/site\/cada-vez-mais-avido-por-dinheiro-governo-corre-atras-do-proprio-rabo\/#primaryimage"},"image":{"@id":"https:\/\/www.notibras.com\/site\/cada-vez-mais-avido-por-dinheiro-governo-corre-atras-do-proprio-rabo\/#primaryimage"},"thumbnailUrl":"https:\/\/www.notibras.com\/site\/wp-content\/uploads\/2025\/11\/3ed63679-92c1-4c63-988b-5b9e15f26cff.jpeg","datePublished":"2025-11-30T08:50:23+00:00","dateModified":"2025-11-30T08:54:18+00:00","breadcrumb":{"@id":"https:\/\/www.notibras.com\/site\/cada-vez-mais-avido-por-dinheiro-governo-corre-atras-do-proprio-rabo\/#breadcrumb"},"inLanguage":"pt-BR","potentialAction":[{"@type":"ReadAction","target":["https:\/\/www.notibras.com\/site\/cada-vez-mais-avido-por-dinheiro-governo-corre-atras-do-proprio-rabo\/"]}]},{"@type":"ImageObject","inLanguage":"pt-BR","@id":"https:\/\/www.notibras.com\/site\/cada-vez-mais-avido-por-dinheiro-governo-corre-atras-do-proprio-rabo\/#primaryimage","url":"https:\/\/www.notibras.com\/site\/wp-content\/uploads\/2025\/11\/3ed63679-92c1-4c63-988b-5b9e15f26cff.jpeg","contentUrl":"https:\/\/www.notibras.com\/site\/wp-content\/uploads\/2025\/11\/3ed63679-92c1-4c63-988b-5b9e15f26cff.jpeg","width":1280,"height":853},{"@type":"BreadcrumbList","@id":"https:\/\/www.notibras.com\/site\/cada-vez-mais-avido-por-dinheiro-governo-corre-atras-do-proprio-rabo\/#breadcrumb","itemListElement":[{"@type":"ListItem","position":1,"name":"In\u00edcio","item":"https:\/\/www.notibras.com\/site\/"},{"@type":"ListItem","position":2,"name":"Cada vez mais \u00e1vido por dinheiro, governo corre atr\u00e1s do pr\u00f3prio rabo"}]},{"@type":"WebSite","@id":"https:\/\/www.notibras.com\/site\/#website","url":"https:\/\/www.notibras.com\/site\/","name":"Notibras","description":"Not\u00edcias de Bras\u00edlia, do Brasil e do Mundo","publisher":{"@id":"https:\/\/www.notibras.com\/site\/#organization"},"potentialAction":[{"@type":"SearchAction","target":{"@type":"EntryPoint","urlTemplate":"https:\/\/www.notibras.com\/site\/?s={search_term_string}"},"query-input":{"@type":"PropertyValueSpecification","valueRequired":true,"valueName":"search_term_string"}}],"inLanguage":"pt-BR"},{"@type":"Organization","@id":"https:\/\/www.notibras.com\/site\/#organization","name":"Grupo Notibras de Comunica\u00e7\u00e3o","url":"https:\/\/www.notibras.com\/site\/","logo":{"@type":"ImageObject","inLanguage":"pt-BR","@id":"https:\/\/www.notibras.com\/site\/#\/schema\/logo\/image\/","url":"https:\/\/www.notibras.com\/site\/wp-content\/uploads\/2023\/01\/notibras23.png","contentUrl":"https:\/\/www.notibras.com\/site\/wp-content\/uploads\/2023\/01\/notibras23.png","width":350,"height":87,"caption":"Grupo Notibras de Comunica\u00e7\u00e3o"},"image":{"@id":"https:\/\/www.notibras.com\/site\/#\/schema\/logo\/image\/"},"sameAs":["https:\/\/www.facebook.com\/notibras\/","https:\/\/x.com\/Notibras","https:\/\/www.instagram.com\/notibras\/"]},{"@type":"Person","@id":"https:\/\/www.notibras.com\/site\/#\/schema\/person\/36ab0979449956132d3e5b517ea76ac8","name":"Reda\u00e7\u00e3o","image":{"@type":"ImageObject","inLanguage":"pt-BR","@id":"https:\/\/secure.gravatar.com\/avatar\/e0a867bdedb85fd243eadf09663511f96fc81e0720a4a42581f334ad4303aa6b?s=96&d=mm&r=g","url":"https:\/\/secure.gravatar.com\/avatar\/e0a867bdedb85fd243eadf09663511f96fc81e0720a4a42581f334ad4303aa6b?s=96&d=mm&r=g","contentUrl":"https:\/\/secure.gravatar.com\/avatar\/e0a867bdedb85fd243eadf09663511f96fc81e0720a4a42581f334ad4303aa6b?s=96&d=mm&r=g","caption":"Reda\u00e7\u00e3o"}}]}},"amp_enabled":true,"_links":{"self":[{"href":"https:\/\/www.notibras.com\/site\/wp-json\/wp\/v2\/posts\/372960","targetHints":{"allow":["GET"]}}],"collection":[{"href":"https:\/\/www.notibras.com\/site\/wp-json\/wp\/v2\/posts"}],"about":[{"href":"https:\/\/www.notibras.com\/site\/wp-json\/wp\/v2\/types\/post"}],"author":[{"embeddable":true,"href":"https:\/\/www.notibras.com\/site\/wp-json\/wp\/v2\/users\/2"}],"replies":[{"embeddable":true,"href":"https:\/\/www.notibras.com\/site\/wp-json\/wp\/v2\/comments?post=372960"}],"version-history":[{"count":3,"href":"https:\/\/www.notibras.com\/site\/wp-json\/wp\/v2\/posts\/372960\/revisions"}],"predecessor-version":[{"id":372964,"href":"https:\/\/www.notibras.com\/site\/wp-json\/wp\/v2\/posts\/372960\/revisions\/372964"}],"wp:featuredmedia":[{"embeddable":true,"href":"https:\/\/www.notibras.com\/site\/wp-json\/wp\/v2\/media\/372961"}],"wp:attachment":[{"href":"https:\/\/www.notibras.com\/site\/wp-json\/wp\/v2\/media?parent=372960"}],"wp:term":[{"taxonomy":"category","embeddable":true,"href":"https:\/\/www.notibras.com\/site\/wp-json\/wp\/v2\/categories?post=372960"},{"taxonomy":"post_tag","embeddable":true,"href":"https:\/\/www.notibras.com\/site\/wp-json\/wp\/v2\/tags?post=372960"}],"curies":[{"name":"wp","href":"https:\/\/api.w.org\/{rel}","templated":true}]}}