{"id":372977,"date":"2025-11-30T06:50:58","date_gmt":"2025-11-30T09:50:58","guid":{"rendered":"https:\/\/www.notibras.com\/site\/?p=372977"},"modified":"2025-11-30T06:52:34","modified_gmt":"2025-11-30T09:52:34","slug":"nordestino-alonga-o-futuro-e-ve-a-expectativa-de-vida-crescer-cada-vez-mais","status":"publish","type":"post","link":"https:\/\/www.notibras.com\/site\/nordestino-alonga-o-futuro-e-ve-a-expectativa-de-vida-crescer-cada-vez-mais\/","title":{"rendered":"Nordestino alonga o futuro e v\u00ea a expectativa de vida crescer cada vez mais"},"content":{"rendered":"<p>Diziam que o tempo por aqui corria devagar, como um vento pregui\u00e7oso atravessando o sert\u00e3o. Mas, de repente, o rel\u00f3gio parece ter descoberto um novo compasso. A regi\u00e3o que por tanto tempo foi vista pelas lentes da car\u00eancia agora estica seus dias, acrescenta anos \u00e0 pr\u00f3pria hist\u00f3ria e desenha no c\u00e9u uma linha de vida mais longa e mais luminosa.<\/p>\n<p>Nos postos de sa\u00fade, nas casas simples, nas cidades que cresceram como quem acorda de um sono antigo, h\u00e1 uma vibra\u00e7\u00e3o diferente. S\u00e3o vozes mais velhas, mas firmes, que contam mem\u00f3rias sem pressa \u2014 porque agora h\u00e1 tempo. As av\u00f3s de m\u00e3os mi\u00fadas, que antes temiam o amanh\u00e3, agora planejam ver os bisnetos correndo pelo terreiro. Os homens que dobraram a coluna no ro\u00e7ado sopram na caju\u00edna a alegria de saber que a vida se dilatou um pouco mais.<\/p>\n<p>O Nordeste registrou o maior crescimento da expectativa de vida do Brasil. N\u00e3o \u00e9 n\u00famero frio, desses que a gente joga numa planilha e esquece. \u00c9 conquista que se costura no cotidiano: na amplia\u00e7\u00e3o do saneamento, no olhar atento da sa\u00fade da fam\u00edlia, na comida que deixou de faltar, na informa\u00e7\u00e3o que chega antes da doen\u00e7a. \u00c9 o futuro deixando de ser promessa distante e virando morador da casa.<\/p>\n<p>Por isso, ao cair da tarde, quando o c\u00e9u nordestino se veste daquele vermelho que ningu\u00e9m mais consegue copiar, h\u00e1 uma pequena festa invis\u00edvel. \u00c9 como se cada raio dissesse: \u201cVoc\u00eas venceram mais um pouco.\u201d<\/p>\n<p>E o povo, que sempre soube se reinventar, agora reinventa tamb\u00e9m a pr\u00f3pria dura\u00e7\u00e3o. Vive mais. Vive melhor. E segue, como sempre, ensinando ao pa\u00eds que resist\u00eancia n\u00e3o \u00e9 apenas sobreviver \u2014 \u00e9 conquistar novos anos para viver.<\/p>\n","protected":false},"excerpt":{"rendered":"<p>Diziam que o tempo por aqui corria devagar, como um vento pregui\u00e7oso atravessando o sert\u00e3o. Mas, de repente, o rel\u00f3gio parece ter descoberto um novo compasso. A regi\u00e3o que por tanto tempo foi vista pelas lentes da car\u00eancia agora estica seus dias, acrescenta anos \u00e0 pr\u00f3pria hist\u00f3ria e desenha no c\u00e9u uma linha de vida [&hellip;]<\/p>\n","protected":false},"author":2,"featured_media":372978,"comment_status":"closed","ping_status":"closed","sticky":false,"template":"","format":"standard","meta":{"_acf_changed":false,"footnotes":""},"categories":[165],"tags":[],"class_list":["post-372977","post","type-post","status-publish","format-standard","has-post-thumbnail","hentry","category-nordeste"],"acf":[],"_links":{"self":[{"href":"https:\/\/www.notibras.com\/site\/wp-json\/wp\/v2\/posts\/372977","targetHints":{"allow":["GET"]}}],"collection":[{"href":"https:\/\/www.notibras.com\/site\/wp-json\/wp\/v2\/posts"}],"about":[{"href":"https:\/\/www.notibras.com\/site\/wp-json\/wp\/v2\/types\/post"}],"author":[{"embeddable":true,"href":"https:\/\/www.notibras.com\/site\/wp-json\/wp\/v2\/users\/2"}],"replies":[{"embeddable":true,"href":"https:\/\/www.notibras.com\/site\/wp-json\/wp\/v2\/comments?post=372977"}],"version-history":[{"count":2,"href":"https:\/\/www.notibras.com\/site\/wp-json\/wp\/v2\/posts\/372977\/revisions"}],"predecessor-version":[{"id":372980,"href":"https:\/\/www.notibras.com\/site\/wp-json\/wp\/v2\/posts\/372977\/revisions\/372980"}],"wp:featuredmedia":[{"embeddable":true,"href":"https:\/\/www.notibras.com\/site\/wp-json\/wp\/v2\/media\/372978"}],"wp:attachment":[{"href":"https:\/\/www.notibras.com\/site\/wp-json\/wp\/v2\/media?parent=372977"}],"wp:term":[{"taxonomy":"category","embeddable":true,"href":"https:\/\/www.notibras.com\/site\/wp-json\/wp\/v2\/categories?post=372977"},{"taxonomy":"post_tag","embeddable":true,"href":"https:\/\/www.notibras.com\/site\/wp-json\/wp\/v2\/tags?post=372977"}],"curies":[{"name":"wp","href":"https:\/\/api.w.org\/{rel}","templated":true}]}}