{"id":373020,"date":"2025-12-01T02:00:22","date_gmt":"2025-12-01T05:00:22","guid":{"rendered":"https:\/\/www.notibras.com\/site\/?p=373020"},"modified":"2025-11-30T20:07:42","modified_gmt":"2025-11-30T23:07:42","slug":"uma-historia-do-alem","status":"publish","type":"post","link":"https:\/\/www.notibras.com\/site\/uma-historia-do-alem\/","title":{"rendered":"Uma hist\u00f3ria do al\u00e9m"},"content":{"rendered":"<p>Por mais estranho que possa parecer, aconteceu desse jeito ou, ao menos, \u00e9 como me recordo. Chamava-se In\u00e1cio e, apesar de carregar dos Santos no sobrenome, at\u00e9 onde me consta, n\u00e3o era do tipo que frequentava igrejas. Arrisco a dizer que n\u00e3o professava qualquer f\u00e9 e, n\u00e3o duvido, era ateu. Agn\u00f3stico, ent\u00e3o, para n\u00e3o ferir os ouvidos mais conservadores.<\/p>\n<p>O fato \u00e9 que In\u00e1cio, assim que chegou ao lar, doce lar&#8230; Bem, n\u00e3o era t\u00e3o doce assim, pois andava \u00e0s turras com a mulher, Rita. Tudo por causa de um caso extraconjugal. Verdade seja dita, n\u00e3o apenas um, mas diversos. Quer dizer, ao menos cinco confirmados. E todos de autoria da ad\u00faltera.<\/p>\n<p>O problema \u00e9 que In\u00e1cio n\u00e3o tinha \u00edmpeto de abandonar a amada. Coisas do cora\u00e7\u00e3o, que a raz\u00e3o n\u00e3o consegue alcan\u00e7ar. E n\u00e3o adianta algum moralista de plant\u00e3o levantar questionamentos, que todos ser\u00e3o chutados para escanteio. Coisas do cora\u00e7\u00e3o, meu amigo. Coisas do cora\u00e7\u00e3o.<\/p>\n<p>Madrugada de um domingo qualquer, que n\u00e3o diferenciava dos demais, a n\u00e3o ser por um motivo. In\u00e1cio, ap\u00f3s relaxar no sof\u00e1 da sala ao lado da Rita, assistindo a uma s\u00e9rie tragic\u00f4mica, algo que ambos adoravam. Como o sujeito gostava de dizer, a vida \u00e9 carregada de trag\u00e9dia com pitadas simb\u00f3licas de humor. E a esposa parecia concordar, pois sempre fazia quest\u00e3o de sorrir aquele sorriso que tornava seus l\u00e1bios ainda mais lascivos. Talvez fosse mero cacoete.<\/p>\n<p>Empanturrados de telinha e pipoca, os dois foram dormir. Ela, cuja ins\u00f4nia sempre lhe fazia sala, ligou o abajur do seu lado da cama e pegou seu livro de cabeceira daquele tempo: &#8220;A verdade nos seres&#8221;, de Daniel Marchi. Poesia era algo que conseguia redimir um pouco da sua culpa ou, n\u00e3o raro, exacerb\u00e1-la.<\/p>\n<p>In\u00e1cio, que dormia em qualquer canto. mal baixou as pestanas, dormiu como um anjo e, quando acordou, estava morto. A princ\u00edpio nem se deu conta da sua nova condi\u00e7\u00e3o, at\u00e9 que notou seu corpo inerte, encolhido que nem beb\u00ea, ao lado da mulher, que parecia encantada com a leitura.<\/p>\n<p>O fantasma, esp\u00edrito ou qualquer coisa que o valha, curioso que estava, se aproximou para tentar enxergar qual o poema que acabara de fazer a amada suspirar. Mal chegou perto, um forte espirro da mulher o jogou contra a parede, fazendo com que ele a atravessasse e ca\u00edsse sentado no sof\u00e1 da sala.<\/p>\n<p>In\u00e1cio sentiu o cheiro de pipoca. Surpreso, ele acabara de descobrir que mortos conseguem sentir odores. N\u00e3o tardou, ouviu um som conhecido. Rita acabara de soltar gases. Aquele fedor, que em vida sempre o incomodou, estranhamente o atra\u00eda naquele instante. Teriam os defuntos atra\u00e7\u00e3o por cheiros duvidosos? Ele gargalhou, mas logo tapou a boca.<\/p>\n<p>Seria Rita capaz de escut\u00e1-lo? Ele a chamou, chamou de novo e outra vez mais. Nada. Suspirou e, do nada, sentiu vontade de assobiar. Ou Rita conseguia ouvi-lo ou, ent\u00e3o, algo a compeliu a fazer cafun\u00e9 no marido. Engra\u00e7ado foi que In\u00e1cio sentiu um forte arrepio percorrer seu ser imaterial.<\/p>\n<p>Rita depositou o livro sobre a cabeceira, apagou a luz, virou o corpo, abra\u00e7ou o marido e o beijou na face. Adormeceu de conchinha.<\/p>\n<p>Dois dias depois, os vizinhos, incomodados com o forte fedor, chamaram o corpo de bombeiros. Mal chegaram, arrombaram a porta do apartamento, onde encontraram os corpos do casal abra\u00e7ados.<\/p>\n<p><strong>\u2026\u2026\u2026\u2026\u2026\u2026\u2026\u2026<\/strong><\/p>\n<p><strong>Eduardo Mart\u00ednez \u00e9 autor do livro \u201957 Contos e Cr\u00f4nicas por um Autor Muito Velho\u2019 (Vencedor do Pr\u00eamio Liter\u00e1rio Clarice Lispector \u2013 2025 na categoria livro de contos).<\/strong><\/p>\n<p><strong>Compre aqui<\/strong><\/p>\n<p><a href=\"https:\/\/www.joanineditora.com.br\/57-contos-e-cronicas-por-um-autor-muito-velho\"><strong>https:\/\/www.joanineditora.com.br\/57-contos-e-cronicas-por-um-autor-muito-velho<\/strong><\/a><\/p>\n","protected":false},"excerpt":{"rendered":"<p>Por mais estranho que possa parecer, aconteceu desse jeito ou, ao menos, \u00e9 como me recordo. Chamava-se In\u00e1cio e, apesar de carregar dos Santos no sobrenome, at\u00e9 onde me consta, n\u00e3o era do tipo que frequentava igrejas. Arrisco a dizer que n\u00e3o professava qualquer f\u00e9 e, n\u00e3o duvido, era ateu. Agn\u00f3stico, ent\u00e3o, para n\u00e3o ferir [&hellip;]<\/p>\n","protected":false},"author":21,"featured_media":373021,"comment_status":"closed","ping_status":"closed","sticky":false,"template":"","format":"standard","meta":{"_acf_changed":false,"footnotes":""},"categories":[161],"tags":[],"class_list":["post-373020","post","type-post","status-publish","format-standard","has-post-thumbnail","hentry","category-quadradinho-em-foco"],"acf":[],"_links":{"self":[{"href":"https:\/\/www.notibras.com\/site\/wp-json\/wp\/v2\/posts\/373020","targetHints":{"allow":["GET"]}}],"collection":[{"href":"https:\/\/www.notibras.com\/site\/wp-json\/wp\/v2\/posts"}],"about":[{"href":"https:\/\/www.notibras.com\/site\/wp-json\/wp\/v2\/types\/post"}],"author":[{"embeddable":true,"href":"https:\/\/www.notibras.com\/site\/wp-json\/wp\/v2\/users\/21"}],"replies":[{"embeddable":true,"href":"https:\/\/www.notibras.com\/site\/wp-json\/wp\/v2\/comments?post=373020"}],"version-history":[{"count":3,"href":"https:\/\/www.notibras.com\/site\/wp-json\/wp\/v2\/posts\/373020\/revisions"}],"predecessor-version":[{"id":373024,"href":"https:\/\/www.notibras.com\/site\/wp-json\/wp\/v2\/posts\/373020\/revisions\/373024"}],"wp:featuredmedia":[{"embeddable":true,"href":"https:\/\/www.notibras.com\/site\/wp-json\/wp\/v2\/media\/373021"}],"wp:attachment":[{"href":"https:\/\/www.notibras.com\/site\/wp-json\/wp\/v2\/media?parent=373020"}],"wp:term":[{"taxonomy":"category","embeddable":true,"href":"https:\/\/www.notibras.com\/site\/wp-json\/wp\/v2\/categories?post=373020"},{"taxonomy":"post_tag","embeddable":true,"href":"https:\/\/www.notibras.com\/site\/wp-json\/wp\/v2\/tags?post=373020"}],"curies":[{"name":"wp","href":"https:\/\/api.w.org\/{rel}","templated":true}]}}