{"id":373034,"date":"2025-12-01T00:30:13","date_gmt":"2025-12-01T03:30:13","guid":{"rendered":"https:\/\/www.notibras.com\/site\/?p=373034"},"modified":"2025-11-30T21:43:46","modified_gmt":"2025-12-01T00:43:46","slug":"8a-caminhada-pelo-fim-da-violencia-contra-mulheres-e-meninas","status":"publish","type":"post","link":"https:\/\/www.notibras.com\/site\/8a-caminhada-pelo-fim-da-violencia-contra-mulheres-e-meninas\/","title":{"rendered":"8\u00aa Caminhada pelo Fim da Viol\u00eancia Contra Mulheres e Meninas"},"content":{"rendered":"<p>Bras\u00edlia recebeu, neste domingo (30), a 8\u00aa edi\u00e7\u00e3o da Caminhada pelo Fim da Viol\u00eancia contra Mulheres e Meninas, iniciativa internacional liderada pelo grupo Mulheres do Brasil e que contou com o apoio do Governo do Distrito Federal (GDF).<\/p>\n<p>A mobiliza\u00e7\u00e3o reuniu centenas de pessoas, entre mulheres, fam\u00edlias e apoiadores, que percorreram o parque em ato de conscientiza\u00e7\u00e3o e rep\u00fadio \u00e0 viol\u00eancia de g\u00eanero. O objetivo foi ampliar o debate p\u00fablico, incentivar a den\u00fancia, fortalecer as redes de apoio e a import\u00e2ncia da preven\u00e7\u00e3o.<\/p>\n<p>\u201c\u00c9 fundamental refor\u00e7armos diariamente as a\u00e7\u00f5es de combate \u00e0 viol\u00eancia contra a mulher\u201d, declarou a vice-governadora Celina Le\u00e3o. \u201c\u00c9 preciso mudar a mentalidade com educa\u00e7\u00e3o e conscientiza\u00e7\u00e3o de toda a sociedade. Ao nos unirmos nesta caminhada, demonstramos a import\u00e2ncia desta luta contra a viol\u00eancia, que \u00e9, muitas vezes, invis\u00edvel. Parabenizo todas as participantes. A den\u00fancia \u00e9 um passo essencial para a prote\u00e7\u00e3o e para aperfei\u00e7oarmos cada vez mais as pol\u00edticas p\u00fablicas de combate \u00e0 viol\u00eancia contra a mulher.\u201d<\/p>\n<p>A programa\u00e7\u00e3o incluiu atividades culturais, depoimentos, entrega de materiais informativos, espa\u00e7os de escuta e acolhimento, al\u00e9m de aula de jiu-jitsu com t\u00e9cnicas de defesa pessoal.<\/p>\n<p><strong>Mobiliza\u00e7\u00e3o<\/strong><\/p>\n<p>Para a secret\u00e1ria da Mulher, Giselle Ferreira, ampliar a discuss\u00e3o \u00e9 fundamental para reduzir os \u00edndices de viol\u00eancia. \u201cEssa pauta \u00e9 de todas n\u00f3s, por um mundo melhor\u201d, afirmou. \u201cA viol\u00eancia tem seus sinais, e continuamos firmes nessa luta. Essa caminhada conscientiza e mobiliza a sociedade para a urg\u00eancia do problema. Trabalhamos com pol\u00edticas p\u00fablicas e servi\u00e7os de acolhimento. Aqui no DF, n\u00e3o vamos tolerar nenhum tipo de viol\u00eancia\u201d.<\/p>\n<p>Esta edi\u00e7\u00e3o ocorreu em um contexto marcado por n\u00fameros alarmantes. Mais de 21 milh\u00f5es de brasileiras relataram ter sofrido viol\u00eancia no \u00faltimo ano. Em 2024, o pa\u00eds registrou 1.450 feminic\u00eddios. Dados da ONU Mulheres mostram que uma mulher \u00e9 morta a cada dez minutos no mundo e que uma em cada tr\u00eas j\u00e1 sofreu algum tipo de viol\u00eancia ao longo da vida.<\/p>\n<p>Durante a caminhada, v\u00edtimas e sobreviventes compartilharam relatos. Entre elas, Juliana Garcia, que sobreviveu a uma tentativa de feminic\u00eddio ap\u00f3s ser agredida com 61 socos. \u201cOs agressores n\u00e3o podem ficar impunes\u201d, disse ela. \u201cPrecisamos falar, denunciar e mostrar que n\u00e3o toleramos mais ver vidas ceifadas. N\u00e3o vamos nos calar. Se eu sobrevivi, todas n\u00f3s podemos superar\u201d.<\/p>\n","protected":false},"excerpt":{"rendered":"<p>Bras\u00edlia recebeu, neste domingo (30), a 8\u00aa edi\u00e7\u00e3o da Caminhada pelo Fim da Viol\u00eancia contra Mulheres e Meninas, iniciativa internacional liderada pelo grupo Mulheres do Brasil e que contou com o apoio do Governo do Distrito Federal (GDF). A mobiliza\u00e7\u00e3o reuniu centenas de pessoas, entre mulheres, fam\u00edlias e apoiadores, que percorreram o parque em ato [&hellip;]<\/p>\n","protected":false},"author":21,"featured_media":373035,"comment_status":"closed","ping_status":"closed","sticky":false,"template":"","format":"standard","meta":{"_acf_changed":false,"footnotes":""},"categories":[161],"tags":[],"class_list":["post-373034","post","type-post","status-publish","format-standard","has-post-thumbnail","hentry","category-quadradinho-em-foco"],"acf":[],"_links":{"self":[{"href":"https:\/\/www.notibras.com\/site\/wp-json\/wp\/v2\/posts\/373034","targetHints":{"allow":["GET"]}}],"collection":[{"href":"https:\/\/www.notibras.com\/site\/wp-json\/wp\/v2\/posts"}],"about":[{"href":"https:\/\/www.notibras.com\/site\/wp-json\/wp\/v2\/types\/post"}],"author":[{"embeddable":true,"href":"https:\/\/www.notibras.com\/site\/wp-json\/wp\/v2\/users\/21"}],"replies":[{"embeddable":true,"href":"https:\/\/www.notibras.com\/site\/wp-json\/wp\/v2\/comments?post=373034"}],"version-history":[{"count":2,"href":"https:\/\/www.notibras.com\/site\/wp-json\/wp\/v2\/posts\/373034\/revisions"}],"predecessor-version":[{"id":373037,"href":"https:\/\/www.notibras.com\/site\/wp-json\/wp\/v2\/posts\/373034\/revisions\/373037"}],"wp:featuredmedia":[{"embeddable":true,"href":"https:\/\/www.notibras.com\/site\/wp-json\/wp\/v2\/media\/373035"}],"wp:attachment":[{"href":"https:\/\/www.notibras.com\/site\/wp-json\/wp\/v2\/media?parent=373034"}],"wp:term":[{"taxonomy":"category","embeddable":true,"href":"https:\/\/www.notibras.com\/site\/wp-json\/wp\/v2\/categories?post=373034"},{"taxonomy":"post_tag","embeddable":true,"href":"https:\/\/www.notibras.com\/site\/wp-json\/wp\/v2\/tags?post=373034"}],"curies":[{"name":"wp","href":"https:\/\/api.w.org\/{rel}","templated":true}]}}