{"id":373114,"date":"2025-12-01T06:34:12","date_gmt":"2025-12-01T09:34:12","guid":{"rendered":"https:\/\/www.notibras.com\/site\/?p=373114"},"modified":"2025-12-01T06:35:13","modified_gmt":"2025-12-01T09:35:13","slug":"baile-do-menino-deus-tera-sua-previa-no-dia-14","status":"publish","type":"post","link":"https:\/\/www.notibras.com\/site\/baile-do-menino-deus-tera-sua-previa-no-dia-14\/","title":{"rendered":"Baile do Menino Deus ter\u00e1 sua pr\u00e9via no dia 14"},"content":{"rendered":"<p>Um cortejo com personagens e sons de reisados, pastoris, maracatus, guerreiros, cavalo-marinho, orquestras sinf\u00f4nicas e de frevo deve tomar as ruas do Recife Antigo no pr\u00f3ximo dia 14.<\/p>\n<p>Em uma pr\u00e9via in\u00e9dita, os mais de 300 artistas do tradicional espet\u00e1culo Baile do Menino Deus: Uma brincadeira de Natal promovem esse evento multicultural a partir das 16h.<\/p>\n<p>Percorrer\u00e3o as ruas os personagens do espet\u00e1culo, o que incluem os cantores, m\u00fasicos e bailarinos da \u00f3pera popular unidos \u00e0s agremia\u00e7\u00f5es populares, urbanas e rurais, do estado.<\/p>\n<p>A ideia, segundo o diretor do espet\u00e1culo, Ronaldo Correia de Brito, \u00e9 levar para f\u00e3s e turistas as brincadeiras populares do ciclo natalino e carnavalesco do Nordeste.<\/p>\n<p>\u201cAs cantigas de Lapinha e de Pastoril, por exemplo, terminaram se tornando marchas de bloco aqui no Recife\u201d, diz o diretor.<\/p>\n<p>Foi o dramaturgo que criou o espet\u00e1culo para contrapor s\u00edmbolos estrangeiros que tomam conta do pa\u00eds nesta \u00e9poca do ano, como renas, tren\u00f3s, neve e Papai Noel. O espet\u00e1culo se tornou Patrim\u00f4nio Imaterial da cidade ao atrair mais de 70 mil pessoas \u00e0s apresenta\u00e7\u00f5es.<\/p>\n<p><strong>Refer\u00eancias m\u00faltiplas<\/strong><br \/>\nO Baile interpreta a passagem b\u00edblica com liberdade criativa para narrar a peregrina\u00e7\u00e3o de dois brincantes populares, chamados de Mateus, pela casa onde nasce o sagrado. A busca traz criaturas fant\u00e1sticas da tradi\u00e7\u00e3o, manifesta\u00e7\u00f5es culturais legadas pela conflu\u00eancia dos povos formadores (negro, ind\u00edgena e ib\u00e9rico) e esbarra na dificuldade de abrir a porta da casa.<\/p>\n<p>A encena\u00e7\u00e3o re\u00fane, no palco, manifesta\u00e7\u00f5es como cantigas, dan\u00e7as, brincadeiras, costumes, rezas, figuras folcl\u00f3ricas. A encena\u00e7\u00e3o incorpora elementos das matrizes afrodescendente e ind\u00edgena.<\/p>\n<p>Em 2025, nomes como Fl\u00e1vio Leandro, expoente do forr\u00f3, e Maestro Spok, \u00edcone do frevo e do jazz brasileiros, est\u00e3o no elenco do espet\u00e1culo.<\/p>\n<p>O diretor do espet\u00e1culo diz que o baile incorpora elementos da cena contempor\u00e2nea.<\/p>\n<p>\u201cN\u00f3s somos um espet\u00e1culo grandioso. O Recife se v\u00ea, se identifica e ama esse espet\u00e1culo\u201d, diz Ronaldo Correia de Brito.<\/p>\n<p><strong>Arte popular<\/strong><br \/>\nOs bailarinos s\u00e3o egressos de escolas populares de frevo e dan\u00e7am em caboclinhos e maracatus, com forma\u00e7\u00e3o popular. Ele acrescenta que estar\u00e3o presentes artistas do hip-hop tamb\u00e9m, por exemplo.<\/p>\n<p>\u201cUm grupo da periferia do canal do Arruda, que \u00e9 uma das favelas mais vulner\u00e1veis aqui do Recife, que ocupa a cena durante seis minutos. \u00c9 uma apoteose e um dos maiores sucessos desse espet\u00e1culo\u201d.<\/p>\n<p>O diretor orgulha-se que o espet\u00e1culo tem 42 anos e, desde 2003, e se tornou o &#8220;maior espet\u00e1culo natalino do pa\u00eds&#8221;.<\/p>\n<p>\u201cNeste ano, temos a incorpora\u00e7\u00e3o de novas m\u00fasicas, textos e personagens\u201d, adiantou.<\/p>\n","protected":false},"excerpt":{"rendered":"<p>Um cortejo com personagens e sons de reisados, pastoris, maracatus, guerreiros, cavalo-marinho, orquestras sinf\u00f4nicas e de frevo deve tomar as ruas do Recife Antigo no pr\u00f3ximo dia 14. Em uma pr\u00e9via in\u00e9dita, os mais de 300 artistas do tradicional espet\u00e1culo Baile do Menino Deus: Uma brincadeira de Natal promovem esse evento multicultural a partir das [&hellip;]<\/p>\n","protected":false},"author":2,"featured_media":373115,"comment_status":"closed","ping_status":"closed","sticky":false,"template":"","format":"standard","meta":{"_acf_changed":false,"footnotes":""},"categories":[165],"tags":[],"class_list":["post-373114","post","type-post","status-publish","format-standard","has-post-thumbnail","hentry","category-nordeste"],"acf":[],"_links":{"self":[{"href":"https:\/\/www.notibras.com\/site\/wp-json\/wp\/v2\/posts\/373114","targetHints":{"allow":["GET"]}}],"collection":[{"href":"https:\/\/www.notibras.com\/site\/wp-json\/wp\/v2\/posts"}],"about":[{"href":"https:\/\/www.notibras.com\/site\/wp-json\/wp\/v2\/types\/post"}],"author":[{"embeddable":true,"href":"https:\/\/www.notibras.com\/site\/wp-json\/wp\/v2\/users\/2"}],"replies":[{"embeddable":true,"href":"https:\/\/www.notibras.com\/site\/wp-json\/wp\/v2\/comments?post=373114"}],"version-history":[{"count":2,"href":"https:\/\/www.notibras.com\/site\/wp-json\/wp\/v2\/posts\/373114\/revisions"}],"predecessor-version":[{"id":373117,"href":"https:\/\/www.notibras.com\/site\/wp-json\/wp\/v2\/posts\/373114\/revisions\/373117"}],"wp:featuredmedia":[{"embeddable":true,"href":"https:\/\/www.notibras.com\/site\/wp-json\/wp\/v2\/media\/373115"}],"wp:attachment":[{"href":"https:\/\/www.notibras.com\/site\/wp-json\/wp\/v2\/media?parent=373114"}],"wp:term":[{"taxonomy":"category","embeddable":true,"href":"https:\/\/www.notibras.com\/site\/wp-json\/wp\/v2\/categories?post=373114"},{"taxonomy":"post_tag","embeddable":true,"href":"https:\/\/www.notibras.com\/site\/wp-json\/wp\/v2\/tags?post=373114"}],"curies":[{"name":"wp","href":"https:\/\/api.w.org\/{rel}","templated":true}]}}