{"id":373125,"date":"2025-12-01T06:52:09","date_gmt":"2025-12-01T09:52:09","guid":{"rendered":"https:\/\/www.notibras.com\/site\/?p=373125"},"modified":"2025-12-01T06:52:09","modified_gmt":"2025-12-01T09:52:09","slug":"todos-temos-a-janela-invisivel-da-consciencia","status":"publish","type":"post","link":"https:\/\/www.notibras.com\/site\/todos-temos-a-janela-invisivel-da-consciencia\/","title":{"rendered":"Todos temos a janela invis\u00edvel da consci\u00eancia"},"content":{"rendered":"<p>H\u00e1 s\u00edmbolos que atravessam mil\u00eanios sem perder o brilho. Entre eles, nenhum \u00e9 t\u00e3o enigm\u00e1tico quanto o Terceiro Olho \u2014 a janela oculta que se abre n\u00e3o no rosto, mas na alma. Em tradi\u00e7\u00f5es que v\u00e3o do hindu\u00edsmo \u00e0s escolas esot\u00e9ricas ocidentais, ele \u00e9 descrito como o centro da vis\u00e3o interior, o ponto onde o mundo externo deixa de ser suficiente e o olhar humano volta-se para o infinito que pulsa dentro de si.<\/p>\n<p>Segundo antigas doutrinas, o Terceiro Olho corresponde ao Ajna, o sexto chakra. Ali residiria o poder de percep\u00e7\u00e3o que ultrapassa os cinco sentidos. N\u00e3o se trata de ver mais, mas de ver diferente: captar vibra\u00e7\u00f5es, intuir caminhos, compreender sinais que a mente racional insiste em ignorar.<\/p>\n<p>Fil\u00f3sofos antigos o chamavam de porta da sabedoria silenciosa. N\u00e3o \u00e9 a sabedoria dos livros, mas a que se revela quando o ru\u00eddo do mundo finalmente se cala. Abrir o Terceiro Olho seria, ent\u00e3o, uma forma de regressar ao estado natural de consci\u00eancia \u2014 aquele que tivemos antes de aprender a duvidar do invis\u00edvel.<\/p>\n<p>Ao longo da vida, somos treinados a enxergar apenas o que se pode tocar. Mas o Terceiro Olho lembra que a realidade \u00e9 maior que a mat\u00e9ria. Ele se abre quando a aten\u00e7\u00e3o repousa no instante presente, quando a respira\u00e7\u00e3o se torna ponte e o sil\u00eancio vira mestre.<\/p>\n<p>Dizem que, quando ele desperta, o ser humano passa a perceber camadas sutis da exist\u00eancia: padr\u00f5es de energia, intui\u00e7\u00f5es s\u00fabitas, sincronicidades que costuram destino e acaso. N\u00e3o s\u00e3o milagres, mas aprofundamentos da percep\u00e7\u00e3o \u2014 como se o mundo sempre tivesse sido assim, mas s\u00f3 ent\u00e3o pudesse ser visto.<\/p>\n<p>N\u00e3o existe ritual \u00fanico ou manual definitivo para abrir o Terceiro Olho. Ele floresce no terreno interior preparado pela medita\u00e7\u00e3o, contempla\u00e7\u00e3o e busca sincera de autoconhecimento. Cada pr\u00e1tica \u00e9 como uma pequena vela acesa no templo da consci\u00eancia.<\/p>\n<p>Alguns mestres afirmam que o despertar pode ser s\u00fabito, uma esp\u00e9cie de clar\u00e3o. Outros dizem que ele emerge como aurora \u2014 devagar, silencioso, subtil. Mas todos concordam que, uma vez percebido, ele transforma para sempre a rela\u00e7\u00e3o do indiv\u00edduo consigo mesmo e com o universo.<\/p>\n<p>Fil\u00f3sofos contempor\u00e2neos gostam de afirmar que o Terceiro Olho \u00e9 a met\u00e1fora perfeita da integra\u00e7\u00e3o entre raz\u00e3o e intui\u00e7\u00e3o. A ci\u00eancia mede o mundo; a intui\u00e7\u00e3o o traduz. O Terceiro Olho seria o ponto de equil\u00edbrio entre os dois hemisf\u00e9rios da exist\u00eancia \u2014 o concreto e o imaterial.<\/p>\n<p>\u00c9 atrav\u00e9s dele que compreendemos que a vida \u00e9 feita de muito mais do que fatos: \u00e9 feita de sentidos, press\u00e1gios, camadas de significado que se entrela\u00e7am no tapete do destino.<\/p>\n<p>Buscar o Terceiro Olho n\u00e3o \u00e9 uma miss\u00e3o para escapar do mundo, mas para perceb\u00ea-lo com mais profundidade. Ele n\u00e3o substitui a realidade: apenas a amplia. \u00c9 como se, por tr\u00e1s de cada gesto comum, houvesse um universo inteiro esperando para ser revelado.<\/p>\n<p>No fundo, todos carregamos esse olho silencioso \u2014 essa luz secreta. E, quando finalmente o deixamos abrir-se, descobrimos que o maior mist\u00e9rio nunca esteve nos c\u00e9us, mas dentro de n\u00f3s mesmos.<\/p>\n","protected":false},"excerpt":{"rendered":"<p>H\u00e1 s\u00edmbolos que atravessam mil\u00eanios sem perder o brilho. Entre eles, nenhum \u00e9 t\u00e3o enigm\u00e1tico quanto o Terceiro Olho \u2014 a janela oculta que se abre n\u00e3o no rosto, mas na alma. Em tradi\u00e7\u00f5es que v\u00e3o do hindu\u00edsmo \u00e0s escolas esot\u00e9ricas ocidentais, ele \u00e9 descrito como o centro da vis\u00e3o interior, o ponto onde o [&hellip;]<\/p>\n","protected":false},"author":2,"featured_media":373126,"comment_status":"closed","ping_status":"closed","sticky":false,"template":"","format":"standard","meta":{"_acf_changed":false,"footnotes":""},"categories":[237],"tags":[],"class_list":["post-373125","post","type-post","status-publish","format-standard","has-post-thumbnail","hentry","category-oraculos"],"acf":[],"yoast_head":"<!-- This site is optimized with the Yoast SEO plugin v27.2 - https:\/\/yoast.com\/product\/yoast-seo-wordpress\/ -->\n<title>Todos temos a janela invis\u00edvel da consci\u00eancia - Notibras<\/title>\n<meta name=\"robots\" content=\"index, follow, max-snippet:-1, max-image-preview:large, max-video-preview:-1\" \/>\n<link rel=\"canonical\" href=\"https:\/\/www.notibras.com\/site\/todos-temos-a-janela-invisivel-da-consciencia\/\" \/>\n<meta property=\"og:locale\" content=\"pt_BR\" \/>\n<meta property=\"og:type\" content=\"article\" \/>\n<meta property=\"og:title\" content=\"Todos temos a janela invis\u00edvel da consci\u00eancia - Notibras\" \/>\n<meta property=\"og:description\" content=\"H\u00e1 s\u00edmbolos que atravessam mil\u00eanios sem perder o brilho. Entre eles, nenhum \u00e9 t\u00e3o enigm\u00e1tico quanto o Terceiro Olho \u2014 a janela oculta que se abre n\u00e3o no rosto, mas na alma. Em tradi\u00e7\u00f5es que v\u00e3o do hindu\u00edsmo \u00e0s escolas esot\u00e9ricas ocidentais, ele \u00e9 descrito como o centro da vis\u00e3o interior, o ponto onde o [&hellip;]\" \/>\n<meta property=\"og:url\" content=\"https:\/\/www.notibras.com\/site\/todos-temos-a-janela-invisivel-da-consciencia\/\" \/>\n<meta property=\"og:site_name\" content=\"Notibras\" \/>\n<meta property=\"article:publisher\" content=\"https:\/\/www.facebook.com\/notibras\/\" \/>\n<meta property=\"article:published_time\" content=\"2025-12-01T09:52:09+00:00\" \/>\n<meta property=\"og:image\" content=\"https:\/\/www.notibras.com\/site\/wp-content\/uploads\/2025\/12\/c663cb4d-3a94-46bf-966a-6af0211feaa2-683x1024.png\" \/>\n\t<meta property=\"og:image:width\" content=\"683\" \/>\n\t<meta property=\"og:image:height\" content=\"1024\" \/>\n\t<meta property=\"og:image:type\" content=\"image\/png\" \/>\n<meta name=\"author\" content=\"Reda\u00e7\u00e3o\" \/>\n<meta name=\"twitter:card\" content=\"summary_large_image\" \/>\n<meta name=\"twitter:creator\" content=\"@Notibras\" \/>\n<meta name=\"twitter:site\" content=\"@Notibras\" \/>\n<meta name=\"twitter:label1\" content=\"Escrito por\" \/>\n\t<meta name=\"twitter:data1\" content=\"Reda\u00e7\u00e3o\" \/>\n\t<meta name=\"twitter:label2\" content=\"Est. tempo de leitura\" \/>\n\t<meta name=\"twitter:data2\" content=\"4 minutos\" \/>\n<script type=\"application\/ld+json\" class=\"yoast-schema-graph\">{\"@context\":\"https:\/\/schema.org\",\"@graph\":[{\"@type\":\"Article\",\"@id\":\"https:\/\/www.notibras.com\/site\/todos-temos-a-janela-invisivel-da-consciencia\/#article\",\"isPartOf\":{\"@id\":\"https:\/\/www.notibras.com\/site\/todos-temos-a-janela-invisivel-da-consciencia\/\"},\"author\":{\"name\":\"Reda\u00e7\u00e3o\",\"@id\":\"https:\/\/www.notibras.com\/site\/#\/schema\/person\/36ab0979449956132d3e5b517ea76ac8\"},\"headline\":\"Todos temos a janela invis\u00edvel da consci\u00eancia\",\"datePublished\":\"2025-12-01T09:52:09+00:00\",\"mainEntityOfPage\":{\"@id\":\"https:\/\/www.notibras.com\/site\/todos-temos-a-janela-invisivel-da-consciencia\/\"},\"wordCount\":561,\"publisher\":{\"@id\":\"https:\/\/www.notibras.com\/site\/#organization\"},\"image\":{\"@id\":\"https:\/\/www.notibras.com\/site\/todos-temos-a-janela-invisivel-da-consciencia\/#primaryimage\"},\"thumbnailUrl\":\"https:\/\/www.notibras.com\/site\/wp-content\/uploads\/2025\/12\/c663cb4d-3a94-46bf-966a-6af0211feaa2.png\",\"articleSection\":[\"Or\u00e1culos\"],\"inLanguage\":\"pt-BR\"},{\"@type\":\"WebPage\",\"@id\":\"https:\/\/www.notibras.com\/site\/todos-temos-a-janela-invisivel-da-consciencia\/\",\"url\":\"https:\/\/www.notibras.com\/site\/todos-temos-a-janela-invisivel-da-consciencia\/\",\"name\":\"Todos temos a janela invis\u00edvel da consci\u00eancia - Notibras\",\"isPartOf\":{\"@id\":\"https:\/\/www.notibras.com\/site\/#website\"},\"primaryImageOfPage\":{\"@id\":\"https:\/\/www.notibras.com\/site\/todos-temos-a-janela-invisivel-da-consciencia\/#primaryimage\"},\"image\":{\"@id\":\"https:\/\/www.notibras.com\/site\/todos-temos-a-janela-invisivel-da-consciencia\/#primaryimage\"},\"thumbnailUrl\":\"https:\/\/www.notibras.com\/site\/wp-content\/uploads\/2025\/12\/c663cb4d-3a94-46bf-966a-6af0211feaa2.png\",\"datePublished\":\"2025-12-01T09:52:09+00:00\",\"breadcrumb\":{\"@id\":\"https:\/\/www.notibras.com\/site\/todos-temos-a-janela-invisivel-da-consciencia\/#breadcrumb\"},\"inLanguage\":\"pt-BR\",\"potentialAction\":[{\"@type\":\"ReadAction\",\"target\":[\"https:\/\/www.notibras.com\/site\/todos-temos-a-janela-invisivel-da-consciencia\/\"]}]},{\"@type\":\"ImageObject\",\"inLanguage\":\"pt-BR\",\"@id\":\"https:\/\/www.notibras.com\/site\/todos-temos-a-janela-invisivel-da-consciencia\/#primaryimage\",\"url\":\"https:\/\/www.notibras.com\/site\/wp-content\/uploads\/2025\/12\/c663cb4d-3a94-46bf-966a-6af0211feaa2.png\",\"contentUrl\":\"https:\/\/www.notibras.com\/site\/wp-content\/uploads\/2025\/12\/c663cb4d-3a94-46bf-966a-6af0211feaa2.png\",\"width\":1024,\"height\":1536},{\"@type\":\"BreadcrumbList\",\"@id\":\"https:\/\/www.notibras.com\/site\/todos-temos-a-janela-invisivel-da-consciencia\/#breadcrumb\",\"itemListElement\":[{\"@type\":\"ListItem\",\"position\":1,\"name\":\"In\u00edcio\",\"item\":\"https:\/\/www.notibras.com\/site\/\"},{\"@type\":\"ListItem\",\"position\":2,\"name\":\"Todos temos a janela invis\u00edvel da consci\u00eancia\"}]},{\"@type\":\"WebSite\",\"@id\":\"https:\/\/www.notibras.com\/site\/#website\",\"url\":\"https:\/\/www.notibras.com\/site\/\",\"name\":\"Notibras\",\"description\":\"Not\u00edcias de Bras\u00edlia, do Brasil e do Mundo\",\"publisher\":{\"@id\":\"https:\/\/www.notibras.com\/site\/#organization\"},\"potentialAction\":[{\"@type\":\"SearchAction\",\"target\":{\"@type\":\"EntryPoint\",\"urlTemplate\":\"https:\/\/www.notibras.com\/site\/?s={search_term_string}\"},\"query-input\":{\"@type\":\"PropertyValueSpecification\",\"valueRequired\":true,\"valueName\":\"search_term_string\"}}],\"inLanguage\":\"pt-BR\"},{\"@type\":\"Organization\",\"@id\":\"https:\/\/www.notibras.com\/site\/#organization\",\"name\":\"Grupo Notibras de Comunica\u00e7\u00e3o\",\"url\":\"https:\/\/www.notibras.com\/site\/\",\"logo\":{\"@type\":\"ImageObject\",\"inLanguage\":\"pt-BR\",\"@id\":\"https:\/\/www.notibras.com\/site\/#\/schema\/logo\/image\/\",\"url\":\"https:\/\/www.notibras.com\/site\/wp-content\/uploads\/2023\/01\/notibras23.png\",\"contentUrl\":\"https:\/\/www.notibras.com\/site\/wp-content\/uploads\/2023\/01\/notibras23.png\",\"width\":350,\"height\":87,\"caption\":\"Grupo Notibras de Comunica\u00e7\u00e3o\"},\"image\":{\"@id\":\"https:\/\/www.notibras.com\/site\/#\/schema\/logo\/image\/\"},\"sameAs\":[\"https:\/\/www.facebook.com\/notibras\/\",\"https:\/\/x.com\/Notibras\",\"https:\/\/www.instagram.com\/notibras\/\"]},{\"@type\":\"Person\",\"@id\":\"https:\/\/www.notibras.com\/site\/#\/schema\/person\/36ab0979449956132d3e5b517ea76ac8\",\"name\":\"Reda\u00e7\u00e3o\",\"image\":{\"@type\":\"ImageObject\",\"inLanguage\":\"pt-BR\",\"@id\":\"https:\/\/secure.gravatar.com\/avatar\/e0a867bdedb85fd243eadf09663511f96fc81e0720a4a42581f334ad4303aa6b?s=96&d=mm&r=g\",\"url\":\"https:\/\/secure.gravatar.com\/avatar\/e0a867bdedb85fd243eadf09663511f96fc81e0720a4a42581f334ad4303aa6b?s=96&d=mm&r=g\",\"contentUrl\":\"https:\/\/secure.gravatar.com\/avatar\/e0a867bdedb85fd243eadf09663511f96fc81e0720a4a42581f334ad4303aa6b?s=96&d=mm&r=g\",\"caption\":\"Reda\u00e7\u00e3o\"}}]}<\/script>\n<!-- \/ Yoast SEO plugin. -->","yoast_head_json":{"title":"Todos temos a janela invis\u00edvel da consci\u00eancia - Notibras","robots":{"index":"index","follow":"follow","max-snippet":"max-snippet:-1","max-image-preview":"max-image-preview:large","max-video-preview":"max-video-preview:-1"},"canonical":"https:\/\/www.notibras.com\/site\/todos-temos-a-janela-invisivel-da-consciencia\/","og_locale":"pt_BR","og_type":"article","og_title":"Todos temos a janela invis\u00edvel da consci\u00eancia - Notibras","og_description":"H\u00e1 s\u00edmbolos que atravessam mil\u00eanios sem perder o brilho. Entre eles, nenhum \u00e9 t\u00e3o enigm\u00e1tico quanto o Terceiro Olho \u2014 a janela oculta que se abre n\u00e3o no rosto, mas na alma. Em tradi\u00e7\u00f5es que v\u00e3o do hindu\u00edsmo \u00e0s escolas esot\u00e9ricas ocidentais, ele \u00e9 descrito como o centro da vis\u00e3o interior, o ponto onde o [&hellip;]","og_url":"https:\/\/www.notibras.com\/site\/todos-temos-a-janela-invisivel-da-consciencia\/","og_site_name":"Notibras","article_publisher":"https:\/\/www.facebook.com\/notibras\/","article_published_time":"2025-12-01T09:52:09+00:00","og_image":[{"width":683,"height":1024,"url":"https:\/\/www.notibras.com\/site\/wp-content\/uploads\/2025\/12\/c663cb4d-3a94-46bf-966a-6af0211feaa2-683x1024.png","type":"image\/png"}],"author":"Reda\u00e7\u00e3o","twitter_card":"summary_large_image","twitter_creator":"@Notibras","twitter_site":"@Notibras","twitter_misc":{"Escrito por":"Reda\u00e7\u00e3o","Est. tempo de leitura":"4 minutos"},"schema":{"@context":"https:\/\/schema.org","@graph":[{"@type":"Article","@id":"https:\/\/www.notibras.com\/site\/todos-temos-a-janela-invisivel-da-consciencia\/#article","isPartOf":{"@id":"https:\/\/www.notibras.com\/site\/todos-temos-a-janela-invisivel-da-consciencia\/"},"author":{"name":"Reda\u00e7\u00e3o","@id":"https:\/\/www.notibras.com\/site\/#\/schema\/person\/36ab0979449956132d3e5b517ea76ac8"},"headline":"Todos temos a janela invis\u00edvel da consci\u00eancia","datePublished":"2025-12-01T09:52:09+00:00","mainEntityOfPage":{"@id":"https:\/\/www.notibras.com\/site\/todos-temos-a-janela-invisivel-da-consciencia\/"},"wordCount":561,"publisher":{"@id":"https:\/\/www.notibras.com\/site\/#organization"},"image":{"@id":"https:\/\/www.notibras.com\/site\/todos-temos-a-janela-invisivel-da-consciencia\/#primaryimage"},"thumbnailUrl":"https:\/\/www.notibras.com\/site\/wp-content\/uploads\/2025\/12\/c663cb4d-3a94-46bf-966a-6af0211feaa2.png","articleSection":["Or\u00e1culos"],"inLanguage":"pt-BR"},{"@type":"WebPage","@id":"https:\/\/www.notibras.com\/site\/todos-temos-a-janela-invisivel-da-consciencia\/","url":"https:\/\/www.notibras.com\/site\/todos-temos-a-janela-invisivel-da-consciencia\/","name":"Todos temos a janela invis\u00edvel da consci\u00eancia - Notibras","isPartOf":{"@id":"https:\/\/www.notibras.com\/site\/#website"},"primaryImageOfPage":{"@id":"https:\/\/www.notibras.com\/site\/todos-temos-a-janela-invisivel-da-consciencia\/#primaryimage"},"image":{"@id":"https:\/\/www.notibras.com\/site\/todos-temos-a-janela-invisivel-da-consciencia\/#primaryimage"},"thumbnailUrl":"https:\/\/www.notibras.com\/site\/wp-content\/uploads\/2025\/12\/c663cb4d-3a94-46bf-966a-6af0211feaa2.png","datePublished":"2025-12-01T09:52:09+00:00","breadcrumb":{"@id":"https:\/\/www.notibras.com\/site\/todos-temos-a-janela-invisivel-da-consciencia\/#breadcrumb"},"inLanguage":"pt-BR","potentialAction":[{"@type":"ReadAction","target":["https:\/\/www.notibras.com\/site\/todos-temos-a-janela-invisivel-da-consciencia\/"]}]},{"@type":"ImageObject","inLanguage":"pt-BR","@id":"https:\/\/www.notibras.com\/site\/todos-temos-a-janela-invisivel-da-consciencia\/#primaryimage","url":"https:\/\/www.notibras.com\/site\/wp-content\/uploads\/2025\/12\/c663cb4d-3a94-46bf-966a-6af0211feaa2.png","contentUrl":"https:\/\/www.notibras.com\/site\/wp-content\/uploads\/2025\/12\/c663cb4d-3a94-46bf-966a-6af0211feaa2.png","width":1024,"height":1536},{"@type":"BreadcrumbList","@id":"https:\/\/www.notibras.com\/site\/todos-temos-a-janela-invisivel-da-consciencia\/#breadcrumb","itemListElement":[{"@type":"ListItem","position":1,"name":"In\u00edcio","item":"https:\/\/www.notibras.com\/site\/"},{"@type":"ListItem","position":2,"name":"Todos temos a janela invis\u00edvel da consci\u00eancia"}]},{"@type":"WebSite","@id":"https:\/\/www.notibras.com\/site\/#website","url":"https:\/\/www.notibras.com\/site\/","name":"Notibras","description":"Not\u00edcias de Bras\u00edlia, do Brasil e do Mundo","publisher":{"@id":"https:\/\/www.notibras.com\/site\/#organization"},"potentialAction":[{"@type":"SearchAction","target":{"@type":"EntryPoint","urlTemplate":"https:\/\/www.notibras.com\/site\/?s={search_term_string}"},"query-input":{"@type":"PropertyValueSpecification","valueRequired":true,"valueName":"search_term_string"}}],"inLanguage":"pt-BR"},{"@type":"Organization","@id":"https:\/\/www.notibras.com\/site\/#organization","name":"Grupo Notibras de Comunica\u00e7\u00e3o","url":"https:\/\/www.notibras.com\/site\/","logo":{"@type":"ImageObject","inLanguage":"pt-BR","@id":"https:\/\/www.notibras.com\/site\/#\/schema\/logo\/image\/","url":"https:\/\/www.notibras.com\/site\/wp-content\/uploads\/2023\/01\/notibras23.png","contentUrl":"https:\/\/www.notibras.com\/site\/wp-content\/uploads\/2023\/01\/notibras23.png","width":350,"height":87,"caption":"Grupo Notibras de Comunica\u00e7\u00e3o"},"image":{"@id":"https:\/\/www.notibras.com\/site\/#\/schema\/logo\/image\/"},"sameAs":["https:\/\/www.facebook.com\/notibras\/","https:\/\/x.com\/Notibras","https:\/\/www.instagram.com\/notibras\/"]},{"@type":"Person","@id":"https:\/\/www.notibras.com\/site\/#\/schema\/person\/36ab0979449956132d3e5b517ea76ac8","name":"Reda\u00e7\u00e3o","image":{"@type":"ImageObject","inLanguage":"pt-BR","@id":"https:\/\/secure.gravatar.com\/avatar\/e0a867bdedb85fd243eadf09663511f96fc81e0720a4a42581f334ad4303aa6b?s=96&d=mm&r=g","url":"https:\/\/secure.gravatar.com\/avatar\/e0a867bdedb85fd243eadf09663511f96fc81e0720a4a42581f334ad4303aa6b?s=96&d=mm&r=g","contentUrl":"https:\/\/secure.gravatar.com\/avatar\/e0a867bdedb85fd243eadf09663511f96fc81e0720a4a42581f334ad4303aa6b?s=96&d=mm&r=g","caption":"Reda\u00e7\u00e3o"}}]}},"amp_enabled":true,"_links":{"self":[{"href":"https:\/\/www.notibras.com\/site\/wp-json\/wp\/v2\/posts\/373125","targetHints":{"allow":["GET"]}}],"collection":[{"href":"https:\/\/www.notibras.com\/site\/wp-json\/wp\/v2\/posts"}],"about":[{"href":"https:\/\/www.notibras.com\/site\/wp-json\/wp\/v2\/types\/post"}],"author":[{"embeddable":true,"href":"https:\/\/www.notibras.com\/site\/wp-json\/wp\/v2\/users\/2"}],"replies":[{"embeddable":true,"href":"https:\/\/www.notibras.com\/site\/wp-json\/wp\/v2\/comments?post=373125"}],"version-history":[{"count":1,"href":"https:\/\/www.notibras.com\/site\/wp-json\/wp\/v2\/posts\/373125\/revisions"}],"predecessor-version":[{"id":373127,"href":"https:\/\/www.notibras.com\/site\/wp-json\/wp\/v2\/posts\/373125\/revisions\/373127"}],"wp:featuredmedia":[{"embeddable":true,"href":"https:\/\/www.notibras.com\/site\/wp-json\/wp\/v2\/media\/373126"}],"wp:attachment":[{"href":"https:\/\/www.notibras.com\/site\/wp-json\/wp\/v2\/media?parent=373125"}],"wp:term":[{"taxonomy":"category","embeddable":true,"href":"https:\/\/www.notibras.com\/site\/wp-json\/wp\/v2\/categories?post=373125"},{"taxonomy":"post_tag","embeddable":true,"href":"https:\/\/www.notibras.com\/site\/wp-json\/wp\/v2\/tags?post=373125"}],"curies":[{"name":"wp","href":"https:\/\/api.w.org\/{rel}","templated":true}]}}