{"id":373151,"date":"2025-12-02T00:30:04","date_gmt":"2025-12-02T03:30:04","guid":{"rendered":"https:\/\/www.notibras.com\/site\/?p=373151"},"modified":"2025-12-02T05:04:07","modified_gmt":"2025-12-02T08:04:07","slug":"dia-mundial-de-combate-a-aids-oferece-testagem-rapida-para-hiv","status":"publish","type":"post","link":"https:\/\/www.notibras.com\/site\/dia-mundial-de-combate-a-aids-oferece-testagem-rapida-para-hiv\/","title":{"rendered":"Dia Mundial de Combate \u00e0 Aids oferece testagem r\u00e1pida para HIV"},"content":{"rendered":"<p>A Secretaria de Sa\u00fade do Governo do Distrito Federal (SES-DF) realizou, na manh\u00e3 desta segunda-feira (1\u00ba), uma mobiliza\u00e7\u00e3o para levar testagem r\u00e1pida do v\u00edrus HIV e dar orienta\u00e7\u00f5es \u00e0 popula\u00e7\u00e3o sobre infec\u00e7\u00f5es sexualmente transmiss\u00edveis e Aids, acompanhadas da distribui\u00e7\u00e3o gratuita de preservativos e lubrificantes.<\/p>\n<p>A iniciativa marca o Dia Mundial de Luta contra o \u200bV\u00edrus da \u200bImunodefici\u00eancia \u200bHumana (HIV, sigla em ingl\u00eas) e o in\u00edcio do Dezembro Vermelho.<\/p>\n<p>A respons\u00e1vel pelo N\u00facleo de Testagem e Aconselhamento (NTA) da Secretaria de Sa\u00fade, Jaqueline Marques, destaca a import\u00e2ncia do diagn\u00f3stico e tratamento em tempo oportuno.<\/p>\n<p>\u201cSa\u00edmos das quatro paredes e viemos para um lugar de grande circula\u00e7\u00e3o para que mais pessoas tenham acesso \u00e0 testagem, que \u00e9 gratuita\u201d, explica.<\/p>\n<p>A gestora valoriza o trabalho dos profissionais de sa\u00fade. \u201cA preven\u00e7\u00e3o e a informa\u00e7\u00e3o s\u00e3o importantes para que as pessoas tirem o estigma, o medo de fazer o teste. Hoje, ningu\u00e9m mais morre de HIV. Se descobre [a infec\u00e7\u00e3o], j\u00e1 inicia o tratamento. A pessoa infectada pode ter uma excelente qualidade de vida e at\u00e9 nem chegar a desenvolver a Aids\u201d, sustentou Jaqueline.<\/p>\n<p>A a\u00e7\u00e3o teve o apoio de diversas institui\u00e7\u00f5es da sociedade civil e do meio acad\u00eamico, incluindo as organiza\u00e7\u00f5es n\u00e3o governamentais (ONG): Amigos da Vida, GPS Foundation, Instituto Ip\u00eas e coletivo Distrito Drag.<\/p>\n<p>A artista Avellaskis entende que a quest\u00e3o do HIV\/Aids n\u00e3o \u00e9 restrita a pessoas LGBTQIAP+ e aos profissionais do sexo. \u201cGeralmente, as pessoas que t\u00eam acesso f\u00e1cil ao sexo se cuidam mais do que quem est\u00e1 em casa, casado h\u00e1 30 anos. Mas \u00e9 um dever de todos se cuidar\u201d, refor\u00e7a a drag queen.<\/p>\n<p>\u201cAs pessoas n\u00e3o t\u00eam o costume de debater esse assunto t\u00e3o importante. Ent\u00e3o, uma a\u00e7\u00e3o assim torna mais leve e tira o estigma e o medo sobre saber se tem ou n\u00e3o o HIV. Se tiver, hoje em dia h\u00e1 v\u00e1rios tratamentos. Quem n\u00e3o tiver ter\u00e1 acesso a preservativos gratuitos.\u201d<\/p>\n<p><strong>Testagem r\u00e1pida e gratuita<\/strong><\/p>\n<p>Quem n\u00e3o perdeu a oportunidade de fazer a testagem gratuita foi a veterin\u00e1ria Juliana Mendes, de 25 anos, mesmo sem ter conhecimento pr\u00e9vio da realiza\u00e7\u00e3o da mobiliza\u00e7\u00e3o.<\/p>\n<p>\u201cEste \u00e9 o caminho do meu trabalho e achei incr\u00edvel essa a\u00e7\u00e3o, porque, muitas vezes, as pessoas n\u00e3o saem de casa com a inten\u00e7\u00e3o de fazer esse teste de HIV. Por isso, acho interessante convencer as pessoas a pararem um minutinho na rotina para fazer o teste\u201d, frisou.<\/p>\n<p>A recepcionista Ira\u00eddis Bezerra da Costa e Silva viu a concentra\u00e7\u00e3o de pessoas no Setor Comercial Sul (SCS) de Bras\u00edlia e foi movida pela curiosidade e pelo desejo de se prevenir.<\/p>\n<p>\u201cNingu\u00e9m sabe como \u00e9 que est\u00e1 a vida por fora e por dentro. Ent\u00e3o, acho muito importante ter essas campanhas.\u201d Ira\u00eddis cedeu uma gota de sangue para testagem de triagem r\u00e1pida, que pode detectar a presen\u00e7a do v\u00edrus em cerca de 20 minutos.<\/p>\n<p>O motociclista Josu\u00e9 dos Santos, que trabalha como leitor de medidores de hidr\u00f4metros, na empresa p\u00fablica respons\u00e1vel pelo saneamento b\u00e1sico no Distrito Federal, preferiu fazer o autoteste de HIV em casa, pela primeira vez. No SCS, ele recebeu orienta\u00e7\u00f5es sobre como usar a pr\u00f3pria saliva no equipamento para realizar o teste.<\/p>\n<p>\u201cTenho minha parceira fixa h\u00e1 tr\u00eas anos. Mas quem n\u00e3o tem, [como] os solteiros, deve estar sempre ciente do que est\u00e1 acontecendo no seu corpo, se tem alguma doen\u00e7a, por exemplo.\u201d<\/p>\n<p><strong>Servi\u00e7o em Bras\u00edlia<\/strong><\/p>\n<p>Para as pessoas que perderam a mobiliza\u00e7\u00e3o desta segunda-feira, o Centro de Testagem e Aconselhamento (CTA) de Bras\u00edlia oferece regularmente testes gratuitos para diversas Infec\u00e7\u00f5es Sexualmente Transmiss\u00edveis (ISTs), tratamento espec\u00edfico e acompanhamento individualizado das pessoas infectadas.<\/p>\n<p>\u00b7 Local: Centro de Doen\u00e7as Infectocontagiosas (Cedin), Entrequadra Sul (EQS) 508\/509 &#8211; Asa Sul.<\/p>\n<p>\u00b7 Coleta de sangue: de 7h \u00e0s 11h e de 13h \u00e0s 17h;<\/p>\n<p>\u00b7 Hor\u00e1rio para demais atendimentos: de 7h \u00e0s 12h.<\/p>\n","protected":false},"excerpt":{"rendered":"<p>A Secretaria de Sa\u00fade do Governo do Distrito Federal (SES-DF) realizou, na manh\u00e3 desta segunda-feira (1\u00ba), uma mobiliza\u00e7\u00e3o para levar testagem r\u00e1pida do v\u00edrus HIV e dar orienta\u00e7\u00f5es \u00e0 popula\u00e7\u00e3o sobre infec\u00e7\u00f5es sexualmente transmiss\u00edveis e Aids, acompanhadas da distribui\u00e7\u00e3o gratuita de preservativos e lubrificantes. A iniciativa marca o Dia Mundial de Luta contra o \u200bV\u00edrus [&hellip;]<\/p>\n","protected":false},"author":21,"featured_media":373152,"comment_status":"closed","ping_status":"closed","sticky":false,"template":"","format":"standard","meta":{"_acf_changed":false,"footnotes":""},"categories":[161],"tags":[],"class_list":["post-373151","post","type-post","status-publish","format-standard","has-post-thumbnail","hentry","category-quadradinho-em-foco"],"acf":[],"_links":{"self":[{"href":"https:\/\/www.notibras.com\/site\/wp-json\/wp\/v2\/posts\/373151","targetHints":{"allow":["GET"]}}],"collection":[{"href":"https:\/\/www.notibras.com\/site\/wp-json\/wp\/v2\/posts"}],"about":[{"href":"https:\/\/www.notibras.com\/site\/wp-json\/wp\/v2\/types\/post"}],"author":[{"embeddable":true,"href":"https:\/\/www.notibras.com\/site\/wp-json\/wp\/v2\/users\/21"}],"replies":[{"embeddable":true,"href":"https:\/\/www.notibras.com\/site\/wp-json\/wp\/v2\/comments?post=373151"}],"version-history":[{"count":4,"href":"https:\/\/www.notibras.com\/site\/wp-json\/wp\/v2\/posts\/373151\/revisions"}],"predecessor-version":[{"id":373216,"href":"https:\/\/www.notibras.com\/site\/wp-json\/wp\/v2\/posts\/373151\/revisions\/373216"}],"wp:featuredmedia":[{"embeddable":true,"href":"https:\/\/www.notibras.com\/site\/wp-json\/wp\/v2\/media\/373152"}],"wp:attachment":[{"href":"https:\/\/www.notibras.com\/site\/wp-json\/wp\/v2\/media?parent=373151"}],"wp:term":[{"taxonomy":"category","embeddable":true,"href":"https:\/\/www.notibras.com\/site\/wp-json\/wp\/v2\/categories?post=373151"},{"taxonomy":"post_tag","embeddable":true,"href":"https:\/\/www.notibras.com\/site\/wp-json\/wp\/v2\/tags?post=373151"}],"curies":[{"name":"wp","href":"https:\/\/api.w.org\/{rel}","templated":true}]}}