{"id":37316,"date":"2015-02-16T18:37:53","date_gmt":"2015-02-16T21:37:53","guid":{"rendered":"http:\/\/www.notibras.com\/site\/?p=37316"},"modified":"2015-02-16T18:45:08","modified_gmt":"2015-02-16T21:45:08","slug":"maracatus-trocam-canaviais-pela-festa-nas-ladeiras-de-olinda","status":"publish","type":"post","link":"https:\/\/www.notibras.com\/site\/maracatus-trocam-canaviais-pela-festa-nas-ladeiras-de-olinda\/","title":{"rendered":"Maracatus trocam os canaviais pela alegria das ladeiras de Olinda"},"content":{"rendered":"<p>Enquanto as ladeiras do Centro Hist\u00f3rico de Olinda fervem com o desfile dos blocos de rua, na Casa da Rabeca, na Cidade Tabajara, um encontro de maracatus celebra a tradi\u00e7\u00e3o dessa brincadeira da Zona da\u00a0 Mata pernambucana. Evolu\u00e7\u00e3o que se expandiu por outras regi\u00f5es do Nordeste e \u00e9, na verdade, uma fus\u00e3o de elementos do pastoril, com cavalo marinho, bumba meu boi, reisado e caboclinho.<\/p>\n<p>Nesta segunda-feira (16) de carnaval, os maracatus rurais, tamb\u00e9m chamados maracatus de baque solto, desfilam suas alegorias. Ao som de batuques, caboclos de lan\u00e7a e porta estandartes dan\u00e7am compondo uma cena t\u00edpica do carnaval pernambucano.<\/p>\n<blockquote><p>Com indument\u00e1rias de cores fortes e sinos instalados nas fantasias, os caboclos de lan\u00e7a impressionam quem assiste as apresenta\u00e7\u00f5es. Como a estudante Gabriela Cruz que pela primeira vez acompanhou um maracatu rural de perto. \u201c\u00c9 muito forte a sensa\u00e7\u00e3o que eles passam, as cores, os sons, \u00e9 muito bonito de se ver. O bom \u00e9 que a gente pode conhecer um pouco mais da cultura do estado\u201d, disse.<\/p><\/blockquote>\n<p>O encontro, que chega \u00e0 sua 25\u00aa edi\u00e7\u00e3o, foi criado por um dos mais conhecidos mestres de maracatu &#8211; Manoel Salustiano (1945-2008), o mestre Salu &#8211; como forma de reunir os brincantes e tamb\u00e9m preservar essa manifesta\u00e7\u00e3o ligada \u00e0 cultura dos trabalhadores rurais dos engenhos de cana-de-a\u00e7\u00facar no estado.<\/p>\n<p>\u201cEste encontro foi uma ideia do mestre Salu, que sentiu a necessidade de unir o povo do baque solto, que estava em extin\u00e7\u00e3o na \u00e9poca. Em 1989, ele reuniu nove maracatus, criou a associa\u00e7\u00e3o e, no ano seguinte, surgiu o encontro\u201d, explica o presidente da Associa\u00e7\u00e3o de Maracatus de Baque Solto de Pernambuco e filho do mestre Salu, Manoel Salustiano Filho.<\/p>\n<blockquote><p>Cerca de 30 grupos de maracatu e 15 blocos de caboclinhos participam do encontro em Olinda, durante todo o dia, e mais 60 grupos de maracatus e caboclinhos se apresentam no munic\u00edpio de Alian\u00e7a, na Zona da Mata pernambucana.<\/p><\/blockquote>\n<p>Desde 2014 o maracatu de baque solto \u00e9 considerado Patrim\u00f4nio Imaterial Brasileiro. Reconhecimento que os brincantes devolvem mostrando sua devo\u00e7\u00e3o. \u201cSaio h\u00e1 nove anos no maracatu, para mim hoje \u00e9 a minha vida, sem maracatu pode acabar todas as festas, o carnaval, o S\u00e3o Jo\u00e3o, pode acabar tudo&#8221;, disse o caboclo de lan\u00e7a Luiz Nunes, integrante do Maracatu Cambindinha, de Ara\u00e7oiaba.<\/p>\n<p>\u201cA gente cantando, o povo batendo palma, \u00e9 uma emo\u00e7\u00e3o para gente&#8221;, arrematou o mestre Dino, cantador do Maracatu Le\u00e3o da Cordilheira, de Ara\u00e7oiaba, para logo em seguida puxar uma toada de improviso. \u201cNo dia 16 de fevereiro \u00e9 dia do carnaval, do maracatu rural, \u00e9 isso que eu quero ver. Olha, eu canto com prazer nesta minha brincadeira. Do domingo a ter\u00e7a-feira, fa\u00e7o sempre a caminhada, o maracatu faz parte da cultura brasileira\u201d, improvisou o mestre que h\u00e1 18 anos faz parte da brincadeira.<\/p>\n<p><strong>Luciano Nascimento, ABr<\/strong><\/p>\n","protected":false},"excerpt":{"rendered":"<p>Enquanto as ladeiras do Centro Hist\u00f3rico de Olinda fervem com o desfile dos blocos de rua, na Casa da Rabeca, na Cidade Tabajara, um encontro de maracatus celebra a tradi\u00e7\u00e3o dessa brincadeira da Zona da\u00a0 Mata pernambucana. Evolu\u00e7\u00e3o que se expandiu por outras regi\u00f5es do Nordeste e \u00e9, na verdade, uma fus\u00e3o de elementos do [&hellip;]<\/p>\n","protected":false},"author":2,"featured_media":37317,"comment_status":"open","ping_status":"closed","sticky":false,"template":"","format":"standard","meta":{"_acf_changed":false,"footnotes":""},"categories":[16],"tags":[],"class_list":["post-37316","post","type-post","status-publish","format-standard","has-post-thumbnail","hentry","category-brasil"],"acf":[],"yoast_head":"<!-- This site is optimized with the Yoast SEO plugin v27.2 - https:\/\/yoast.com\/product\/yoast-seo-wordpress\/ -->\n<title>Maracatus trocam os canaviais pela alegria das ladeiras de Olinda - Notibras<\/title>\n<meta name=\"robots\" content=\"index, follow, max-snippet:-1, max-image-preview:large, max-video-preview:-1\" \/>\n<link rel=\"canonical\" href=\"https:\/\/www.notibras.com\/site\/maracatus-trocam-canaviais-pela-festa-nas-ladeiras-de-olinda\/\" \/>\n<meta property=\"og:locale\" content=\"pt_BR\" \/>\n<meta property=\"og:type\" content=\"article\" \/>\n<meta property=\"og:title\" content=\"Maracatus trocam os canaviais pela alegria das ladeiras de Olinda - Notibras\" \/>\n<meta property=\"og:description\" content=\"Enquanto as ladeiras do Centro Hist\u00f3rico de Olinda fervem com o desfile dos blocos de rua, na Casa da Rabeca, na Cidade Tabajara, um encontro de maracatus celebra a tradi\u00e7\u00e3o dessa brincadeira da Zona da\u00a0 Mata pernambucana. Evolu\u00e7\u00e3o que se expandiu por outras regi\u00f5es do Nordeste e \u00e9, na verdade, uma fus\u00e3o de elementos do [&hellip;]\" \/>\n<meta property=\"og:url\" content=\"https:\/\/www.notibras.com\/site\/maracatus-trocam-canaviais-pela-festa-nas-ladeiras-de-olinda\/\" \/>\n<meta property=\"og:site_name\" content=\"Notibras\" \/>\n<meta property=\"article:publisher\" content=\"https:\/\/www.facebook.com\/notibras\/\" \/>\n<meta property=\"article:published_time\" content=\"2015-02-16T21:37:53+00:00\" \/>\n<meta property=\"article:modified_time\" content=\"2015-02-16T21:45:08+00:00\" \/>\n<meta property=\"og:image\" content=\"https:\/\/www.notibras.com\/site\/wp-content\/uploads\/2015\/02\/maracatu_olinda_2.jpg\" \/>\n\t<meta property=\"og:image:width\" content=\"580\" \/>\n\t<meta property=\"og:image:height\" content=\"388\" \/>\n\t<meta property=\"og:image:type\" content=\"image\/jpeg\" \/>\n<meta name=\"author\" content=\"Reda\u00e7\u00e3o\" \/>\n<meta name=\"twitter:card\" content=\"summary_large_image\" \/>\n<meta name=\"twitter:creator\" content=\"@Notibras\" \/>\n<meta name=\"twitter:site\" content=\"@Notibras\" \/>\n<meta name=\"twitter:label1\" content=\"Escrito por\" \/>\n\t<meta name=\"twitter:data1\" content=\"Reda\u00e7\u00e3o\" \/>\n\t<meta name=\"twitter:label2\" content=\"Est. tempo de leitura\" \/>\n\t<meta name=\"twitter:data2\" content=\"2 minutos\" \/>\n<script type=\"application\/ld+json\" class=\"yoast-schema-graph\">{\"@context\":\"https:\/\/schema.org\",\"@graph\":[{\"@type\":\"Article\",\"@id\":\"https:\/\/www.notibras.com\/site\/maracatus-trocam-canaviais-pela-festa-nas-ladeiras-de-olinda\/#article\",\"isPartOf\":{\"@id\":\"https:\/\/www.notibras.com\/site\/maracatus-trocam-canaviais-pela-festa-nas-ladeiras-de-olinda\/\"},\"author\":{\"name\":\"Reda\u00e7\u00e3o\",\"@id\":\"https:\/\/www.notibras.com\/site\/#\/schema\/person\/36ab0979449956132d3e5b517ea76ac8\"},\"headline\":\"Maracatus trocam os canaviais pela alegria das ladeiras de Olinda\",\"datePublished\":\"2015-02-16T21:37:53+00:00\",\"dateModified\":\"2015-02-16T21:45:08+00:00\",\"mainEntityOfPage\":{\"@id\":\"https:\/\/www.notibras.com\/site\/maracatus-trocam-canaviais-pela-festa-nas-ladeiras-de-olinda\/\"},\"wordCount\":489,\"commentCount\":0,\"publisher\":{\"@id\":\"https:\/\/www.notibras.com\/site\/#organization\"},\"image\":{\"@id\":\"https:\/\/www.notibras.com\/site\/maracatus-trocam-canaviais-pela-festa-nas-ladeiras-de-olinda\/#primaryimage\"},\"thumbnailUrl\":\"https:\/\/www.notibras.com\/site\/wp-content\/uploads\/2015\/02\/maracatu_olinda_2.jpg\",\"articleSection\":[\"Brasil\"],\"inLanguage\":\"pt-BR\",\"potentialAction\":[{\"@type\":\"CommentAction\",\"name\":\"Comment\",\"target\":[\"https:\/\/www.notibras.com\/site\/maracatus-trocam-canaviais-pela-festa-nas-ladeiras-de-olinda\/#respond\"]}]},{\"@type\":\"WebPage\",\"@id\":\"https:\/\/www.notibras.com\/site\/maracatus-trocam-canaviais-pela-festa-nas-ladeiras-de-olinda\/\",\"url\":\"https:\/\/www.notibras.com\/site\/maracatus-trocam-canaviais-pela-festa-nas-ladeiras-de-olinda\/\",\"name\":\"Maracatus trocam os canaviais pela alegria das ladeiras de Olinda - Notibras\",\"isPartOf\":{\"@id\":\"https:\/\/www.notibras.com\/site\/#website\"},\"primaryImageOfPage\":{\"@id\":\"https:\/\/www.notibras.com\/site\/maracatus-trocam-canaviais-pela-festa-nas-ladeiras-de-olinda\/#primaryimage\"},\"image\":{\"@id\":\"https:\/\/www.notibras.com\/site\/maracatus-trocam-canaviais-pela-festa-nas-ladeiras-de-olinda\/#primaryimage\"},\"thumbnailUrl\":\"https:\/\/www.notibras.com\/site\/wp-content\/uploads\/2015\/02\/maracatu_olinda_2.jpg\",\"datePublished\":\"2015-02-16T21:37:53+00:00\",\"dateModified\":\"2015-02-16T21:45:08+00:00\",\"breadcrumb\":{\"@id\":\"https:\/\/www.notibras.com\/site\/maracatus-trocam-canaviais-pela-festa-nas-ladeiras-de-olinda\/#breadcrumb\"},\"inLanguage\":\"pt-BR\",\"potentialAction\":[{\"@type\":\"ReadAction\",\"target\":[\"https:\/\/www.notibras.com\/site\/maracatus-trocam-canaviais-pela-festa-nas-ladeiras-de-olinda\/\"]}]},{\"@type\":\"ImageObject\",\"inLanguage\":\"pt-BR\",\"@id\":\"https:\/\/www.notibras.com\/site\/maracatus-trocam-canaviais-pela-festa-nas-ladeiras-de-olinda\/#primaryimage\",\"url\":\"https:\/\/www.notibras.com\/site\/wp-content\/uploads\/2015\/02\/maracatu_olinda_2.jpg\",\"contentUrl\":\"https:\/\/www.notibras.com\/site\/wp-content\/uploads\/2015\/02\/maracatu_olinda_2.jpg\",\"width\":580,\"height\":388},{\"@type\":\"BreadcrumbList\",\"@id\":\"https:\/\/www.notibras.com\/site\/maracatus-trocam-canaviais-pela-festa-nas-ladeiras-de-olinda\/#breadcrumb\",\"itemListElement\":[{\"@type\":\"ListItem\",\"position\":1,\"name\":\"In\u00edcio\",\"item\":\"https:\/\/www.notibras.com\/site\/\"},{\"@type\":\"ListItem\",\"position\":2,\"name\":\"Maracatus trocam os canaviais pela alegria das ladeiras de Olinda\"}]},{\"@type\":\"WebSite\",\"@id\":\"https:\/\/www.notibras.com\/site\/#website\",\"url\":\"https:\/\/www.notibras.com\/site\/\",\"name\":\"Notibras\",\"description\":\"Not\u00edcias de Bras\u00edlia, do Brasil e do Mundo\",\"publisher\":{\"@id\":\"https:\/\/www.notibras.com\/site\/#organization\"},\"potentialAction\":[{\"@type\":\"SearchAction\",\"target\":{\"@type\":\"EntryPoint\",\"urlTemplate\":\"https:\/\/www.notibras.com\/site\/?s={search_term_string}\"},\"query-input\":{\"@type\":\"PropertyValueSpecification\",\"valueRequired\":true,\"valueName\":\"search_term_string\"}}],\"inLanguage\":\"pt-BR\"},{\"@type\":\"Organization\",\"@id\":\"https:\/\/www.notibras.com\/site\/#organization\",\"name\":\"Grupo Notibras de Comunica\u00e7\u00e3o\",\"url\":\"https:\/\/www.notibras.com\/site\/\",\"logo\":{\"@type\":\"ImageObject\",\"inLanguage\":\"pt-BR\",\"@id\":\"https:\/\/www.notibras.com\/site\/#\/schema\/logo\/image\/\",\"url\":\"https:\/\/www.notibras.com\/site\/wp-content\/uploads\/2023\/01\/notibras23.png\",\"contentUrl\":\"https:\/\/www.notibras.com\/site\/wp-content\/uploads\/2023\/01\/notibras23.png\",\"width\":350,\"height\":87,\"caption\":\"Grupo Notibras de Comunica\u00e7\u00e3o\"},\"image\":{\"@id\":\"https:\/\/www.notibras.com\/site\/#\/schema\/logo\/image\/\"},\"sameAs\":[\"https:\/\/www.facebook.com\/notibras\/\",\"https:\/\/x.com\/Notibras\",\"https:\/\/www.instagram.com\/notibras\/\"]},{\"@type\":\"Person\",\"@id\":\"https:\/\/www.notibras.com\/site\/#\/schema\/person\/36ab0979449956132d3e5b517ea76ac8\",\"name\":\"Reda\u00e7\u00e3o\",\"image\":{\"@type\":\"ImageObject\",\"inLanguage\":\"pt-BR\",\"@id\":\"https:\/\/secure.gravatar.com\/avatar\/e0a867bdedb85fd243eadf09663511f96fc81e0720a4a42581f334ad4303aa6b?s=96&d=mm&r=g\",\"url\":\"https:\/\/secure.gravatar.com\/avatar\/e0a867bdedb85fd243eadf09663511f96fc81e0720a4a42581f334ad4303aa6b?s=96&d=mm&r=g\",\"contentUrl\":\"https:\/\/secure.gravatar.com\/avatar\/e0a867bdedb85fd243eadf09663511f96fc81e0720a4a42581f334ad4303aa6b?s=96&d=mm&r=g\",\"caption\":\"Reda\u00e7\u00e3o\"}}]}<\/script>\n<!-- \/ Yoast SEO plugin. -->","yoast_head_json":{"title":"Maracatus trocam os canaviais pela alegria das ladeiras de Olinda - Notibras","robots":{"index":"index","follow":"follow","max-snippet":"max-snippet:-1","max-image-preview":"max-image-preview:large","max-video-preview":"max-video-preview:-1"},"canonical":"https:\/\/www.notibras.com\/site\/maracatus-trocam-canaviais-pela-festa-nas-ladeiras-de-olinda\/","og_locale":"pt_BR","og_type":"article","og_title":"Maracatus trocam os canaviais pela alegria das ladeiras de Olinda - Notibras","og_description":"Enquanto as ladeiras do Centro Hist\u00f3rico de Olinda fervem com o desfile dos blocos de rua, na Casa da Rabeca, na Cidade Tabajara, um encontro de maracatus celebra a tradi\u00e7\u00e3o dessa brincadeira da Zona da\u00a0 Mata pernambucana. Evolu\u00e7\u00e3o que se expandiu por outras regi\u00f5es do Nordeste e \u00e9, na verdade, uma fus\u00e3o de elementos do [&hellip;]","og_url":"https:\/\/www.notibras.com\/site\/maracatus-trocam-canaviais-pela-festa-nas-ladeiras-de-olinda\/","og_site_name":"Notibras","article_publisher":"https:\/\/www.facebook.com\/notibras\/","article_published_time":"2015-02-16T21:37:53+00:00","article_modified_time":"2015-02-16T21:45:08+00:00","og_image":[{"width":580,"height":388,"url":"https:\/\/www.notibras.com\/site\/wp-content\/uploads\/2015\/02\/maracatu_olinda_2.jpg","type":"image\/jpeg"}],"author":"Reda\u00e7\u00e3o","twitter_card":"summary_large_image","twitter_creator":"@Notibras","twitter_site":"@Notibras","twitter_misc":{"Escrito por":"Reda\u00e7\u00e3o","Est. tempo de leitura":"2 minutos"},"schema":{"@context":"https:\/\/schema.org","@graph":[{"@type":"Article","@id":"https:\/\/www.notibras.com\/site\/maracatus-trocam-canaviais-pela-festa-nas-ladeiras-de-olinda\/#article","isPartOf":{"@id":"https:\/\/www.notibras.com\/site\/maracatus-trocam-canaviais-pela-festa-nas-ladeiras-de-olinda\/"},"author":{"name":"Reda\u00e7\u00e3o","@id":"https:\/\/www.notibras.com\/site\/#\/schema\/person\/36ab0979449956132d3e5b517ea76ac8"},"headline":"Maracatus trocam os canaviais pela alegria das ladeiras de Olinda","datePublished":"2015-02-16T21:37:53+00:00","dateModified":"2015-02-16T21:45:08+00:00","mainEntityOfPage":{"@id":"https:\/\/www.notibras.com\/site\/maracatus-trocam-canaviais-pela-festa-nas-ladeiras-de-olinda\/"},"wordCount":489,"commentCount":0,"publisher":{"@id":"https:\/\/www.notibras.com\/site\/#organization"},"image":{"@id":"https:\/\/www.notibras.com\/site\/maracatus-trocam-canaviais-pela-festa-nas-ladeiras-de-olinda\/#primaryimage"},"thumbnailUrl":"https:\/\/www.notibras.com\/site\/wp-content\/uploads\/2015\/02\/maracatu_olinda_2.jpg","articleSection":["Brasil"],"inLanguage":"pt-BR","potentialAction":[{"@type":"CommentAction","name":"Comment","target":["https:\/\/www.notibras.com\/site\/maracatus-trocam-canaviais-pela-festa-nas-ladeiras-de-olinda\/#respond"]}]},{"@type":"WebPage","@id":"https:\/\/www.notibras.com\/site\/maracatus-trocam-canaviais-pela-festa-nas-ladeiras-de-olinda\/","url":"https:\/\/www.notibras.com\/site\/maracatus-trocam-canaviais-pela-festa-nas-ladeiras-de-olinda\/","name":"Maracatus trocam os canaviais pela alegria das ladeiras de Olinda - Notibras","isPartOf":{"@id":"https:\/\/www.notibras.com\/site\/#website"},"primaryImageOfPage":{"@id":"https:\/\/www.notibras.com\/site\/maracatus-trocam-canaviais-pela-festa-nas-ladeiras-de-olinda\/#primaryimage"},"image":{"@id":"https:\/\/www.notibras.com\/site\/maracatus-trocam-canaviais-pela-festa-nas-ladeiras-de-olinda\/#primaryimage"},"thumbnailUrl":"https:\/\/www.notibras.com\/site\/wp-content\/uploads\/2015\/02\/maracatu_olinda_2.jpg","datePublished":"2015-02-16T21:37:53+00:00","dateModified":"2015-02-16T21:45:08+00:00","breadcrumb":{"@id":"https:\/\/www.notibras.com\/site\/maracatus-trocam-canaviais-pela-festa-nas-ladeiras-de-olinda\/#breadcrumb"},"inLanguage":"pt-BR","potentialAction":[{"@type":"ReadAction","target":["https:\/\/www.notibras.com\/site\/maracatus-trocam-canaviais-pela-festa-nas-ladeiras-de-olinda\/"]}]},{"@type":"ImageObject","inLanguage":"pt-BR","@id":"https:\/\/www.notibras.com\/site\/maracatus-trocam-canaviais-pela-festa-nas-ladeiras-de-olinda\/#primaryimage","url":"https:\/\/www.notibras.com\/site\/wp-content\/uploads\/2015\/02\/maracatu_olinda_2.jpg","contentUrl":"https:\/\/www.notibras.com\/site\/wp-content\/uploads\/2015\/02\/maracatu_olinda_2.jpg","width":580,"height":388},{"@type":"BreadcrumbList","@id":"https:\/\/www.notibras.com\/site\/maracatus-trocam-canaviais-pela-festa-nas-ladeiras-de-olinda\/#breadcrumb","itemListElement":[{"@type":"ListItem","position":1,"name":"In\u00edcio","item":"https:\/\/www.notibras.com\/site\/"},{"@type":"ListItem","position":2,"name":"Maracatus trocam os canaviais pela alegria das ladeiras de Olinda"}]},{"@type":"WebSite","@id":"https:\/\/www.notibras.com\/site\/#website","url":"https:\/\/www.notibras.com\/site\/","name":"Notibras","description":"Not\u00edcias de Bras\u00edlia, do Brasil e do Mundo","publisher":{"@id":"https:\/\/www.notibras.com\/site\/#organization"},"potentialAction":[{"@type":"SearchAction","target":{"@type":"EntryPoint","urlTemplate":"https:\/\/www.notibras.com\/site\/?s={search_term_string}"},"query-input":{"@type":"PropertyValueSpecification","valueRequired":true,"valueName":"search_term_string"}}],"inLanguage":"pt-BR"},{"@type":"Organization","@id":"https:\/\/www.notibras.com\/site\/#organization","name":"Grupo Notibras de Comunica\u00e7\u00e3o","url":"https:\/\/www.notibras.com\/site\/","logo":{"@type":"ImageObject","inLanguage":"pt-BR","@id":"https:\/\/www.notibras.com\/site\/#\/schema\/logo\/image\/","url":"https:\/\/www.notibras.com\/site\/wp-content\/uploads\/2023\/01\/notibras23.png","contentUrl":"https:\/\/www.notibras.com\/site\/wp-content\/uploads\/2023\/01\/notibras23.png","width":350,"height":87,"caption":"Grupo Notibras de Comunica\u00e7\u00e3o"},"image":{"@id":"https:\/\/www.notibras.com\/site\/#\/schema\/logo\/image\/"},"sameAs":["https:\/\/www.facebook.com\/notibras\/","https:\/\/x.com\/Notibras","https:\/\/www.instagram.com\/notibras\/"]},{"@type":"Person","@id":"https:\/\/www.notibras.com\/site\/#\/schema\/person\/36ab0979449956132d3e5b517ea76ac8","name":"Reda\u00e7\u00e3o","image":{"@type":"ImageObject","inLanguage":"pt-BR","@id":"https:\/\/secure.gravatar.com\/avatar\/e0a867bdedb85fd243eadf09663511f96fc81e0720a4a42581f334ad4303aa6b?s=96&d=mm&r=g","url":"https:\/\/secure.gravatar.com\/avatar\/e0a867bdedb85fd243eadf09663511f96fc81e0720a4a42581f334ad4303aa6b?s=96&d=mm&r=g","contentUrl":"https:\/\/secure.gravatar.com\/avatar\/e0a867bdedb85fd243eadf09663511f96fc81e0720a4a42581f334ad4303aa6b?s=96&d=mm&r=g","caption":"Reda\u00e7\u00e3o"}}]}},"amp_enabled":true,"_links":{"self":[{"href":"https:\/\/www.notibras.com\/site\/wp-json\/wp\/v2\/posts\/37316","targetHints":{"allow":["GET"]}}],"collection":[{"href":"https:\/\/www.notibras.com\/site\/wp-json\/wp\/v2\/posts"}],"about":[{"href":"https:\/\/www.notibras.com\/site\/wp-json\/wp\/v2\/types\/post"}],"author":[{"embeddable":true,"href":"https:\/\/www.notibras.com\/site\/wp-json\/wp\/v2\/users\/2"}],"replies":[{"embeddable":true,"href":"https:\/\/www.notibras.com\/site\/wp-json\/wp\/v2\/comments?post=37316"}],"version-history":[{"count":0,"href":"https:\/\/www.notibras.com\/site\/wp-json\/wp\/v2\/posts\/37316\/revisions"}],"wp:featuredmedia":[{"embeddable":true,"href":"https:\/\/www.notibras.com\/site\/wp-json\/wp\/v2\/media\/37317"}],"wp:attachment":[{"href":"https:\/\/www.notibras.com\/site\/wp-json\/wp\/v2\/media?parent=37316"}],"wp:term":[{"taxonomy":"category","embeddable":true,"href":"https:\/\/www.notibras.com\/site\/wp-json\/wp\/v2\/categories?post=37316"},{"taxonomy":"post_tag","embeddable":true,"href":"https:\/\/www.notibras.com\/site\/wp-json\/wp\/v2\/tags?post=37316"}],"curies":[{"name":"wp","href":"https:\/\/api.w.org\/{rel}","templated":true}]}}