{"id":373180,"date":"2025-12-02T04:15:54","date_gmt":"2025-12-02T07:15:54","guid":{"rendered":"https:\/\/www.notibras.com\/site\/?p=373180"},"modified":"2025-12-01T21:18:24","modified_gmt":"2025-12-02T00:18:24","slug":"creches-de-brasilia-mudam-o-engatinhar-em-passos-para-o-futuro","status":"publish","type":"post","link":"https:\/\/www.notibras.com\/site\/creches-de-brasilia-mudam-o-engatinhar-em-passos-para-o-futuro\/","title":{"rendered":"Creches de Bras\u00edlia mudam o engatinhar em passos para o futuro"},"content":{"rendered":"<p>Ideologia pol\u00edtica \u00e9 como carnaval: as fantasias brilham por instantes, mas logo se perdem na poeira dos dias, e as m\u00e1scaras, inevitavelmente, caem. J\u00e1 o governo \u2014 entendido como bra\u00e7o operativo do Estado \u2014 precisa resistir \u00e0s modas passageiras e ao ru\u00eddo das disputas eleitorais, sustentando a\u00e7\u00f5es que dialogam com os anseios permanentes da sociedade. Mudam-se os ocupantes das cadeiras, mas as pol\u00edticas p\u00fablicas que d\u00e3o certo n\u00e3o deveriam nunca desaparecer.<\/p>\n<p>\u00c9 nessa l\u00f3gica que o governo Ibaneis Rocha (MDB) vem conduzindo uma das agendas sociais mais robustas dos \u00faltimos anos no Distrito Federal. Trata-se da expans\u00e3o das creches p\u00fablicas, inspirada no esp\u00edrito dos antigos Cieps de Leonel Brizola \u2014 aqueles pr\u00e9dios que defendiam, desde os anos 1980, o mantra vision\u00e1rio de que \u201clugar de crian\u00e7a \u00e9 na escola\u201d.<\/p>\n<p>No quadradinho que abriga a capital do pa\u00eds, essa ideia deixa de ser slogan e se converte em realidade concreta, principalmente para a faixa et\u00e1ria mais delicada, de 1 a 3 anos. \u00c9 nelas, nas creches p\u00fablicas, que m\u00e3es trabalhadoras depositam n\u00e3o apenas seus filhos, mas tamb\u00e9m sua esperan\u00e7a de dignidade e autonomia.<\/p>\n<p>Ao chegar ao Pal\u00e1cio do Buriti, h\u00e1 sete anos, Ibaneis encontrou amplas regi\u00f5es onde havia apenas terreno baldio, capim alto e estat\u00edsticas alarmantes. \u00c0 \u00e9poca, cerca de 23 mil beb\u00eas estavam fora das creches, impedindo suas m\u00e3es de buscar emprego, concluir estudos ou retomar a vida profissional.<\/p>\n<p>Sete anos depois, o cen\u00e1rio mudou. Onde antes havia mato, hoje surgem pr\u00e9dios claros, seguros, equipados \u2014 27 no total, em pleno funcionamento. O n\u00famero de crian\u00e7as sem vaga caiu drasticamente para pouco mais de 1 mil 200. E o cronograma j\u00e1 est\u00e1 tra\u00e7ado. \u00c9 que no in\u00edcio de 2026, com a abertura de mais oito unidades, o mapa dos \u201csem creche\u201d deve finalmente chegar a zero.<\/p>\n<p>A vida que pulsa dentro de uma creche \u00e9 quase invis\u00edvel para quem passa na rua, mas transforma tudo em quem vive por dentro. Ali as crian\u00e7as recebem quatro refei\u00e7\u00f5es di\u00e1rias, aprendem a sociabilizar, ganhar autonomia, brincar, reconhecer cores, sabores, sons e limites. \u00c9 l\u00e1 que elas dan\u00e7am, engatinham, fazem amigos, apontam para o sol com a inoc\u00eancia de quem est\u00e1 descobrindo o mundo.<\/p>\n<p>E no fim da tarde, quando retornam para casa de banho tomado, h\u00e1 m\u00e3es que respiram aliviadas, com a alma leve, porque sabem que seus filhos foram cuidados, estimulados e protegidos. \u00c9 um gesto pequeno aos olhos de quem governa, mas gigantesco para quem precisa.<\/p>\n<p>H\u00e1, como se v\u00ea, pol\u00edticas que inauguram obras; outras inauguram futuros. As creches fazem parte desse segundo grupo.<\/p>\n<p>N\u00e3o se trata apenas de tijolo e tinta, mas de um investimento na forma\u00e7\u00e3o cidad\u00e3 que come\u00e7a antes mesmo do primeiro passo. Uma crian\u00e7a bem acolhida, nutrida e estimulada na primeira inf\u00e2ncia tem mais chances de se tornar adulto seguro, produtivo e consciente.<\/p>\n<p>\u00c9 a cidadania come\u00e7ando no ber\u00e7o \u2014 ou, mais precisamente, no tapete colorido onde o beb\u00ea engatinha pela primeira vez.<\/p>\n<p>Esse programa \u00e9, tamb\u00e9m, um legado pol\u00edtico. Ibaneis Rocha o entrega \u00e0 sua vice, Celina Le\u00e3o (PP), que assumir\u00e1 o governo com a tarefa \u2014 e o desafio \u2014 de manter a expans\u00e3o e aprofundar essa pol\u00edtica. A miss\u00e3o dela, caso venha a buscar a reelei\u00e7\u00e3o, ser\u00e1 mostrar que o Distrito Federal \u00e9 capaz de cultivar projetos de longo prazo, para al\u00e9m da dan\u00e7a das cadeiras do poder.<\/p>\n<p>A principal bandeira, por\u00e9m, n\u00e3o \u00e9 apenas administrativa. Ela \u00e9 simb\u00f3lica ao apresentar Bras\u00edlia como uma cidade onde o povo respira confian\u00e7a, dignidade e futuro.<\/p>\n<p>Porque quando uma m\u00e3e pode trabalhar tranquila, e quando um beb\u00ea chega \u00e0 creche engatinhando e sai dando os primeiros passos \u2014 passos que v\u00e3o ecoar por toda a vida \u2014 o Estado cumpre sua fun\u00e7\u00e3o primordial, que \u00e9 servir ao cidad\u00e3o desde o in\u00edcio da caminhada.<\/p>\n<p>&#8230;&#8230;&#8230;&#8230;&#8230;&#8230;.<\/p>\n<p><strong>Jos\u00e9 Seabra, diretor da Sucursal Regional Nordeste de Notibras, est\u00e1 de passagem por Bras\u00edlia<\/strong><\/p>\n","protected":false},"excerpt":{"rendered":"<p>Ideologia pol\u00edtica \u00e9 como carnaval: as fantasias brilham por instantes, mas logo se perdem na poeira dos dias, e as m\u00e1scaras, inevitavelmente, caem. J\u00e1 o governo \u2014 entendido como bra\u00e7o operativo do Estado \u2014 precisa resistir \u00e0s modas passageiras e ao ru\u00eddo das disputas eleitorais, sustentando a\u00e7\u00f5es que dialogam com os anseios permanentes da sociedade. [&hellip;]<\/p>\n","protected":false},"author":2,"featured_media":373182,"comment_status":"closed","ping_status":"closed","sticky":false,"template":"","format":"standard","meta":{"_acf_changed":false,"footnotes":""},"categories":[161],"tags":[95],"class_list":["post-373180","post","type-post","status-publish","format-standard","has-post-thumbnail","hentry","category-quadradinho-em-foco","tag-capa"],"acf":[],"yoast_head":"<!-- This site is optimized with the Yoast SEO plugin v27.5 - https:\/\/yoast.com\/product\/yoast-seo-wordpress\/ -->\n<title>Creches de Bras\u00edlia mudam o engatinhar em passos para o futuro - Notibras<\/title>\n<meta name=\"robots\" content=\"index, follow, max-snippet:-1, max-image-preview:large, max-video-preview:-1\" \/>\n<link rel=\"canonical\" href=\"https:\/\/www.notibras.com\/site\/creches-de-brasilia-mudam-o-engatinhar-em-passos-para-o-futuro\/\" \/>\n<meta property=\"og:locale\" content=\"pt_BR\" \/>\n<meta property=\"og:type\" content=\"article\" \/>\n<meta property=\"og:title\" content=\"Creches de Bras\u00edlia mudam o engatinhar em passos para o futuro - Notibras\" \/>\n<meta property=\"og:description\" content=\"Ideologia pol\u00edtica \u00e9 como carnaval: as fantasias brilham por instantes, mas logo se perdem na poeira dos dias, e as m\u00e1scaras, inevitavelmente, caem. J\u00e1 o governo \u2014 entendido como bra\u00e7o operativo do Estado \u2014 precisa resistir \u00e0s modas passageiras e ao ru\u00eddo das disputas eleitorais, sustentando a\u00e7\u00f5es que dialogam com os anseios permanentes da sociedade. [&hellip;]\" \/>\n<meta property=\"og:url\" content=\"https:\/\/www.notibras.com\/site\/creches-de-brasilia-mudam-o-engatinhar-em-passos-para-o-futuro\/\" \/>\n<meta property=\"og:site_name\" content=\"Notibras\" \/>\n<meta property=\"article:publisher\" content=\"https:\/\/www.facebook.com\/notibras\/\" \/>\n<meta property=\"article:published_time\" content=\"2025-12-02T07:15:54+00:00\" \/>\n<meta property=\"og:image\" content=\"https:\/\/www.notibras.com\/site\/wp-content\/uploads\/2025\/12\/e08d238e-05f8-4bae-87a2-90de4502c826.jpeg\" \/>\n\t<meta property=\"og:image:width\" content=\"1600\" \/>\n\t<meta property=\"og:image:height\" content=\"1066\" \/>\n\t<meta property=\"og:image:type\" content=\"image\/jpeg\" \/>\n<meta name=\"author\" content=\"Reda\u00e7\u00e3o\" \/>\n<meta name=\"twitter:card\" content=\"summary_large_image\" \/>\n<meta name=\"twitter:creator\" content=\"@Notibras\" \/>\n<meta name=\"twitter:site\" content=\"@Notibras\" \/>\n<meta name=\"twitter:label1\" content=\"Escrito por\" \/>\n\t<meta name=\"twitter:data1\" content=\"Reda\u00e7\u00e3o\" \/>\n\t<meta name=\"twitter:label2\" content=\"Est. tempo de leitura\" \/>\n\t<meta name=\"twitter:data2\" content=\"4 minutos\" \/>\n<script type=\"application\/ld+json\" class=\"yoast-schema-graph\">{\"@context\":\"https:\\\/\\\/schema.org\",\"@graph\":[{\"@type\":\"Article\",\"@id\":\"https:\\\/\\\/www.notibras.com\\\/site\\\/creches-de-brasilia-mudam-o-engatinhar-em-passos-para-o-futuro\\\/#article\",\"isPartOf\":{\"@id\":\"https:\\\/\\\/www.notibras.com\\\/site\\\/creches-de-brasilia-mudam-o-engatinhar-em-passos-para-o-futuro\\\/\"},\"author\":{\"name\":\"Reda\u00e7\u00e3o\",\"@id\":\"https:\\\/\\\/www.notibras.com\\\/site\\\/#\\\/schema\\\/person\\\/36ab0979449956132d3e5b517ea76ac8\"},\"headline\":\"Creches de Bras\u00edlia mudam o engatinhar em passos para o futuro\",\"datePublished\":\"2025-12-02T07:15:54+00:00\",\"mainEntityOfPage\":{\"@id\":\"https:\\\/\\\/www.notibras.com\\\/site\\\/creches-de-brasilia-mudam-o-engatinhar-em-passos-para-o-futuro\\\/\"},\"wordCount\":687,\"publisher\":{\"@id\":\"https:\\\/\\\/www.notibras.com\\\/site\\\/#organization\"},\"image\":{\"@id\":\"https:\\\/\\\/www.notibras.com\\\/site\\\/creches-de-brasilia-mudam-o-engatinhar-em-passos-para-o-futuro\\\/#primaryimage\"},\"thumbnailUrl\":\"https:\\\/\\\/www.notibras.com\\\/site\\\/wp-content\\\/uploads\\\/2025\\\/12\\\/e08d238e-05f8-4bae-87a2-90de4502c826.jpeg\",\"keywords\":[\"capa\"],\"articleSection\":[\"Quadradinho em Foco\"],\"inLanguage\":\"pt-BR\"},{\"@type\":\"WebPage\",\"@id\":\"https:\\\/\\\/www.notibras.com\\\/site\\\/creches-de-brasilia-mudam-o-engatinhar-em-passos-para-o-futuro\\\/\",\"url\":\"https:\\\/\\\/www.notibras.com\\\/site\\\/creches-de-brasilia-mudam-o-engatinhar-em-passos-para-o-futuro\\\/\",\"name\":\"Creches de Bras\u00edlia mudam o engatinhar em passos para o futuro - Notibras\",\"isPartOf\":{\"@id\":\"https:\\\/\\\/www.notibras.com\\\/site\\\/#website\"},\"primaryImageOfPage\":{\"@id\":\"https:\\\/\\\/www.notibras.com\\\/site\\\/creches-de-brasilia-mudam-o-engatinhar-em-passos-para-o-futuro\\\/#primaryimage\"},\"image\":{\"@id\":\"https:\\\/\\\/www.notibras.com\\\/site\\\/creches-de-brasilia-mudam-o-engatinhar-em-passos-para-o-futuro\\\/#primaryimage\"},\"thumbnailUrl\":\"https:\\\/\\\/www.notibras.com\\\/site\\\/wp-content\\\/uploads\\\/2025\\\/12\\\/e08d238e-05f8-4bae-87a2-90de4502c826.jpeg\",\"datePublished\":\"2025-12-02T07:15:54+00:00\",\"breadcrumb\":{\"@id\":\"https:\\\/\\\/www.notibras.com\\\/site\\\/creches-de-brasilia-mudam-o-engatinhar-em-passos-para-o-futuro\\\/#breadcrumb\"},\"inLanguage\":\"pt-BR\",\"potentialAction\":[{\"@type\":\"ReadAction\",\"target\":[\"https:\\\/\\\/www.notibras.com\\\/site\\\/creches-de-brasilia-mudam-o-engatinhar-em-passos-para-o-futuro\\\/\"]}]},{\"@type\":\"ImageObject\",\"inLanguage\":\"pt-BR\",\"@id\":\"https:\\\/\\\/www.notibras.com\\\/site\\\/creches-de-brasilia-mudam-o-engatinhar-em-passos-para-o-futuro\\\/#primaryimage\",\"url\":\"https:\\\/\\\/www.notibras.com\\\/site\\\/wp-content\\\/uploads\\\/2025\\\/12\\\/e08d238e-05f8-4bae-87a2-90de4502c826.jpeg\",\"contentUrl\":\"https:\\\/\\\/www.notibras.com\\\/site\\\/wp-content\\\/uploads\\\/2025\\\/12\\\/e08d238e-05f8-4bae-87a2-90de4502c826.jpeg\",\"width\":1600,\"height\":1066},{\"@type\":\"BreadcrumbList\",\"@id\":\"https:\\\/\\\/www.notibras.com\\\/site\\\/creches-de-brasilia-mudam-o-engatinhar-em-passos-para-o-futuro\\\/#breadcrumb\",\"itemListElement\":[{\"@type\":\"ListItem\",\"position\":1,\"name\":\"In\u00edcio\",\"item\":\"https:\\\/\\\/www.notibras.com\\\/site\\\/\"},{\"@type\":\"ListItem\",\"position\":2,\"name\":\"Creches de Bras\u00edlia mudam o engatinhar em passos para o futuro\"}]},{\"@type\":\"WebSite\",\"@id\":\"https:\\\/\\\/www.notibras.com\\\/site\\\/#website\",\"url\":\"https:\\\/\\\/www.notibras.com\\\/site\\\/\",\"name\":\"Notibras\",\"description\":\"Not\u00edcias de Bras\u00edlia, do Brasil e do Mundo\",\"publisher\":{\"@id\":\"https:\\\/\\\/www.notibras.com\\\/site\\\/#organization\"},\"potentialAction\":[{\"@type\":\"SearchAction\",\"target\":{\"@type\":\"EntryPoint\",\"urlTemplate\":\"https:\\\/\\\/www.notibras.com\\\/site\\\/?s={search_term_string}\"},\"query-input\":{\"@type\":\"PropertyValueSpecification\",\"valueRequired\":true,\"valueName\":\"search_term_string\"}}],\"inLanguage\":\"pt-BR\"},{\"@type\":\"Organization\",\"@id\":\"https:\\\/\\\/www.notibras.com\\\/site\\\/#organization\",\"name\":\"Grupo Notibras de Comunica\u00e7\u00e3o\",\"url\":\"https:\\\/\\\/www.notibras.com\\\/site\\\/\",\"logo\":{\"@type\":\"ImageObject\",\"inLanguage\":\"pt-BR\",\"@id\":\"https:\\\/\\\/www.notibras.com\\\/site\\\/#\\\/schema\\\/logo\\\/image\\\/\",\"url\":\"https:\\\/\\\/www.notibras.com\\\/site\\\/wp-content\\\/uploads\\\/2023\\\/01\\\/notibras23.png\",\"contentUrl\":\"https:\\\/\\\/www.notibras.com\\\/site\\\/wp-content\\\/uploads\\\/2023\\\/01\\\/notibras23.png\",\"width\":350,\"height\":87,\"caption\":\"Grupo Notibras de Comunica\u00e7\u00e3o\"},\"image\":{\"@id\":\"https:\\\/\\\/www.notibras.com\\\/site\\\/#\\\/schema\\\/logo\\\/image\\\/\"},\"sameAs\":[\"https:\\\/\\\/www.facebook.com\\\/notibras\\\/\",\"https:\\\/\\\/x.com\\\/Notibras\",\"https:\\\/\\\/www.instagram.com\\\/notibras\\\/\"]},{\"@type\":\"Person\",\"@id\":\"https:\\\/\\\/www.notibras.com\\\/site\\\/#\\\/schema\\\/person\\\/36ab0979449956132d3e5b517ea76ac8\",\"name\":\"Reda\u00e7\u00e3o\",\"image\":{\"@type\":\"ImageObject\",\"inLanguage\":\"pt-BR\",\"@id\":\"https:\\\/\\\/secure.gravatar.com\\\/avatar\\\/e0a867bdedb85fd243eadf09663511f96fc81e0720a4a42581f334ad4303aa6b?s=96&d=mm&r=g\",\"url\":\"https:\\\/\\\/secure.gravatar.com\\\/avatar\\\/e0a867bdedb85fd243eadf09663511f96fc81e0720a4a42581f334ad4303aa6b?s=96&d=mm&r=g\",\"contentUrl\":\"https:\\\/\\\/secure.gravatar.com\\\/avatar\\\/e0a867bdedb85fd243eadf09663511f96fc81e0720a4a42581f334ad4303aa6b?s=96&d=mm&r=g\",\"caption\":\"Reda\u00e7\u00e3o\"}}]}<\/script>\n<!-- \/ Yoast SEO plugin. -->","yoast_head_json":{"title":"Creches de Bras\u00edlia mudam o engatinhar em passos para o futuro - Notibras","robots":{"index":"index","follow":"follow","max-snippet":"max-snippet:-1","max-image-preview":"max-image-preview:large","max-video-preview":"max-video-preview:-1"},"canonical":"https:\/\/www.notibras.com\/site\/creches-de-brasilia-mudam-o-engatinhar-em-passos-para-o-futuro\/","og_locale":"pt_BR","og_type":"article","og_title":"Creches de Bras\u00edlia mudam o engatinhar em passos para o futuro - Notibras","og_description":"Ideologia pol\u00edtica \u00e9 como carnaval: as fantasias brilham por instantes, mas logo se perdem na poeira dos dias, e as m\u00e1scaras, inevitavelmente, caem. J\u00e1 o governo \u2014 entendido como bra\u00e7o operativo do Estado \u2014 precisa resistir \u00e0s modas passageiras e ao ru\u00eddo das disputas eleitorais, sustentando a\u00e7\u00f5es que dialogam com os anseios permanentes da sociedade. [&hellip;]","og_url":"https:\/\/www.notibras.com\/site\/creches-de-brasilia-mudam-o-engatinhar-em-passos-para-o-futuro\/","og_site_name":"Notibras","article_publisher":"https:\/\/www.facebook.com\/notibras\/","article_published_time":"2025-12-02T07:15:54+00:00","og_image":[{"width":1600,"height":1066,"url":"https:\/\/www.notibras.com\/site\/wp-content\/uploads\/2025\/12\/e08d238e-05f8-4bae-87a2-90de4502c826.jpeg","type":"image\/jpeg"}],"author":"Reda\u00e7\u00e3o","twitter_card":"summary_large_image","twitter_creator":"@Notibras","twitter_site":"@Notibras","twitter_misc":{"Escrito por":"Reda\u00e7\u00e3o","Est. tempo de leitura":"4 minutos"},"schema":{"@context":"https:\/\/schema.org","@graph":[{"@type":"Article","@id":"https:\/\/www.notibras.com\/site\/creches-de-brasilia-mudam-o-engatinhar-em-passos-para-o-futuro\/#article","isPartOf":{"@id":"https:\/\/www.notibras.com\/site\/creches-de-brasilia-mudam-o-engatinhar-em-passos-para-o-futuro\/"},"author":{"name":"Reda\u00e7\u00e3o","@id":"https:\/\/www.notibras.com\/site\/#\/schema\/person\/36ab0979449956132d3e5b517ea76ac8"},"headline":"Creches de Bras\u00edlia mudam o engatinhar em passos para o futuro","datePublished":"2025-12-02T07:15:54+00:00","mainEntityOfPage":{"@id":"https:\/\/www.notibras.com\/site\/creches-de-brasilia-mudam-o-engatinhar-em-passos-para-o-futuro\/"},"wordCount":687,"publisher":{"@id":"https:\/\/www.notibras.com\/site\/#organization"},"image":{"@id":"https:\/\/www.notibras.com\/site\/creches-de-brasilia-mudam-o-engatinhar-em-passos-para-o-futuro\/#primaryimage"},"thumbnailUrl":"https:\/\/www.notibras.com\/site\/wp-content\/uploads\/2025\/12\/e08d238e-05f8-4bae-87a2-90de4502c826.jpeg","keywords":["capa"],"articleSection":["Quadradinho em Foco"],"inLanguage":"pt-BR"},{"@type":"WebPage","@id":"https:\/\/www.notibras.com\/site\/creches-de-brasilia-mudam-o-engatinhar-em-passos-para-o-futuro\/","url":"https:\/\/www.notibras.com\/site\/creches-de-brasilia-mudam-o-engatinhar-em-passos-para-o-futuro\/","name":"Creches de Bras\u00edlia mudam o engatinhar em passos para o futuro - Notibras","isPartOf":{"@id":"https:\/\/www.notibras.com\/site\/#website"},"primaryImageOfPage":{"@id":"https:\/\/www.notibras.com\/site\/creches-de-brasilia-mudam-o-engatinhar-em-passos-para-o-futuro\/#primaryimage"},"image":{"@id":"https:\/\/www.notibras.com\/site\/creches-de-brasilia-mudam-o-engatinhar-em-passos-para-o-futuro\/#primaryimage"},"thumbnailUrl":"https:\/\/www.notibras.com\/site\/wp-content\/uploads\/2025\/12\/e08d238e-05f8-4bae-87a2-90de4502c826.jpeg","datePublished":"2025-12-02T07:15:54+00:00","breadcrumb":{"@id":"https:\/\/www.notibras.com\/site\/creches-de-brasilia-mudam-o-engatinhar-em-passos-para-o-futuro\/#breadcrumb"},"inLanguage":"pt-BR","potentialAction":[{"@type":"ReadAction","target":["https:\/\/www.notibras.com\/site\/creches-de-brasilia-mudam-o-engatinhar-em-passos-para-o-futuro\/"]}]},{"@type":"ImageObject","inLanguage":"pt-BR","@id":"https:\/\/www.notibras.com\/site\/creches-de-brasilia-mudam-o-engatinhar-em-passos-para-o-futuro\/#primaryimage","url":"https:\/\/www.notibras.com\/site\/wp-content\/uploads\/2025\/12\/e08d238e-05f8-4bae-87a2-90de4502c826.jpeg","contentUrl":"https:\/\/www.notibras.com\/site\/wp-content\/uploads\/2025\/12\/e08d238e-05f8-4bae-87a2-90de4502c826.jpeg","width":1600,"height":1066},{"@type":"BreadcrumbList","@id":"https:\/\/www.notibras.com\/site\/creches-de-brasilia-mudam-o-engatinhar-em-passos-para-o-futuro\/#breadcrumb","itemListElement":[{"@type":"ListItem","position":1,"name":"In\u00edcio","item":"https:\/\/www.notibras.com\/site\/"},{"@type":"ListItem","position":2,"name":"Creches de Bras\u00edlia mudam o engatinhar em passos para o futuro"}]},{"@type":"WebSite","@id":"https:\/\/www.notibras.com\/site\/#website","url":"https:\/\/www.notibras.com\/site\/","name":"Notibras","description":"Not\u00edcias de Bras\u00edlia, do Brasil e do Mundo","publisher":{"@id":"https:\/\/www.notibras.com\/site\/#organization"},"potentialAction":[{"@type":"SearchAction","target":{"@type":"EntryPoint","urlTemplate":"https:\/\/www.notibras.com\/site\/?s={search_term_string}"},"query-input":{"@type":"PropertyValueSpecification","valueRequired":true,"valueName":"search_term_string"}}],"inLanguage":"pt-BR"},{"@type":"Organization","@id":"https:\/\/www.notibras.com\/site\/#organization","name":"Grupo Notibras de Comunica\u00e7\u00e3o","url":"https:\/\/www.notibras.com\/site\/","logo":{"@type":"ImageObject","inLanguage":"pt-BR","@id":"https:\/\/www.notibras.com\/site\/#\/schema\/logo\/image\/","url":"https:\/\/www.notibras.com\/site\/wp-content\/uploads\/2023\/01\/notibras23.png","contentUrl":"https:\/\/www.notibras.com\/site\/wp-content\/uploads\/2023\/01\/notibras23.png","width":350,"height":87,"caption":"Grupo Notibras de Comunica\u00e7\u00e3o"},"image":{"@id":"https:\/\/www.notibras.com\/site\/#\/schema\/logo\/image\/"},"sameAs":["https:\/\/www.facebook.com\/notibras\/","https:\/\/x.com\/Notibras","https:\/\/www.instagram.com\/notibras\/"]},{"@type":"Person","@id":"https:\/\/www.notibras.com\/site\/#\/schema\/person\/36ab0979449956132d3e5b517ea76ac8","name":"Reda\u00e7\u00e3o","image":{"@type":"ImageObject","inLanguage":"pt-BR","@id":"https:\/\/secure.gravatar.com\/avatar\/e0a867bdedb85fd243eadf09663511f96fc81e0720a4a42581f334ad4303aa6b?s=96&d=mm&r=g","url":"https:\/\/secure.gravatar.com\/avatar\/e0a867bdedb85fd243eadf09663511f96fc81e0720a4a42581f334ad4303aa6b?s=96&d=mm&r=g","contentUrl":"https:\/\/secure.gravatar.com\/avatar\/e0a867bdedb85fd243eadf09663511f96fc81e0720a4a42581f334ad4303aa6b?s=96&d=mm&r=g","caption":"Reda\u00e7\u00e3o"}}]}},"amp_enabled":true,"_links":{"self":[{"href":"https:\/\/www.notibras.com\/site\/wp-json\/wp\/v2\/posts\/373180","targetHints":{"allow":["GET"]}}],"collection":[{"href":"https:\/\/www.notibras.com\/site\/wp-json\/wp\/v2\/posts"}],"about":[{"href":"https:\/\/www.notibras.com\/site\/wp-json\/wp\/v2\/types\/post"}],"author":[{"embeddable":true,"href":"https:\/\/www.notibras.com\/site\/wp-json\/wp\/v2\/users\/2"}],"replies":[{"embeddable":true,"href":"https:\/\/www.notibras.com\/site\/wp-json\/wp\/v2\/comments?post=373180"}],"version-history":[{"count":2,"href":"https:\/\/www.notibras.com\/site\/wp-json\/wp\/v2\/posts\/373180\/revisions"}],"predecessor-version":[{"id":373184,"href":"https:\/\/www.notibras.com\/site\/wp-json\/wp\/v2\/posts\/373180\/revisions\/373184"}],"wp:featuredmedia":[{"embeddable":true,"href":"https:\/\/www.notibras.com\/site\/wp-json\/wp\/v2\/media\/373182"}],"wp:attachment":[{"href":"https:\/\/www.notibras.com\/site\/wp-json\/wp\/v2\/media?parent=373180"}],"wp:term":[{"taxonomy":"category","embeddable":true,"href":"https:\/\/www.notibras.com\/site\/wp-json\/wp\/v2\/categories?post=373180"},{"taxonomy":"post_tag","embeddable":true,"href":"https:\/\/www.notibras.com\/site\/wp-json\/wp\/v2\/tags?post=373180"}],"curies":[{"name":"wp","href":"https:\/\/api.w.org\/{rel}","templated":true}]}}