{"id":37322,"date":"2015-02-16T17:41:32","date_gmt":"2015-02-16T20:41:32","guid":{"rendered":"http:\/\/www.notibras.com\/site\/?p=37322"},"modified":"2015-02-16T18:44:35","modified_gmt":"2015-02-16T21:44:35","slug":"blocos-do-rio-abracam-campanha-da-onu-em-defesa-da-mulher","status":"publish","type":"post","link":"https:\/\/www.notibras.com\/site\/blocos-do-rio-abracam-campanha-da-onu-em-defesa-da-mulher\/","title":{"rendered":"Blocos do Rio abra\u00e7am a\u00e7\u00e3o da ONU em defesa da mulher"},"content":{"rendered":"<p>Dois blocos carnavalescos do Rio de Janeiro aproveitam a concentra\u00e7\u00e3o de foli\u00f5es nas ruas da cidade para divulgar a campanha \u201cNeste carnaval, perca a vergonha, n\u00e3o perca o respeito\u201d, da Organiza\u00e7\u00e3o das Na\u00e7\u00f5es Unidas (ONU). O objetivo \u00e9 conscientizar o p\u00fablico de que as mulheres precisam ser respeitadas durante as &#8220;cantadas&#8221;.<\/p>\n<p>Nos desfiles dos blocos das Carmelitas, na ter\u00e7a (17) de manh\u00e3, e das Mulheres Rodadas, na quarta-feira (18), ser\u00e3o distribu\u00eddas ventarolas que fazem tr\u00eas perguntas \u00e0s mulheres: se ela foi paquerada, se a abordagem foi agressiva e se ela se sentiu constrangida. Caso a resposta seja n\u00e3o, a ventarola sugere a mensagem \u201cBloco que segue\u201d, indicando que n\u00e3o houve nenhum problema.<\/p>\n<blockquote><p>Caso a resposta para as tr\u00eas perguntas seja sim, a campanha aconselha a mulher a ligar para o Disque 180, Disque-Den\u00fancia da Secretaria Especial de Pol\u00edticas para as Mulheres da Presid\u00eancia da Rep\u00fablica, que tamb\u00e9m apoia a campanha da ONU.<\/p><\/blockquote>\n<p>A campanha tamb\u00e9m est\u00e1 sendo feita na Marqu\u00eas de Sapuca\u00ed e em an\u00fancios por v\u00e1rias cidades brasileiras.<\/p>\n","protected":false},"excerpt":{"rendered":"<p>Dois blocos carnavalescos do Rio de Janeiro aproveitam a concentra\u00e7\u00e3o de foli\u00f5es nas ruas da cidade para divulgar a campanha \u201cNeste carnaval, perca a vergonha, n\u00e3o perca o respeito\u201d, da Organiza\u00e7\u00e3o das Na\u00e7\u00f5es Unidas (ONU). O objetivo \u00e9 conscientizar o p\u00fablico de que as mulheres precisam ser respeitadas durante as &#8220;cantadas&#8221;. Nos desfiles dos blocos [&hellip;]<\/p>\n","protected":false},"author":2,"featured_media":37323,"comment_status":"open","ping_status":"closed","sticky":false,"template":"","format":"standard","meta":{"_acf_changed":false,"footnotes":""},"categories":[16],"tags":[],"class_list":["post-37322","post","type-post","status-publish","format-standard","has-post-thumbnail","hentry","category-brasil"],"acf":[],"yoast_head":"<!-- This site is optimized with the Yoast SEO plugin v27.2 - https:\/\/yoast.com\/product\/yoast-seo-wordpress\/ -->\n<title>Blocos do Rio abra\u00e7am a\u00e7\u00e3o da ONU em defesa da mulher - Notibras<\/title>\n<meta name=\"robots\" content=\"index, follow, max-snippet:-1, max-image-preview:large, max-video-preview:-1\" \/>\n<link rel=\"canonical\" href=\"https:\/\/www.notibras.com\/site\/blocos-do-rio-abracam-campanha-da-onu-em-defesa-da-mulher\/\" \/>\n<meta property=\"og:locale\" content=\"pt_BR\" \/>\n<meta property=\"og:type\" content=\"article\" \/>\n<meta property=\"og:title\" content=\"Blocos do Rio abra\u00e7am a\u00e7\u00e3o da ONU em defesa da mulher - Notibras\" \/>\n<meta property=\"og:description\" content=\"Dois blocos carnavalescos do Rio de Janeiro aproveitam a concentra\u00e7\u00e3o de foli\u00f5es nas ruas da cidade para divulgar a campanha \u201cNeste carnaval, perca a vergonha, n\u00e3o perca o respeito\u201d, da Organiza\u00e7\u00e3o das Na\u00e7\u00f5es Unidas (ONU). O objetivo \u00e9 conscientizar o p\u00fablico de que as mulheres precisam ser respeitadas durante as &#8220;cantadas&#8221;. Nos desfiles dos blocos [&hellip;]\" \/>\n<meta property=\"og:url\" content=\"https:\/\/www.notibras.com\/site\/blocos-do-rio-abracam-campanha-da-onu-em-defesa-da-mulher\/\" \/>\n<meta property=\"og:site_name\" content=\"Notibras\" \/>\n<meta property=\"article:publisher\" content=\"https:\/\/www.facebook.com\/notibras\/\" \/>\n<meta property=\"article:published_time\" content=\"2015-02-16T20:41:32+00:00\" \/>\n<meta property=\"article:modified_time\" content=\"2015-02-16T21:44:35+00:00\" \/>\n<meta property=\"og:image\" content=\"https:\/\/www.notibras.com\/site\/wp-content\/uploads\/2015\/02\/rj.jpg\" \/>\n\t<meta property=\"og:image:width\" content=\"580\" \/>\n\t<meta property=\"og:image:height\" content=\"388\" \/>\n\t<meta property=\"og:image:type\" content=\"image\/jpeg\" \/>\n<meta name=\"author\" content=\"Reda\u00e7\u00e3o\" \/>\n<meta name=\"twitter:card\" content=\"summary_large_image\" \/>\n<meta name=\"twitter:creator\" content=\"@Notibras\" \/>\n<meta name=\"twitter:site\" content=\"@Notibras\" \/>\n<meta name=\"twitter:label1\" content=\"Escrito por\" \/>\n\t<meta name=\"twitter:data1\" content=\"Reda\u00e7\u00e3o\" \/>\n\t<meta name=\"twitter:label2\" content=\"Est. tempo de leitura\" \/>\n\t<meta name=\"twitter:data2\" content=\"1 minuto\" \/>\n<script type=\"application\/ld+json\" class=\"yoast-schema-graph\">{\"@context\":\"https:\/\/schema.org\",\"@graph\":[{\"@type\":\"Article\",\"@id\":\"https:\/\/www.notibras.com\/site\/blocos-do-rio-abracam-campanha-da-onu-em-defesa-da-mulher\/#article\",\"isPartOf\":{\"@id\":\"https:\/\/www.notibras.com\/site\/blocos-do-rio-abracam-campanha-da-onu-em-defesa-da-mulher\/\"},\"author\":{\"name\":\"Reda\u00e7\u00e3o\",\"@id\":\"https:\/\/www.notibras.com\/site\/#\/schema\/person\/36ab0979449956132d3e5b517ea76ac8\"},\"headline\":\"Blocos do Rio abra\u00e7am a\u00e7\u00e3o da ONU em defesa da mulher\",\"datePublished\":\"2015-02-16T20:41:32+00:00\",\"dateModified\":\"2015-02-16T21:44:35+00:00\",\"mainEntityOfPage\":{\"@id\":\"https:\/\/www.notibras.com\/site\/blocos-do-rio-abracam-campanha-da-onu-em-defesa-da-mulher\/\"},\"wordCount\":200,\"commentCount\":0,\"publisher\":{\"@id\":\"https:\/\/www.notibras.com\/site\/#organization\"},\"image\":{\"@id\":\"https:\/\/www.notibras.com\/site\/blocos-do-rio-abracam-campanha-da-onu-em-defesa-da-mulher\/#primaryimage\"},\"thumbnailUrl\":\"https:\/\/www.notibras.com\/site\/wp-content\/uploads\/2015\/02\/rj.jpg\",\"articleSection\":[\"Brasil\"],\"inLanguage\":\"pt-BR\",\"potentialAction\":[{\"@type\":\"CommentAction\",\"name\":\"Comment\",\"target\":[\"https:\/\/www.notibras.com\/site\/blocos-do-rio-abracam-campanha-da-onu-em-defesa-da-mulher\/#respond\"]}]},{\"@type\":\"WebPage\",\"@id\":\"https:\/\/www.notibras.com\/site\/blocos-do-rio-abracam-campanha-da-onu-em-defesa-da-mulher\/\",\"url\":\"https:\/\/www.notibras.com\/site\/blocos-do-rio-abracam-campanha-da-onu-em-defesa-da-mulher\/\",\"name\":\"Blocos do Rio abra\u00e7am a\u00e7\u00e3o da ONU em defesa da mulher - Notibras\",\"isPartOf\":{\"@id\":\"https:\/\/www.notibras.com\/site\/#website\"},\"primaryImageOfPage\":{\"@id\":\"https:\/\/www.notibras.com\/site\/blocos-do-rio-abracam-campanha-da-onu-em-defesa-da-mulher\/#primaryimage\"},\"image\":{\"@id\":\"https:\/\/www.notibras.com\/site\/blocos-do-rio-abracam-campanha-da-onu-em-defesa-da-mulher\/#primaryimage\"},\"thumbnailUrl\":\"https:\/\/www.notibras.com\/site\/wp-content\/uploads\/2015\/02\/rj.jpg\",\"datePublished\":\"2015-02-16T20:41:32+00:00\",\"dateModified\":\"2015-02-16T21:44:35+00:00\",\"breadcrumb\":{\"@id\":\"https:\/\/www.notibras.com\/site\/blocos-do-rio-abracam-campanha-da-onu-em-defesa-da-mulher\/#breadcrumb\"},\"inLanguage\":\"pt-BR\",\"potentialAction\":[{\"@type\":\"ReadAction\",\"target\":[\"https:\/\/www.notibras.com\/site\/blocos-do-rio-abracam-campanha-da-onu-em-defesa-da-mulher\/\"]}]},{\"@type\":\"ImageObject\",\"inLanguage\":\"pt-BR\",\"@id\":\"https:\/\/www.notibras.com\/site\/blocos-do-rio-abracam-campanha-da-onu-em-defesa-da-mulher\/#primaryimage\",\"url\":\"https:\/\/www.notibras.com\/site\/wp-content\/uploads\/2015\/02\/rj.jpg\",\"contentUrl\":\"https:\/\/www.notibras.com\/site\/wp-content\/uploads\/2015\/02\/rj.jpg\",\"width\":580,\"height\":388},{\"@type\":\"BreadcrumbList\",\"@id\":\"https:\/\/www.notibras.com\/site\/blocos-do-rio-abracam-campanha-da-onu-em-defesa-da-mulher\/#breadcrumb\",\"itemListElement\":[{\"@type\":\"ListItem\",\"position\":1,\"name\":\"In\u00edcio\",\"item\":\"https:\/\/www.notibras.com\/site\/\"},{\"@type\":\"ListItem\",\"position\":2,\"name\":\"Blocos do Rio abra\u00e7am a\u00e7\u00e3o da ONU em defesa da mulher\"}]},{\"@type\":\"WebSite\",\"@id\":\"https:\/\/www.notibras.com\/site\/#website\",\"url\":\"https:\/\/www.notibras.com\/site\/\",\"name\":\"Notibras\",\"description\":\"Not\u00edcias de Bras\u00edlia, do Brasil e do Mundo\",\"publisher\":{\"@id\":\"https:\/\/www.notibras.com\/site\/#organization\"},\"potentialAction\":[{\"@type\":\"SearchAction\",\"target\":{\"@type\":\"EntryPoint\",\"urlTemplate\":\"https:\/\/www.notibras.com\/site\/?s={search_term_string}\"},\"query-input\":{\"@type\":\"PropertyValueSpecification\",\"valueRequired\":true,\"valueName\":\"search_term_string\"}}],\"inLanguage\":\"pt-BR\"},{\"@type\":\"Organization\",\"@id\":\"https:\/\/www.notibras.com\/site\/#organization\",\"name\":\"Grupo Notibras de Comunica\u00e7\u00e3o\",\"url\":\"https:\/\/www.notibras.com\/site\/\",\"logo\":{\"@type\":\"ImageObject\",\"inLanguage\":\"pt-BR\",\"@id\":\"https:\/\/www.notibras.com\/site\/#\/schema\/logo\/image\/\",\"url\":\"https:\/\/www.notibras.com\/site\/wp-content\/uploads\/2023\/01\/notibras23.png\",\"contentUrl\":\"https:\/\/www.notibras.com\/site\/wp-content\/uploads\/2023\/01\/notibras23.png\",\"width\":350,\"height\":87,\"caption\":\"Grupo Notibras de Comunica\u00e7\u00e3o\"},\"image\":{\"@id\":\"https:\/\/www.notibras.com\/site\/#\/schema\/logo\/image\/\"},\"sameAs\":[\"https:\/\/www.facebook.com\/notibras\/\",\"https:\/\/x.com\/Notibras\",\"https:\/\/www.instagram.com\/notibras\/\"]},{\"@type\":\"Person\",\"@id\":\"https:\/\/www.notibras.com\/site\/#\/schema\/person\/36ab0979449956132d3e5b517ea76ac8\",\"name\":\"Reda\u00e7\u00e3o\",\"image\":{\"@type\":\"ImageObject\",\"inLanguage\":\"pt-BR\",\"@id\":\"https:\/\/secure.gravatar.com\/avatar\/e0a867bdedb85fd243eadf09663511f96fc81e0720a4a42581f334ad4303aa6b?s=96&d=mm&r=g\",\"url\":\"https:\/\/secure.gravatar.com\/avatar\/e0a867bdedb85fd243eadf09663511f96fc81e0720a4a42581f334ad4303aa6b?s=96&d=mm&r=g\",\"contentUrl\":\"https:\/\/secure.gravatar.com\/avatar\/e0a867bdedb85fd243eadf09663511f96fc81e0720a4a42581f334ad4303aa6b?s=96&d=mm&r=g\",\"caption\":\"Reda\u00e7\u00e3o\"}}]}<\/script>\n<!-- \/ Yoast SEO plugin. -->","yoast_head_json":{"title":"Blocos do Rio abra\u00e7am a\u00e7\u00e3o da ONU em defesa da mulher - Notibras","robots":{"index":"index","follow":"follow","max-snippet":"max-snippet:-1","max-image-preview":"max-image-preview:large","max-video-preview":"max-video-preview:-1"},"canonical":"https:\/\/www.notibras.com\/site\/blocos-do-rio-abracam-campanha-da-onu-em-defesa-da-mulher\/","og_locale":"pt_BR","og_type":"article","og_title":"Blocos do Rio abra\u00e7am a\u00e7\u00e3o da ONU em defesa da mulher - Notibras","og_description":"Dois blocos carnavalescos do Rio de Janeiro aproveitam a concentra\u00e7\u00e3o de foli\u00f5es nas ruas da cidade para divulgar a campanha \u201cNeste carnaval, perca a vergonha, n\u00e3o perca o respeito\u201d, da Organiza\u00e7\u00e3o das Na\u00e7\u00f5es Unidas (ONU). O objetivo \u00e9 conscientizar o p\u00fablico de que as mulheres precisam ser respeitadas durante as &#8220;cantadas&#8221;. Nos desfiles dos blocos [&hellip;]","og_url":"https:\/\/www.notibras.com\/site\/blocos-do-rio-abracam-campanha-da-onu-em-defesa-da-mulher\/","og_site_name":"Notibras","article_publisher":"https:\/\/www.facebook.com\/notibras\/","article_published_time":"2015-02-16T20:41:32+00:00","article_modified_time":"2015-02-16T21:44:35+00:00","og_image":[{"width":580,"height":388,"url":"https:\/\/www.notibras.com\/site\/wp-content\/uploads\/2015\/02\/rj.jpg","type":"image\/jpeg"}],"author":"Reda\u00e7\u00e3o","twitter_card":"summary_large_image","twitter_creator":"@Notibras","twitter_site":"@Notibras","twitter_misc":{"Escrito por":"Reda\u00e7\u00e3o","Est. tempo de leitura":"1 minuto"},"schema":{"@context":"https:\/\/schema.org","@graph":[{"@type":"Article","@id":"https:\/\/www.notibras.com\/site\/blocos-do-rio-abracam-campanha-da-onu-em-defesa-da-mulher\/#article","isPartOf":{"@id":"https:\/\/www.notibras.com\/site\/blocos-do-rio-abracam-campanha-da-onu-em-defesa-da-mulher\/"},"author":{"name":"Reda\u00e7\u00e3o","@id":"https:\/\/www.notibras.com\/site\/#\/schema\/person\/36ab0979449956132d3e5b517ea76ac8"},"headline":"Blocos do Rio abra\u00e7am a\u00e7\u00e3o da ONU em defesa da mulher","datePublished":"2015-02-16T20:41:32+00:00","dateModified":"2015-02-16T21:44:35+00:00","mainEntityOfPage":{"@id":"https:\/\/www.notibras.com\/site\/blocos-do-rio-abracam-campanha-da-onu-em-defesa-da-mulher\/"},"wordCount":200,"commentCount":0,"publisher":{"@id":"https:\/\/www.notibras.com\/site\/#organization"},"image":{"@id":"https:\/\/www.notibras.com\/site\/blocos-do-rio-abracam-campanha-da-onu-em-defesa-da-mulher\/#primaryimage"},"thumbnailUrl":"https:\/\/www.notibras.com\/site\/wp-content\/uploads\/2015\/02\/rj.jpg","articleSection":["Brasil"],"inLanguage":"pt-BR","potentialAction":[{"@type":"CommentAction","name":"Comment","target":["https:\/\/www.notibras.com\/site\/blocos-do-rio-abracam-campanha-da-onu-em-defesa-da-mulher\/#respond"]}]},{"@type":"WebPage","@id":"https:\/\/www.notibras.com\/site\/blocos-do-rio-abracam-campanha-da-onu-em-defesa-da-mulher\/","url":"https:\/\/www.notibras.com\/site\/blocos-do-rio-abracam-campanha-da-onu-em-defesa-da-mulher\/","name":"Blocos do Rio abra\u00e7am a\u00e7\u00e3o da ONU em defesa da mulher - Notibras","isPartOf":{"@id":"https:\/\/www.notibras.com\/site\/#website"},"primaryImageOfPage":{"@id":"https:\/\/www.notibras.com\/site\/blocos-do-rio-abracam-campanha-da-onu-em-defesa-da-mulher\/#primaryimage"},"image":{"@id":"https:\/\/www.notibras.com\/site\/blocos-do-rio-abracam-campanha-da-onu-em-defesa-da-mulher\/#primaryimage"},"thumbnailUrl":"https:\/\/www.notibras.com\/site\/wp-content\/uploads\/2015\/02\/rj.jpg","datePublished":"2015-02-16T20:41:32+00:00","dateModified":"2015-02-16T21:44:35+00:00","breadcrumb":{"@id":"https:\/\/www.notibras.com\/site\/blocos-do-rio-abracam-campanha-da-onu-em-defesa-da-mulher\/#breadcrumb"},"inLanguage":"pt-BR","potentialAction":[{"@type":"ReadAction","target":["https:\/\/www.notibras.com\/site\/blocos-do-rio-abracam-campanha-da-onu-em-defesa-da-mulher\/"]}]},{"@type":"ImageObject","inLanguage":"pt-BR","@id":"https:\/\/www.notibras.com\/site\/blocos-do-rio-abracam-campanha-da-onu-em-defesa-da-mulher\/#primaryimage","url":"https:\/\/www.notibras.com\/site\/wp-content\/uploads\/2015\/02\/rj.jpg","contentUrl":"https:\/\/www.notibras.com\/site\/wp-content\/uploads\/2015\/02\/rj.jpg","width":580,"height":388},{"@type":"BreadcrumbList","@id":"https:\/\/www.notibras.com\/site\/blocos-do-rio-abracam-campanha-da-onu-em-defesa-da-mulher\/#breadcrumb","itemListElement":[{"@type":"ListItem","position":1,"name":"In\u00edcio","item":"https:\/\/www.notibras.com\/site\/"},{"@type":"ListItem","position":2,"name":"Blocos do Rio abra\u00e7am a\u00e7\u00e3o da ONU em defesa da mulher"}]},{"@type":"WebSite","@id":"https:\/\/www.notibras.com\/site\/#website","url":"https:\/\/www.notibras.com\/site\/","name":"Notibras","description":"Not\u00edcias de Bras\u00edlia, do Brasil e do Mundo","publisher":{"@id":"https:\/\/www.notibras.com\/site\/#organization"},"potentialAction":[{"@type":"SearchAction","target":{"@type":"EntryPoint","urlTemplate":"https:\/\/www.notibras.com\/site\/?s={search_term_string}"},"query-input":{"@type":"PropertyValueSpecification","valueRequired":true,"valueName":"search_term_string"}}],"inLanguage":"pt-BR"},{"@type":"Organization","@id":"https:\/\/www.notibras.com\/site\/#organization","name":"Grupo Notibras de Comunica\u00e7\u00e3o","url":"https:\/\/www.notibras.com\/site\/","logo":{"@type":"ImageObject","inLanguage":"pt-BR","@id":"https:\/\/www.notibras.com\/site\/#\/schema\/logo\/image\/","url":"https:\/\/www.notibras.com\/site\/wp-content\/uploads\/2023\/01\/notibras23.png","contentUrl":"https:\/\/www.notibras.com\/site\/wp-content\/uploads\/2023\/01\/notibras23.png","width":350,"height":87,"caption":"Grupo Notibras de Comunica\u00e7\u00e3o"},"image":{"@id":"https:\/\/www.notibras.com\/site\/#\/schema\/logo\/image\/"},"sameAs":["https:\/\/www.facebook.com\/notibras\/","https:\/\/x.com\/Notibras","https:\/\/www.instagram.com\/notibras\/"]},{"@type":"Person","@id":"https:\/\/www.notibras.com\/site\/#\/schema\/person\/36ab0979449956132d3e5b517ea76ac8","name":"Reda\u00e7\u00e3o","image":{"@type":"ImageObject","inLanguage":"pt-BR","@id":"https:\/\/secure.gravatar.com\/avatar\/e0a867bdedb85fd243eadf09663511f96fc81e0720a4a42581f334ad4303aa6b?s=96&d=mm&r=g","url":"https:\/\/secure.gravatar.com\/avatar\/e0a867bdedb85fd243eadf09663511f96fc81e0720a4a42581f334ad4303aa6b?s=96&d=mm&r=g","contentUrl":"https:\/\/secure.gravatar.com\/avatar\/e0a867bdedb85fd243eadf09663511f96fc81e0720a4a42581f334ad4303aa6b?s=96&d=mm&r=g","caption":"Reda\u00e7\u00e3o"}}]}},"amp_enabled":true,"_links":{"self":[{"href":"https:\/\/www.notibras.com\/site\/wp-json\/wp\/v2\/posts\/37322","targetHints":{"allow":["GET"]}}],"collection":[{"href":"https:\/\/www.notibras.com\/site\/wp-json\/wp\/v2\/posts"}],"about":[{"href":"https:\/\/www.notibras.com\/site\/wp-json\/wp\/v2\/types\/post"}],"author":[{"embeddable":true,"href":"https:\/\/www.notibras.com\/site\/wp-json\/wp\/v2\/users\/2"}],"replies":[{"embeddable":true,"href":"https:\/\/www.notibras.com\/site\/wp-json\/wp\/v2\/comments?post=37322"}],"version-history":[{"count":0,"href":"https:\/\/www.notibras.com\/site\/wp-json\/wp\/v2\/posts\/37322\/revisions"}],"wp:featuredmedia":[{"embeddable":true,"href":"https:\/\/www.notibras.com\/site\/wp-json\/wp\/v2\/media\/37323"}],"wp:attachment":[{"href":"https:\/\/www.notibras.com\/site\/wp-json\/wp\/v2\/media?parent=37322"}],"wp:term":[{"taxonomy":"category","embeddable":true,"href":"https:\/\/www.notibras.com\/site\/wp-json\/wp\/v2\/categories?post=37322"},{"taxonomy":"post_tag","embeddable":true,"href":"https:\/\/www.notibras.com\/site\/wp-json\/wp\/v2\/tags?post=37322"}],"curies":[{"name":"wp","href":"https:\/\/api.w.org\/{rel}","templated":true}]}}