{"id":373239,"date":"2025-12-02T06:29:52","date_gmt":"2025-12-02T09:29:52","guid":{"rendered":"https:\/\/www.notibras.com\/site\/?p=373239"},"modified":"2025-12-02T06:29:52","modified_gmt":"2025-12-02T09:29:52","slug":"os-oraculos-nas-previsoes-para-o-proximo-ano","status":"publish","type":"post","link":"https:\/\/www.notibras.com\/site\/os-oraculos-nas-previsoes-para-o-proximo-ano\/","title":{"rendered":"Os Or\u00e1culos nas previs\u00f5es para o pr\u00f3ximo ano"},"content":{"rendered":"<p>As pr\u00e1ticas oraculares \u2014 astrologia, quiromancia, tarot, numerologia e o I Ching \u2014 constituem dispositivos simb\u00f3licos que, ao longo da hist\u00f3ria humana, desempenharam papel central na formula\u00e7\u00e3o de expectativas sobre ciclos temporais, especialmente na transi\u00e7\u00e3o para o Ano Novo. Embora frequentemente associadas a sistemas esot\u00e9ricos, tais pr\u00e1ticas podem ser compreendidas, do ponto de vista acad\u00eamico, como formas complexas de organiza\u00e7\u00e3o do sentido, operando como instrumentos de leitura cultural, psicol\u00f3gica e arquet\u00edpica do tempo. Jung (1952) descreveu esse fen\u00f4meno como \u201csincronicidade\u201d, mecanismo pelo qual conte\u00fados ps\u00edquicos encontram express\u00e3o em sistemas simb\u00f3licos estruturados\u00b9.<\/p>\n<p>A astrologia, talvez o mais difundido dos or\u00e1culos anuais, parte do pressuposto de que o cosmos expressa padr\u00f5es c\u00edclicos que se refletem nas din\u00e2micas coletivas e individuais. A hist\u00f3ria das religi\u00f5es registra que as sociedades antigas consultavam progn\u00f3sticos astrais no in\u00edcio de cada ciclo anual para orientar decis\u00f5es econ\u00f4micas, agr\u00edcolas e pol\u00edticas. Nos tempos p\u00f3s-modernos, seu uso permanece associado \u00e0 busca por previsibilidade em um contexto de incertezas, para tomadas de decis\u00f5es.<\/p>\n<p>A quiromancia, por sua vez, interpreta as grava\u00e7\u00f5es na m\u00e3o como mapa simb\u00f3lico do destino humano. Embora n\u00e3o se sustente como ci\u00eancia emp\u00edrica, diversos estudos em antropologia simb\u00f3lica indicam que seu valor reside na fun\u00e7\u00e3o narrativa que exerce: ao ler a palma da m\u00e3o, o quir\u00f3logo orienta o consulente a intervir no seu destino, tendo como base a sua pr\u00f3pria biografia e expectativas futuras.<\/p>\n<p>O tarot, composto por arqu\u00e9tipos visuais impressos em gravuras esot\u00e9ricas, opera como um sistema hermen\u00eautico de proje\u00e7\u00e3o e an\u00e1lise simb\u00f3lica. A leitura do Ano Novo, geralmente conhecida como \u201cmandala anual\u201d, sintetiza tend\u00eancias psicol\u00f3gicas e conjunturais, permitindo que o indiv\u00edduo reflita sobre desafios e possibilidades do ciclo que se inicia. Os arcanos maiores espelham processos profundos da psique, frequentemente antecipando movimentos internos ainda n\u00e3o plenamente conscientes. Os arcanos menores, por sua vez, retratam momentos vivenciados ao longo da jornada do indiv\u00edduo, que podem ser modificados segundo o grau de desenvolvimento espiritual da pessoa ou orienta\u00e7\u00e3o espiritual que venha receber.<\/p>\n<p>A numerologia \u00e9 baseada na redu\u00e7\u00e3o pitag\u00f3rica dos n\u00fameros, organizando padr\u00f5es simb\u00f3licos que se referem a vibra\u00e7\u00f5es di\u00e1rias, mensais e anuais. O chamado \u201cAno Universal\u201d funciona como met\u00e1fora estrutural que orienta o imagin\u00e1rio coletivo \u2014 como, por exemplo, anos associados a recome\u00e7os, por exemplo 2026 (Ano 1, em um ciclo de 9 anos), j\u00e1 o ano de 2025 est\u00e1 relacionado \u00e0 conclus\u00e3o (9). Tais modelos, embora n\u00e3o emp\u00edricos, influenciam a forma como indiv\u00edduos e grupos constroem expectativas sobre o futuro.<\/p>\n<p>Por fim, o I Ching, cl\u00e1ssico oracular sino-tao\u00edsta, que utiliza moedas chinesas nas previs\u00f5es, conhecido como o Livro das Muta\u00e7\u00f5es, baseia-se em princ\u00edpios matem\u00e1ticos, probabil\u00edsticos e filos\u00f3ficos. A consulta ao I Ching no in\u00edcio do ano opera como exerc\u00edcio contemplativo que integra ordem c\u00f3smica e decis\u00e3o humana.<\/p>\n<p>Do ponto de vista cient\u00edfico-cultural, os or\u00e1culos desempenham tr\u00eas fun\u00e7\u00f5es principais: (1) fun\u00e7\u00e3o psicol\u00f3gica, ao organizar desejos, medos e expectativas sobre o futuro; (2) fun\u00e7\u00e3o simb\u00f3lica, ao traduzir experi\u00eancias internas em linguagem arquet\u00edpica; e (3) fun\u00e7\u00e3o social, ao integrar grupos em torno de rituais c\u00edclicos de renova\u00e7\u00e3o. Na virada do Ano Novo, tais pr\u00e1ticas ganham for\u00e7a porque ritualizam a esperan\u00e7a e permitem ao indiv\u00edduo ingressar no novo ciclo com maior clareza de prop\u00f3sito e sentido de esperan\u00e7a no porvir.<\/p>\n<p>Assim, longe de serem meros instrumentos de adivinha\u00e7\u00e3o, os or\u00e1culos constituem tecnologias simb\u00f3licas de elabora\u00e7\u00e3o do futuro, cuja relev\u00e2ncia permanece, mesmo em sociedades altamente racionalizadas. Eles revelam que a necessidade humana de interpretar o tempo \u2014 e de orientar-se diante das incertezas \u2014 continua sendo um dos impulsionadores mais profundos da experi\u00eancia espiritual e existencial.<\/p>\n<p>&#8230;&#8230;&#8230;..<\/p>\n<ul>\n<li><strong>1 &#8211; Consulte os or\u00e1culos no Col\u00e9gio dos Magos e Sacerdotisas. Informa\u00e7\u00f5es e agendamentos pelo whatsapp: 81 9 9730-2139<\/strong><\/li>\n<\/ul>\n<p>&#8230;&#8230;&#8230;..<\/p>\n<p><strong>Giovanni Seabra<\/strong><br \/>\n<strong>@giovanniseabra.esoterico<\/strong><br \/>\n<strong>Gr\u00e3o-Mestre do Col\u00e9gio dos Magos e Sacerdotisas<\/strong><br \/>\n<strong>@colegiodosmagosesacerdotisas<\/strong><\/p>\n","protected":false},"excerpt":{"rendered":"<p>As pr\u00e1ticas oraculares \u2014 astrologia, quiromancia, tarot, numerologia e o I Ching \u2014 constituem dispositivos simb\u00f3licos que, ao longo da hist\u00f3ria humana, desempenharam papel central na formula\u00e7\u00e3o de expectativas sobre ciclos temporais, especialmente na transi\u00e7\u00e3o para o Ano Novo. Embora frequentemente associadas a sistemas esot\u00e9ricos, tais pr\u00e1ticas podem ser compreendidas, do ponto de vista acad\u00eamico, [&hellip;]<\/p>\n","protected":false},"author":2,"featured_media":373240,"comment_status":"closed","ping_status":"closed","sticky":false,"template":"","format":"standard","meta":{"_acf_changed":false,"footnotes":""},"categories":[237],"tags":[],"class_list":["post-373239","post","type-post","status-publish","format-standard","has-post-thumbnail","hentry","category-oraculos"],"acf":[],"yoast_head":"<!-- This site is optimized with the Yoast SEO plugin v27.2 - https:\/\/yoast.com\/product\/yoast-seo-wordpress\/ -->\n<title>Os Or\u00e1culos nas previs\u00f5es para o pr\u00f3ximo ano - Notibras<\/title>\n<meta name=\"robots\" content=\"index, follow, max-snippet:-1, max-image-preview:large, max-video-preview:-1\" \/>\n<link rel=\"canonical\" href=\"https:\/\/www.notibras.com\/site\/os-oraculos-nas-previsoes-para-o-proximo-ano\/\" \/>\n<meta property=\"og:locale\" content=\"pt_BR\" \/>\n<meta property=\"og:type\" content=\"article\" \/>\n<meta property=\"og:title\" content=\"Os Or\u00e1culos nas previs\u00f5es para o pr\u00f3ximo ano - Notibras\" \/>\n<meta property=\"og:description\" content=\"As pr\u00e1ticas oraculares \u2014 astrologia, quiromancia, tarot, numerologia e o I Ching \u2014 constituem dispositivos simb\u00f3licos que, ao longo da hist\u00f3ria humana, desempenharam papel central na formula\u00e7\u00e3o de expectativas sobre ciclos temporais, especialmente na transi\u00e7\u00e3o para o Ano Novo. Embora frequentemente associadas a sistemas esot\u00e9ricos, tais pr\u00e1ticas podem ser compreendidas, do ponto de vista acad\u00eamico, [&hellip;]\" \/>\n<meta property=\"og:url\" content=\"https:\/\/www.notibras.com\/site\/os-oraculos-nas-previsoes-para-o-proximo-ano\/\" \/>\n<meta property=\"og:site_name\" content=\"Notibras\" \/>\n<meta property=\"article:publisher\" content=\"https:\/\/www.facebook.com\/notibras\/\" \/>\n<meta property=\"article:published_time\" content=\"2025-12-02T09:29:52+00:00\" \/>\n<meta property=\"og:image\" content=\"https:\/\/www.notibras.com\/site\/wp-content\/uploads\/2025\/12\/7070119b-0eb1-4705-8714-136fefa2f907.jpeg\" \/>\n\t<meta property=\"og:image:width\" content=\"1280\" \/>\n\t<meta property=\"og:image:height\" content=\"960\" \/>\n\t<meta property=\"og:image:type\" content=\"image\/jpeg\" \/>\n<meta name=\"author\" content=\"Reda\u00e7\u00e3o\" \/>\n<meta name=\"twitter:card\" content=\"summary_large_image\" \/>\n<meta name=\"twitter:creator\" content=\"@Notibras\" \/>\n<meta name=\"twitter:site\" content=\"@Notibras\" \/>\n<meta name=\"twitter:label1\" content=\"Escrito por\" \/>\n\t<meta name=\"twitter:data1\" content=\"Reda\u00e7\u00e3o\" \/>\n\t<meta name=\"twitter:label2\" content=\"Est. tempo de leitura\" \/>\n\t<meta name=\"twitter:data2\" content=\"4 minutos\" \/>\n<script type=\"application\/ld+json\" class=\"yoast-schema-graph\">{\"@context\":\"https:\/\/schema.org\",\"@graph\":[{\"@type\":\"Article\",\"@id\":\"https:\/\/www.notibras.com\/site\/os-oraculos-nas-previsoes-para-o-proximo-ano\/#article\",\"isPartOf\":{\"@id\":\"https:\/\/www.notibras.com\/site\/os-oraculos-nas-previsoes-para-o-proximo-ano\/\"},\"author\":{\"name\":\"Reda\u00e7\u00e3o\",\"@id\":\"https:\/\/www.notibras.com\/site\/#\/schema\/person\/36ab0979449956132d3e5b517ea76ac8\"},\"headline\":\"Os Or\u00e1culos nas previs\u00f5es para o pr\u00f3ximo ano\",\"datePublished\":\"2025-12-02T09:29:52+00:00\",\"mainEntityOfPage\":{\"@id\":\"https:\/\/www.notibras.com\/site\/os-oraculos-nas-previsoes-para-o-proximo-ano\/\"},\"wordCount\":717,\"publisher\":{\"@id\":\"https:\/\/www.notibras.com\/site\/#organization\"},\"image\":{\"@id\":\"https:\/\/www.notibras.com\/site\/os-oraculos-nas-previsoes-para-o-proximo-ano\/#primaryimage\"},\"thumbnailUrl\":\"https:\/\/www.notibras.com\/site\/wp-content\/uploads\/2025\/12\/7070119b-0eb1-4705-8714-136fefa2f907.jpeg\",\"articleSection\":[\"Or\u00e1culos\"],\"inLanguage\":\"pt-BR\"},{\"@type\":\"WebPage\",\"@id\":\"https:\/\/www.notibras.com\/site\/os-oraculos-nas-previsoes-para-o-proximo-ano\/\",\"url\":\"https:\/\/www.notibras.com\/site\/os-oraculos-nas-previsoes-para-o-proximo-ano\/\",\"name\":\"Os Or\u00e1culos nas previs\u00f5es para o pr\u00f3ximo ano - Notibras\",\"isPartOf\":{\"@id\":\"https:\/\/www.notibras.com\/site\/#website\"},\"primaryImageOfPage\":{\"@id\":\"https:\/\/www.notibras.com\/site\/os-oraculos-nas-previsoes-para-o-proximo-ano\/#primaryimage\"},\"image\":{\"@id\":\"https:\/\/www.notibras.com\/site\/os-oraculos-nas-previsoes-para-o-proximo-ano\/#primaryimage\"},\"thumbnailUrl\":\"https:\/\/www.notibras.com\/site\/wp-content\/uploads\/2025\/12\/7070119b-0eb1-4705-8714-136fefa2f907.jpeg\",\"datePublished\":\"2025-12-02T09:29:52+00:00\",\"breadcrumb\":{\"@id\":\"https:\/\/www.notibras.com\/site\/os-oraculos-nas-previsoes-para-o-proximo-ano\/#breadcrumb\"},\"inLanguage\":\"pt-BR\",\"potentialAction\":[{\"@type\":\"ReadAction\",\"target\":[\"https:\/\/www.notibras.com\/site\/os-oraculos-nas-previsoes-para-o-proximo-ano\/\"]}]},{\"@type\":\"ImageObject\",\"inLanguage\":\"pt-BR\",\"@id\":\"https:\/\/www.notibras.com\/site\/os-oraculos-nas-previsoes-para-o-proximo-ano\/#primaryimage\",\"url\":\"https:\/\/www.notibras.com\/site\/wp-content\/uploads\/2025\/12\/7070119b-0eb1-4705-8714-136fefa2f907.jpeg\",\"contentUrl\":\"https:\/\/www.notibras.com\/site\/wp-content\/uploads\/2025\/12\/7070119b-0eb1-4705-8714-136fefa2f907.jpeg\",\"width\":1280,\"height\":960},{\"@type\":\"BreadcrumbList\",\"@id\":\"https:\/\/www.notibras.com\/site\/os-oraculos-nas-previsoes-para-o-proximo-ano\/#breadcrumb\",\"itemListElement\":[{\"@type\":\"ListItem\",\"position\":1,\"name\":\"In\u00edcio\",\"item\":\"https:\/\/www.notibras.com\/site\/\"},{\"@type\":\"ListItem\",\"position\":2,\"name\":\"Os Or\u00e1culos nas previs\u00f5es para o pr\u00f3ximo ano\"}]},{\"@type\":\"WebSite\",\"@id\":\"https:\/\/www.notibras.com\/site\/#website\",\"url\":\"https:\/\/www.notibras.com\/site\/\",\"name\":\"Notibras\",\"description\":\"Not\u00edcias de Bras\u00edlia, do Brasil e do Mundo\",\"publisher\":{\"@id\":\"https:\/\/www.notibras.com\/site\/#organization\"},\"potentialAction\":[{\"@type\":\"SearchAction\",\"target\":{\"@type\":\"EntryPoint\",\"urlTemplate\":\"https:\/\/www.notibras.com\/site\/?s={search_term_string}\"},\"query-input\":{\"@type\":\"PropertyValueSpecification\",\"valueRequired\":true,\"valueName\":\"search_term_string\"}}],\"inLanguage\":\"pt-BR\"},{\"@type\":\"Organization\",\"@id\":\"https:\/\/www.notibras.com\/site\/#organization\",\"name\":\"Grupo Notibras de Comunica\u00e7\u00e3o\",\"url\":\"https:\/\/www.notibras.com\/site\/\",\"logo\":{\"@type\":\"ImageObject\",\"inLanguage\":\"pt-BR\",\"@id\":\"https:\/\/www.notibras.com\/site\/#\/schema\/logo\/image\/\",\"url\":\"https:\/\/www.notibras.com\/site\/wp-content\/uploads\/2023\/01\/notibras23.png\",\"contentUrl\":\"https:\/\/www.notibras.com\/site\/wp-content\/uploads\/2023\/01\/notibras23.png\",\"width\":350,\"height\":87,\"caption\":\"Grupo Notibras de Comunica\u00e7\u00e3o\"},\"image\":{\"@id\":\"https:\/\/www.notibras.com\/site\/#\/schema\/logo\/image\/\"},\"sameAs\":[\"https:\/\/www.facebook.com\/notibras\/\",\"https:\/\/x.com\/Notibras\",\"https:\/\/www.instagram.com\/notibras\/\"]},{\"@type\":\"Person\",\"@id\":\"https:\/\/www.notibras.com\/site\/#\/schema\/person\/36ab0979449956132d3e5b517ea76ac8\",\"name\":\"Reda\u00e7\u00e3o\",\"image\":{\"@type\":\"ImageObject\",\"inLanguage\":\"pt-BR\",\"@id\":\"https:\/\/secure.gravatar.com\/avatar\/e0a867bdedb85fd243eadf09663511f96fc81e0720a4a42581f334ad4303aa6b?s=96&d=mm&r=g\",\"url\":\"https:\/\/secure.gravatar.com\/avatar\/e0a867bdedb85fd243eadf09663511f96fc81e0720a4a42581f334ad4303aa6b?s=96&d=mm&r=g\",\"contentUrl\":\"https:\/\/secure.gravatar.com\/avatar\/e0a867bdedb85fd243eadf09663511f96fc81e0720a4a42581f334ad4303aa6b?s=96&d=mm&r=g\",\"caption\":\"Reda\u00e7\u00e3o\"}}]}<\/script>\n<!-- \/ Yoast SEO plugin. -->","yoast_head_json":{"title":"Os Or\u00e1culos nas previs\u00f5es para o pr\u00f3ximo ano - Notibras","robots":{"index":"index","follow":"follow","max-snippet":"max-snippet:-1","max-image-preview":"max-image-preview:large","max-video-preview":"max-video-preview:-1"},"canonical":"https:\/\/www.notibras.com\/site\/os-oraculos-nas-previsoes-para-o-proximo-ano\/","og_locale":"pt_BR","og_type":"article","og_title":"Os Or\u00e1culos nas previs\u00f5es para o pr\u00f3ximo ano - Notibras","og_description":"As pr\u00e1ticas oraculares \u2014 astrologia, quiromancia, tarot, numerologia e o I Ching \u2014 constituem dispositivos simb\u00f3licos que, ao longo da hist\u00f3ria humana, desempenharam papel central na formula\u00e7\u00e3o de expectativas sobre ciclos temporais, especialmente na transi\u00e7\u00e3o para o Ano Novo. Embora frequentemente associadas a sistemas esot\u00e9ricos, tais pr\u00e1ticas podem ser compreendidas, do ponto de vista acad\u00eamico, [&hellip;]","og_url":"https:\/\/www.notibras.com\/site\/os-oraculos-nas-previsoes-para-o-proximo-ano\/","og_site_name":"Notibras","article_publisher":"https:\/\/www.facebook.com\/notibras\/","article_published_time":"2025-12-02T09:29:52+00:00","og_image":[{"width":1280,"height":960,"url":"https:\/\/www.notibras.com\/site\/wp-content\/uploads\/2025\/12\/7070119b-0eb1-4705-8714-136fefa2f907.jpeg","type":"image\/jpeg"}],"author":"Reda\u00e7\u00e3o","twitter_card":"summary_large_image","twitter_creator":"@Notibras","twitter_site":"@Notibras","twitter_misc":{"Escrito por":"Reda\u00e7\u00e3o","Est. tempo de leitura":"4 minutos"},"schema":{"@context":"https:\/\/schema.org","@graph":[{"@type":"Article","@id":"https:\/\/www.notibras.com\/site\/os-oraculos-nas-previsoes-para-o-proximo-ano\/#article","isPartOf":{"@id":"https:\/\/www.notibras.com\/site\/os-oraculos-nas-previsoes-para-o-proximo-ano\/"},"author":{"name":"Reda\u00e7\u00e3o","@id":"https:\/\/www.notibras.com\/site\/#\/schema\/person\/36ab0979449956132d3e5b517ea76ac8"},"headline":"Os Or\u00e1culos nas previs\u00f5es para o pr\u00f3ximo ano","datePublished":"2025-12-02T09:29:52+00:00","mainEntityOfPage":{"@id":"https:\/\/www.notibras.com\/site\/os-oraculos-nas-previsoes-para-o-proximo-ano\/"},"wordCount":717,"publisher":{"@id":"https:\/\/www.notibras.com\/site\/#organization"},"image":{"@id":"https:\/\/www.notibras.com\/site\/os-oraculos-nas-previsoes-para-o-proximo-ano\/#primaryimage"},"thumbnailUrl":"https:\/\/www.notibras.com\/site\/wp-content\/uploads\/2025\/12\/7070119b-0eb1-4705-8714-136fefa2f907.jpeg","articleSection":["Or\u00e1culos"],"inLanguage":"pt-BR"},{"@type":"WebPage","@id":"https:\/\/www.notibras.com\/site\/os-oraculos-nas-previsoes-para-o-proximo-ano\/","url":"https:\/\/www.notibras.com\/site\/os-oraculos-nas-previsoes-para-o-proximo-ano\/","name":"Os Or\u00e1culos nas previs\u00f5es para o pr\u00f3ximo ano - Notibras","isPartOf":{"@id":"https:\/\/www.notibras.com\/site\/#website"},"primaryImageOfPage":{"@id":"https:\/\/www.notibras.com\/site\/os-oraculos-nas-previsoes-para-o-proximo-ano\/#primaryimage"},"image":{"@id":"https:\/\/www.notibras.com\/site\/os-oraculos-nas-previsoes-para-o-proximo-ano\/#primaryimage"},"thumbnailUrl":"https:\/\/www.notibras.com\/site\/wp-content\/uploads\/2025\/12\/7070119b-0eb1-4705-8714-136fefa2f907.jpeg","datePublished":"2025-12-02T09:29:52+00:00","breadcrumb":{"@id":"https:\/\/www.notibras.com\/site\/os-oraculos-nas-previsoes-para-o-proximo-ano\/#breadcrumb"},"inLanguage":"pt-BR","potentialAction":[{"@type":"ReadAction","target":["https:\/\/www.notibras.com\/site\/os-oraculos-nas-previsoes-para-o-proximo-ano\/"]}]},{"@type":"ImageObject","inLanguage":"pt-BR","@id":"https:\/\/www.notibras.com\/site\/os-oraculos-nas-previsoes-para-o-proximo-ano\/#primaryimage","url":"https:\/\/www.notibras.com\/site\/wp-content\/uploads\/2025\/12\/7070119b-0eb1-4705-8714-136fefa2f907.jpeg","contentUrl":"https:\/\/www.notibras.com\/site\/wp-content\/uploads\/2025\/12\/7070119b-0eb1-4705-8714-136fefa2f907.jpeg","width":1280,"height":960},{"@type":"BreadcrumbList","@id":"https:\/\/www.notibras.com\/site\/os-oraculos-nas-previsoes-para-o-proximo-ano\/#breadcrumb","itemListElement":[{"@type":"ListItem","position":1,"name":"In\u00edcio","item":"https:\/\/www.notibras.com\/site\/"},{"@type":"ListItem","position":2,"name":"Os Or\u00e1culos nas previs\u00f5es para o pr\u00f3ximo ano"}]},{"@type":"WebSite","@id":"https:\/\/www.notibras.com\/site\/#website","url":"https:\/\/www.notibras.com\/site\/","name":"Notibras","description":"Not\u00edcias de Bras\u00edlia, do Brasil e do Mundo","publisher":{"@id":"https:\/\/www.notibras.com\/site\/#organization"},"potentialAction":[{"@type":"SearchAction","target":{"@type":"EntryPoint","urlTemplate":"https:\/\/www.notibras.com\/site\/?s={search_term_string}"},"query-input":{"@type":"PropertyValueSpecification","valueRequired":true,"valueName":"search_term_string"}}],"inLanguage":"pt-BR"},{"@type":"Organization","@id":"https:\/\/www.notibras.com\/site\/#organization","name":"Grupo Notibras de Comunica\u00e7\u00e3o","url":"https:\/\/www.notibras.com\/site\/","logo":{"@type":"ImageObject","inLanguage":"pt-BR","@id":"https:\/\/www.notibras.com\/site\/#\/schema\/logo\/image\/","url":"https:\/\/www.notibras.com\/site\/wp-content\/uploads\/2023\/01\/notibras23.png","contentUrl":"https:\/\/www.notibras.com\/site\/wp-content\/uploads\/2023\/01\/notibras23.png","width":350,"height":87,"caption":"Grupo Notibras de Comunica\u00e7\u00e3o"},"image":{"@id":"https:\/\/www.notibras.com\/site\/#\/schema\/logo\/image\/"},"sameAs":["https:\/\/www.facebook.com\/notibras\/","https:\/\/x.com\/Notibras","https:\/\/www.instagram.com\/notibras\/"]},{"@type":"Person","@id":"https:\/\/www.notibras.com\/site\/#\/schema\/person\/36ab0979449956132d3e5b517ea76ac8","name":"Reda\u00e7\u00e3o","image":{"@type":"ImageObject","inLanguage":"pt-BR","@id":"https:\/\/secure.gravatar.com\/avatar\/e0a867bdedb85fd243eadf09663511f96fc81e0720a4a42581f334ad4303aa6b?s=96&d=mm&r=g","url":"https:\/\/secure.gravatar.com\/avatar\/e0a867bdedb85fd243eadf09663511f96fc81e0720a4a42581f334ad4303aa6b?s=96&d=mm&r=g","contentUrl":"https:\/\/secure.gravatar.com\/avatar\/e0a867bdedb85fd243eadf09663511f96fc81e0720a4a42581f334ad4303aa6b?s=96&d=mm&r=g","caption":"Reda\u00e7\u00e3o"}}]}},"amp_enabled":true,"_links":{"self":[{"href":"https:\/\/www.notibras.com\/site\/wp-json\/wp\/v2\/posts\/373239","targetHints":{"allow":["GET"]}}],"collection":[{"href":"https:\/\/www.notibras.com\/site\/wp-json\/wp\/v2\/posts"}],"about":[{"href":"https:\/\/www.notibras.com\/site\/wp-json\/wp\/v2\/types\/post"}],"author":[{"embeddable":true,"href":"https:\/\/www.notibras.com\/site\/wp-json\/wp\/v2\/users\/2"}],"replies":[{"embeddable":true,"href":"https:\/\/www.notibras.com\/site\/wp-json\/wp\/v2\/comments?post=373239"}],"version-history":[{"count":1,"href":"https:\/\/www.notibras.com\/site\/wp-json\/wp\/v2\/posts\/373239\/revisions"}],"predecessor-version":[{"id":373241,"href":"https:\/\/www.notibras.com\/site\/wp-json\/wp\/v2\/posts\/373239\/revisions\/373241"}],"wp:featuredmedia":[{"embeddable":true,"href":"https:\/\/www.notibras.com\/site\/wp-json\/wp\/v2\/media\/373240"}],"wp:attachment":[{"href":"https:\/\/www.notibras.com\/site\/wp-json\/wp\/v2\/media?parent=373239"}],"wp:term":[{"taxonomy":"category","embeddable":true,"href":"https:\/\/www.notibras.com\/site\/wp-json\/wp\/v2\/categories?post=373239"},{"taxonomy":"post_tag","embeddable":true,"href":"https:\/\/www.notibras.com\/site\/wp-json\/wp\/v2\/tags?post=373239"}],"curies":[{"name":"wp","href":"https:\/\/api.w.org\/{rel}","templated":true}]}}