{"id":373244,"date":"2025-12-02T06:11:31","date_gmt":"2025-12-02T09:11:31","guid":{"rendered":"https:\/\/www.notibras.com\/site\/?p=373244"},"modified":"2025-12-02T06:39:32","modified_gmt":"2025-12-02T09:39:32","slug":"nordeste-desperta-a-cada-dia-para-o-crescimento","status":"publish","type":"post","link":"https:\/\/www.notibras.com\/site\/nordeste-desperta-a-cada-dia-para-o-crescimento\/","title":{"rendered":"Nordeste desperta a cada dia para o crescimento"},"content":{"rendered":"<p>O Nordeste anda com um passo diferente. Quem passa percebe: existe um rumor de futuro tilintando no ar, como se cada esquina guardasse um motor rec\u00e9m-ligado. As cidades crescem em ondas \u2014 uma mar\u00e9 que n\u00e3o amea\u00e7a, mas que abra\u00e7a. De Juazeiro a S\u00e3o Lu\u00eds, de Salvador a Mossor\u00f3, o ch\u00e3o vibra com a energia de quem imaginou um amanh\u00e3 e decidiu constru\u00ed-lo hoje.<\/p>\n<p>Nos velhos galp\u00f5es industriais renascem polos tecnol\u00f3gicos; nos interiores antes silenciados pela dist\u00e2ncia, surgem pequenas f\u00e1bricas que funcionam como constela\u00e7\u00f5es espalhadas no mapa; e os parques de energia solar e e\u00f3lica desenham colares luminosos nas serras antes t\u00edmidas. O vento que antes apenas soprava poeira agora gira turbinas; o sol que castigava agora alimenta redes inteiras. O que era fardo vira for\u00e7a.<\/p>\n<p>As pessoas acompanham essa dan\u00e7a com o peito aberto. Trabalhadores, empreendedores, estudantes \u2014 todos se movem como se participassem de uma coreografia in\u00e9dita. H\u00e1 um orgulho secreto no olhar de quem sabe que o Nordeste deixou de ser apenas cen\u00e1rio e virou protagonista na economia do pa\u00eds.<\/p>\n<p>A regi\u00e3o pulsa, respira, inventa. Um territ\u00f3rio que antes carregava hist\u00f3rias de escassez agora coleciona projetos, investimentos, ousadias. N\u00e3o \u00e9 um milagre: \u00e9 movimento, \u00e9 teimosia, \u00e9 vis\u00e3o. E cada passo dado soa como um an\u00fancio suave de que o crescimento n\u00e3o \u00e9 promessa \u2014 \u00e9 realidade em andamento.<\/p>\n<p>O Nordeste n\u00e3o espera mais a oportunidade: ele a fabrica, a molda, a distribui. E quem observa de longe v\u00ea apenas n\u00fameros. Mas quem vive aqui escuta algo mais profundo: um grande cora\u00e7\u00e3o coletivo, batendo no ritmo acelerado de um tempo novo.<\/p>\n","protected":false},"excerpt":{"rendered":"<p>O Nordeste anda com um passo diferente. Quem passa percebe: existe um rumor de futuro tilintando no ar, como se cada esquina guardasse um motor rec\u00e9m-ligado. As cidades crescem em ondas \u2014 uma mar\u00e9 que n\u00e3o amea\u00e7a, mas que abra\u00e7a. De Juazeiro a S\u00e3o Lu\u00eds, de Salvador a Mossor\u00f3, o ch\u00e3o vibra com a energia [&hellip;]<\/p>\n","protected":false},"author":2,"featured_media":373245,"comment_status":"closed","ping_status":"closed","sticky":false,"template":"","format":"standard","meta":{"_acf_changed":false,"footnotes":""},"categories":[165],"tags":[],"class_list":["post-373244","post","type-post","status-publish","format-standard","has-post-thumbnail","hentry","category-nordeste"],"acf":[],"_links":{"self":[{"href":"https:\/\/www.notibras.com\/site\/wp-json\/wp\/v2\/posts\/373244","targetHints":{"allow":["GET"]}}],"collection":[{"href":"https:\/\/www.notibras.com\/site\/wp-json\/wp\/v2\/posts"}],"about":[{"href":"https:\/\/www.notibras.com\/site\/wp-json\/wp\/v2\/types\/post"}],"author":[{"embeddable":true,"href":"https:\/\/www.notibras.com\/site\/wp-json\/wp\/v2\/users\/2"}],"replies":[{"embeddable":true,"href":"https:\/\/www.notibras.com\/site\/wp-json\/wp\/v2\/comments?post=373244"}],"version-history":[{"count":1,"href":"https:\/\/www.notibras.com\/site\/wp-json\/wp\/v2\/posts\/373244\/revisions"}],"predecessor-version":[{"id":373246,"href":"https:\/\/www.notibras.com\/site\/wp-json\/wp\/v2\/posts\/373244\/revisions\/373246"}],"wp:featuredmedia":[{"embeddable":true,"href":"https:\/\/www.notibras.com\/site\/wp-json\/wp\/v2\/media\/373245"}],"wp:attachment":[{"href":"https:\/\/www.notibras.com\/site\/wp-json\/wp\/v2\/media?parent=373244"}],"wp:term":[{"taxonomy":"category","embeddable":true,"href":"https:\/\/www.notibras.com\/site\/wp-json\/wp\/v2\/categories?post=373244"},{"taxonomy":"post_tag","embeddable":true,"href":"https:\/\/www.notibras.com\/site\/wp-json\/wp\/v2\/tags?post=373244"}],"curies":[{"name":"wp","href":"https:\/\/api.w.org\/{rel}","templated":true}]}}