{"id":373248,"date":"2025-12-02T13:11:54","date_gmt":"2025-12-02T16:11:54","guid":{"rendered":"https:\/\/www.notibras.com\/site\/?p=373248"},"modified":"2025-12-02T13:31:25","modified_gmt":"2025-12-02T16:31:25","slug":"dino-quer-saber-por-que-rio-de-dinheiro-contra-seca-tem-virado-riacho","status":"publish","type":"post","link":"https:\/\/www.notibras.com\/site\/dino-quer-saber-por-que-rio-de-dinheiro-contra-seca-tem-virado-riacho\/","title":{"rendered":"Dino quer saber por que rio de dinheiro contra seca tem virado riacho"},"content":{"rendered":"<p>O ministro Fl\u00e1vio Dino, do Supremo Tribunal Federal (STF), deu cinco dias para que a C\u00e2mara dos Deputados, o Senado e o governo federal expliquem as irregularidades investigadas no Departamento Nacional de Obras Contra as Secas (Dnocs).<\/p>\n<p>Na \u00faltima semana o ministro autorizou uma opera\u00e7\u00e3o da Pol\u00edcia Federal (PF) para apurar o desvio que podem chegar at\u00e9 R$ 22 milh\u00f5es em obras de pavimenta\u00e7\u00e3o vi\u00e1ria executadas pelo Dnocs, \u00f3rg\u00e3o federal ligado ao Minist\u00e9rio da Integra\u00e7\u00e3o e Desenvolvimento Regional. O dinheiro \u00e9 oriundo de emendas parlamentares.<\/p>\n<p>A investiga\u00e7\u00e3o surgiu a partir de relat\u00f3rios da Controladoria-Geral da Uni\u00e3o (CGU) que fiscalizaram contratos firmados pelo Dnocs entre os anos de 2021 e 2023. O \u00f3rg\u00e3o constatou diversas irregularidades, incluindo a apresenta\u00e7\u00e3o de fotos de outros locais para comprovar a realiza\u00e7\u00e3o de obras nunca realizadas.<\/p>\n<p>A CGU destacou que as contrata\u00e7\u00f5es do Dnocs tiveram como crit\u00e9rio apenas a exist\u00eancia de or\u00e7amento disponibilizado por emendas parlamentares, sem levar em considera\u00e7\u00e3o a real necessidade do gasto. No per\u00edodo, \u00f3rg\u00e3o fechou R$ 1,8 bilh\u00e3o em contratos, dos quais cerca de 60% foram para obras de pavimenta\u00e7\u00e3o vi\u00e1ria (R$ 748 milh\u00f5es) e aquisi\u00e7\u00e3o de m\u00e1quinas e equipamentos (R$ 355 milh\u00f5es).<\/p>\n<p>\u201cTal cen\u00e1rio parece indicar o desvirtuamento da atua\u00e7\u00e3o do Dnocs, com grave comprometimento da legalidade, da efici\u00eancia e da integridade do gasto p\u00fablico, especialmente no que toca aos recursos provenientes de emendas\u201d, afirmou Dino na decis\u00e3o desta ter\u00e7a-feira (2).<\/p>\n<p>O ministro escreveu ainda que, \u201ca despeito da relev\u00e2ncia institucional da autarquia no combate \u00e0 inseguran\u00e7a h\u00eddrica, \u00e9 inadmiss\u00edvel que sua atua\u00e7\u00e3o tenha exposto ou venha a expor o patrim\u00f4nio p\u00fablico a perdas expressivas e continuadas\u201d.<\/p>\n<p>Dino determinou que a Advocacia-Geral da Uni\u00e3o (AGU) e as advocacias da C\u00e2mara e do Senado se manifestem em cinco dias sobre a situa\u00e7\u00e3o. A decis\u00e3o foi proferida na a\u00e7\u00e3o de descumprimento de preceito fundamental (ADPF) que fiscaliza a constitucionalidade da aplica\u00e7\u00e3o de emendas parlamentares.<\/p>\n<p>O PSOL, partido autor da a\u00e7\u00e3o, tem o mesmo prazo para tamb\u00e9m se manifestar sobre os desvios no Dnocs.<\/p>\n","protected":false},"excerpt":{"rendered":"<p>O ministro Fl\u00e1vio Dino, do Supremo Tribunal Federal (STF), deu cinco dias para que a C\u00e2mara dos Deputados, o Senado e o governo federal expliquem as irregularidades investigadas no Departamento Nacional de Obras Contra as Secas (Dnocs). Na \u00faltima semana o ministro autorizou uma opera\u00e7\u00e3o da Pol\u00edcia Federal (PF) para apurar o desvio que podem [&hellip;]<\/p>\n","protected":false},"author":2,"featured_media":153007,"comment_status":"closed","ping_status":"closed","sticky":false,"template":"","format":"standard","meta":{"_acf_changed":false,"footnotes":""},"categories":[165],"tags":[95],"class_list":["post-373248","post","type-post","status-publish","format-standard","has-post-thumbnail","hentry","category-nordeste","tag-capa"],"acf":[],"yoast_head":"<!-- This site is optimized with the Yoast SEO plugin v27.5 - https:\/\/yoast.com\/product\/yoast-seo-wordpress\/ -->\n<title>Dino quer saber por que rio de dinheiro contra seca tem virado riacho - Notibras<\/title>\n<meta name=\"robots\" content=\"index, follow, max-snippet:-1, max-image-preview:large, max-video-preview:-1\" \/>\n<link rel=\"canonical\" href=\"https:\/\/www.notibras.com\/site\/dino-quer-saber-por-que-rio-de-dinheiro-contra-seca-tem-virado-riacho\/\" \/>\n<meta property=\"og:locale\" content=\"pt_BR\" \/>\n<meta property=\"og:type\" content=\"article\" \/>\n<meta property=\"og:title\" content=\"Dino quer saber por que rio de dinheiro contra seca tem virado riacho - Notibras\" \/>\n<meta property=\"og:description\" content=\"O ministro Fl\u00e1vio Dino, do Supremo Tribunal Federal (STF), deu cinco dias para que a C\u00e2mara dos Deputados, o Senado e o governo federal expliquem as irregularidades investigadas no Departamento Nacional de Obras Contra as Secas (Dnocs). Na \u00faltima semana o ministro autorizou uma opera\u00e7\u00e3o da Pol\u00edcia Federal (PF) para apurar o desvio que podem [&hellip;]\" \/>\n<meta property=\"og:url\" content=\"https:\/\/www.notibras.com\/site\/dino-quer-saber-por-que-rio-de-dinheiro-contra-seca-tem-virado-riacho\/\" \/>\n<meta property=\"og:site_name\" content=\"Notibras\" \/>\n<meta property=\"article:publisher\" content=\"https:\/\/www.facebook.com\/notibras\/\" \/>\n<meta property=\"article:published_time\" content=\"2025-12-02T16:11:54+00:00\" \/>\n<meta property=\"article:modified_time\" content=\"2025-12-02T16:31:25+00:00\" \/>\n<meta property=\"og:image\" content=\"https:\/\/www.notibras.com\/site\/wp-content\/uploads\/2017\/09\/seca_no_nordeste.jpg\" \/>\n\t<meta property=\"og:image:width\" content=\"1235\" \/>\n\t<meta property=\"og:image:height\" content=\"822\" \/>\n\t<meta property=\"og:image:type\" content=\"image\/jpeg\" \/>\n<meta name=\"author\" content=\"Reda\u00e7\u00e3o\" \/>\n<meta name=\"twitter:card\" content=\"summary_large_image\" \/>\n<meta name=\"twitter:creator\" content=\"@Notibras\" \/>\n<meta name=\"twitter:site\" content=\"@Notibras\" \/>\n<meta name=\"twitter:label1\" content=\"Escrito por\" \/>\n\t<meta name=\"twitter:data1\" content=\"Reda\u00e7\u00e3o\" \/>\n\t<meta name=\"twitter:label2\" content=\"Est. tempo de leitura\" \/>\n\t<meta name=\"twitter:data2\" content=\"3 minutos\" \/>\n<script type=\"application\/ld+json\" class=\"yoast-schema-graph\">{\"@context\":\"https:\\\/\\\/schema.org\",\"@graph\":[{\"@type\":\"Article\",\"@id\":\"https:\\\/\\\/www.notibras.com\\\/site\\\/dino-quer-saber-por-que-rio-de-dinheiro-contra-seca-tem-virado-riacho\\\/#article\",\"isPartOf\":{\"@id\":\"https:\\\/\\\/www.notibras.com\\\/site\\\/dino-quer-saber-por-que-rio-de-dinheiro-contra-seca-tem-virado-riacho\\\/\"},\"author\":{\"name\":\"Reda\u00e7\u00e3o\",\"@id\":\"https:\\\/\\\/www.notibras.com\\\/site\\\/#\\\/schema\\\/person\\\/36ab0979449956132d3e5b517ea76ac8\"},\"headline\":\"Dino quer saber por que rio de dinheiro contra seca tem virado riacho\",\"datePublished\":\"2025-12-02T16:11:54+00:00\",\"dateModified\":\"2025-12-02T16:31:25+00:00\",\"mainEntityOfPage\":{\"@id\":\"https:\\\/\\\/www.notibras.com\\\/site\\\/dino-quer-saber-por-que-rio-de-dinheiro-contra-seca-tem-virado-riacho\\\/\"},\"wordCount\":384,\"publisher\":{\"@id\":\"https:\\\/\\\/www.notibras.com\\\/site\\\/#organization\"},\"image\":{\"@id\":\"https:\\\/\\\/www.notibras.com\\\/site\\\/dino-quer-saber-por-que-rio-de-dinheiro-contra-seca-tem-virado-riacho\\\/#primaryimage\"},\"thumbnailUrl\":\"https:\\\/\\\/www.notibras.com\\\/site\\\/wp-content\\\/uploads\\\/2017\\\/09\\\/seca_no_nordeste.jpg\",\"keywords\":[\"capa\"],\"articleSection\":[\"Nordeste\"],\"inLanguage\":\"pt-BR\"},{\"@type\":\"WebPage\",\"@id\":\"https:\\\/\\\/www.notibras.com\\\/site\\\/dino-quer-saber-por-que-rio-de-dinheiro-contra-seca-tem-virado-riacho\\\/\",\"url\":\"https:\\\/\\\/www.notibras.com\\\/site\\\/dino-quer-saber-por-que-rio-de-dinheiro-contra-seca-tem-virado-riacho\\\/\",\"name\":\"Dino quer saber por que rio de dinheiro contra seca tem virado riacho - Notibras\",\"isPartOf\":{\"@id\":\"https:\\\/\\\/www.notibras.com\\\/site\\\/#website\"},\"primaryImageOfPage\":{\"@id\":\"https:\\\/\\\/www.notibras.com\\\/site\\\/dino-quer-saber-por-que-rio-de-dinheiro-contra-seca-tem-virado-riacho\\\/#primaryimage\"},\"image\":{\"@id\":\"https:\\\/\\\/www.notibras.com\\\/site\\\/dino-quer-saber-por-que-rio-de-dinheiro-contra-seca-tem-virado-riacho\\\/#primaryimage\"},\"thumbnailUrl\":\"https:\\\/\\\/www.notibras.com\\\/site\\\/wp-content\\\/uploads\\\/2017\\\/09\\\/seca_no_nordeste.jpg\",\"datePublished\":\"2025-12-02T16:11:54+00:00\",\"dateModified\":\"2025-12-02T16:31:25+00:00\",\"breadcrumb\":{\"@id\":\"https:\\\/\\\/www.notibras.com\\\/site\\\/dino-quer-saber-por-que-rio-de-dinheiro-contra-seca-tem-virado-riacho\\\/#breadcrumb\"},\"inLanguage\":\"pt-BR\",\"potentialAction\":[{\"@type\":\"ReadAction\",\"target\":[\"https:\\\/\\\/www.notibras.com\\\/site\\\/dino-quer-saber-por-que-rio-de-dinheiro-contra-seca-tem-virado-riacho\\\/\"]}]},{\"@type\":\"ImageObject\",\"inLanguage\":\"pt-BR\",\"@id\":\"https:\\\/\\\/www.notibras.com\\\/site\\\/dino-quer-saber-por-que-rio-de-dinheiro-contra-seca-tem-virado-riacho\\\/#primaryimage\",\"url\":\"https:\\\/\\\/www.notibras.com\\\/site\\\/wp-content\\\/uploads\\\/2017\\\/09\\\/seca_no_nordeste.jpg\",\"contentUrl\":\"https:\\\/\\\/www.notibras.com\\\/site\\\/wp-content\\\/uploads\\\/2017\\\/09\\\/seca_no_nordeste.jpg\",\"width\":1235,\"height\":822},{\"@type\":\"BreadcrumbList\",\"@id\":\"https:\\\/\\\/www.notibras.com\\\/site\\\/dino-quer-saber-por-que-rio-de-dinheiro-contra-seca-tem-virado-riacho\\\/#breadcrumb\",\"itemListElement\":[{\"@type\":\"ListItem\",\"position\":1,\"name\":\"In\u00edcio\",\"item\":\"https:\\\/\\\/www.notibras.com\\\/site\\\/\"},{\"@type\":\"ListItem\",\"position\":2,\"name\":\"Dino quer saber por que rio de dinheiro contra seca tem virado riacho\"}]},{\"@type\":\"WebSite\",\"@id\":\"https:\\\/\\\/www.notibras.com\\\/site\\\/#website\",\"url\":\"https:\\\/\\\/www.notibras.com\\\/site\\\/\",\"name\":\"Notibras\",\"description\":\"Not\u00edcias de Bras\u00edlia, do Brasil e do Mundo\",\"publisher\":{\"@id\":\"https:\\\/\\\/www.notibras.com\\\/site\\\/#organization\"},\"potentialAction\":[{\"@type\":\"SearchAction\",\"target\":{\"@type\":\"EntryPoint\",\"urlTemplate\":\"https:\\\/\\\/www.notibras.com\\\/site\\\/?s={search_term_string}\"},\"query-input\":{\"@type\":\"PropertyValueSpecification\",\"valueRequired\":true,\"valueName\":\"search_term_string\"}}],\"inLanguage\":\"pt-BR\"},{\"@type\":\"Organization\",\"@id\":\"https:\\\/\\\/www.notibras.com\\\/site\\\/#organization\",\"name\":\"Grupo Notibras de Comunica\u00e7\u00e3o\",\"url\":\"https:\\\/\\\/www.notibras.com\\\/site\\\/\",\"logo\":{\"@type\":\"ImageObject\",\"inLanguage\":\"pt-BR\",\"@id\":\"https:\\\/\\\/www.notibras.com\\\/site\\\/#\\\/schema\\\/logo\\\/image\\\/\",\"url\":\"https:\\\/\\\/www.notibras.com\\\/site\\\/wp-content\\\/uploads\\\/2023\\\/01\\\/notibras23.png\",\"contentUrl\":\"https:\\\/\\\/www.notibras.com\\\/site\\\/wp-content\\\/uploads\\\/2023\\\/01\\\/notibras23.png\",\"width\":350,\"height\":87,\"caption\":\"Grupo Notibras de Comunica\u00e7\u00e3o\"},\"image\":{\"@id\":\"https:\\\/\\\/www.notibras.com\\\/site\\\/#\\\/schema\\\/logo\\\/image\\\/\"},\"sameAs\":[\"https:\\\/\\\/www.facebook.com\\\/notibras\\\/\",\"https:\\\/\\\/x.com\\\/Notibras\",\"https:\\\/\\\/www.instagram.com\\\/notibras\\\/\"]},{\"@type\":\"Person\",\"@id\":\"https:\\\/\\\/www.notibras.com\\\/site\\\/#\\\/schema\\\/person\\\/36ab0979449956132d3e5b517ea76ac8\",\"name\":\"Reda\u00e7\u00e3o\",\"image\":{\"@type\":\"ImageObject\",\"inLanguage\":\"pt-BR\",\"@id\":\"https:\\\/\\\/secure.gravatar.com\\\/avatar\\\/e0a867bdedb85fd243eadf09663511f96fc81e0720a4a42581f334ad4303aa6b?s=96&d=mm&r=g\",\"url\":\"https:\\\/\\\/secure.gravatar.com\\\/avatar\\\/e0a867bdedb85fd243eadf09663511f96fc81e0720a4a42581f334ad4303aa6b?s=96&d=mm&r=g\",\"contentUrl\":\"https:\\\/\\\/secure.gravatar.com\\\/avatar\\\/e0a867bdedb85fd243eadf09663511f96fc81e0720a4a42581f334ad4303aa6b?s=96&d=mm&r=g\",\"caption\":\"Reda\u00e7\u00e3o\"}}]}<\/script>\n<!-- \/ Yoast SEO plugin. -->","yoast_head_json":{"title":"Dino quer saber por que rio de dinheiro contra seca tem virado riacho - Notibras","robots":{"index":"index","follow":"follow","max-snippet":"max-snippet:-1","max-image-preview":"max-image-preview:large","max-video-preview":"max-video-preview:-1"},"canonical":"https:\/\/www.notibras.com\/site\/dino-quer-saber-por-que-rio-de-dinheiro-contra-seca-tem-virado-riacho\/","og_locale":"pt_BR","og_type":"article","og_title":"Dino quer saber por que rio de dinheiro contra seca tem virado riacho - Notibras","og_description":"O ministro Fl\u00e1vio Dino, do Supremo Tribunal Federal (STF), deu cinco dias para que a C\u00e2mara dos Deputados, o Senado e o governo federal expliquem as irregularidades investigadas no Departamento Nacional de Obras Contra as Secas (Dnocs). Na \u00faltima semana o ministro autorizou uma opera\u00e7\u00e3o da Pol\u00edcia Federal (PF) para apurar o desvio que podem [&hellip;]","og_url":"https:\/\/www.notibras.com\/site\/dino-quer-saber-por-que-rio-de-dinheiro-contra-seca-tem-virado-riacho\/","og_site_name":"Notibras","article_publisher":"https:\/\/www.facebook.com\/notibras\/","article_published_time":"2025-12-02T16:11:54+00:00","article_modified_time":"2025-12-02T16:31:25+00:00","og_image":[{"width":1235,"height":822,"url":"https:\/\/www.notibras.com\/site\/wp-content\/uploads\/2017\/09\/seca_no_nordeste.jpg","type":"image\/jpeg"}],"author":"Reda\u00e7\u00e3o","twitter_card":"summary_large_image","twitter_creator":"@Notibras","twitter_site":"@Notibras","twitter_misc":{"Escrito por":"Reda\u00e7\u00e3o","Est. tempo de leitura":"3 minutos"},"schema":{"@context":"https:\/\/schema.org","@graph":[{"@type":"Article","@id":"https:\/\/www.notibras.com\/site\/dino-quer-saber-por-que-rio-de-dinheiro-contra-seca-tem-virado-riacho\/#article","isPartOf":{"@id":"https:\/\/www.notibras.com\/site\/dino-quer-saber-por-que-rio-de-dinheiro-contra-seca-tem-virado-riacho\/"},"author":{"name":"Reda\u00e7\u00e3o","@id":"https:\/\/www.notibras.com\/site\/#\/schema\/person\/36ab0979449956132d3e5b517ea76ac8"},"headline":"Dino quer saber por que rio de dinheiro contra seca tem virado riacho","datePublished":"2025-12-02T16:11:54+00:00","dateModified":"2025-12-02T16:31:25+00:00","mainEntityOfPage":{"@id":"https:\/\/www.notibras.com\/site\/dino-quer-saber-por-que-rio-de-dinheiro-contra-seca-tem-virado-riacho\/"},"wordCount":384,"publisher":{"@id":"https:\/\/www.notibras.com\/site\/#organization"},"image":{"@id":"https:\/\/www.notibras.com\/site\/dino-quer-saber-por-que-rio-de-dinheiro-contra-seca-tem-virado-riacho\/#primaryimage"},"thumbnailUrl":"https:\/\/www.notibras.com\/site\/wp-content\/uploads\/2017\/09\/seca_no_nordeste.jpg","keywords":["capa"],"articleSection":["Nordeste"],"inLanguage":"pt-BR"},{"@type":"WebPage","@id":"https:\/\/www.notibras.com\/site\/dino-quer-saber-por-que-rio-de-dinheiro-contra-seca-tem-virado-riacho\/","url":"https:\/\/www.notibras.com\/site\/dino-quer-saber-por-que-rio-de-dinheiro-contra-seca-tem-virado-riacho\/","name":"Dino quer saber por que rio de dinheiro contra seca tem virado riacho - Notibras","isPartOf":{"@id":"https:\/\/www.notibras.com\/site\/#website"},"primaryImageOfPage":{"@id":"https:\/\/www.notibras.com\/site\/dino-quer-saber-por-que-rio-de-dinheiro-contra-seca-tem-virado-riacho\/#primaryimage"},"image":{"@id":"https:\/\/www.notibras.com\/site\/dino-quer-saber-por-que-rio-de-dinheiro-contra-seca-tem-virado-riacho\/#primaryimage"},"thumbnailUrl":"https:\/\/www.notibras.com\/site\/wp-content\/uploads\/2017\/09\/seca_no_nordeste.jpg","datePublished":"2025-12-02T16:11:54+00:00","dateModified":"2025-12-02T16:31:25+00:00","breadcrumb":{"@id":"https:\/\/www.notibras.com\/site\/dino-quer-saber-por-que-rio-de-dinheiro-contra-seca-tem-virado-riacho\/#breadcrumb"},"inLanguage":"pt-BR","potentialAction":[{"@type":"ReadAction","target":["https:\/\/www.notibras.com\/site\/dino-quer-saber-por-que-rio-de-dinheiro-contra-seca-tem-virado-riacho\/"]}]},{"@type":"ImageObject","inLanguage":"pt-BR","@id":"https:\/\/www.notibras.com\/site\/dino-quer-saber-por-que-rio-de-dinheiro-contra-seca-tem-virado-riacho\/#primaryimage","url":"https:\/\/www.notibras.com\/site\/wp-content\/uploads\/2017\/09\/seca_no_nordeste.jpg","contentUrl":"https:\/\/www.notibras.com\/site\/wp-content\/uploads\/2017\/09\/seca_no_nordeste.jpg","width":1235,"height":822},{"@type":"BreadcrumbList","@id":"https:\/\/www.notibras.com\/site\/dino-quer-saber-por-que-rio-de-dinheiro-contra-seca-tem-virado-riacho\/#breadcrumb","itemListElement":[{"@type":"ListItem","position":1,"name":"In\u00edcio","item":"https:\/\/www.notibras.com\/site\/"},{"@type":"ListItem","position":2,"name":"Dino quer saber por que rio de dinheiro contra seca tem virado riacho"}]},{"@type":"WebSite","@id":"https:\/\/www.notibras.com\/site\/#website","url":"https:\/\/www.notibras.com\/site\/","name":"Notibras","description":"Not\u00edcias de Bras\u00edlia, do Brasil e do Mundo","publisher":{"@id":"https:\/\/www.notibras.com\/site\/#organization"},"potentialAction":[{"@type":"SearchAction","target":{"@type":"EntryPoint","urlTemplate":"https:\/\/www.notibras.com\/site\/?s={search_term_string}"},"query-input":{"@type":"PropertyValueSpecification","valueRequired":true,"valueName":"search_term_string"}}],"inLanguage":"pt-BR"},{"@type":"Organization","@id":"https:\/\/www.notibras.com\/site\/#organization","name":"Grupo Notibras de Comunica\u00e7\u00e3o","url":"https:\/\/www.notibras.com\/site\/","logo":{"@type":"ImageObject","inLanguage":"pt-BR","@id":"https:\/\/www.notibras.com\/site\/#\/schema\/logo\/image\/","url":"https:\/\/www.notibras.com\/site\/wp-content\/uploads\/2023\/01\/notibras23.png","contentUrl":"https:\/\/www.notibras.com\/site\/wp-content\/uploads\/2023\/01\/notibras23.png","width":350,"height":87,"caption":"Grupo Notibras de Comunica\u00e7\u00e3o"},"image":{"@id":"https:\/\/www.notibras.com\/site\/#\/schema\/logo\/image\/"},"sameAs":["https:\/\/www.facebook.com\/notibras\/","https:\/\/x.com\/Notibras","https:\/\/www.instagram.com\/notibras\/"]},{"@type":"Person","@id":"https:\/\/www.notibras.com\/site\/#\/schema\/person\/36ab0979449956132d3e5b517ea76ac8","name":"Reda\u00e7\u00e3o","image":{"@type":"ImageObject","inLanguage":"pt-BR","@id":"https:\/\/secure.gravatar.com\/avatar\/e0a867bdedb85fd243eadf09663511f96fc81e0720a4a42581f334ad4303aa6b?s=96&d=mm&r=g","url":"https:\/\/secure.gravatar.com\/avatar\/e0a867bdedb85fd243eadf09663511f96fc81e0720a4a42581f334ad4303aa6b?s=96&d=mm&r=g","contentUrl":"https:\/\/secure.gravatar.com\/avatar\/e0a867bdedb85fd243eadf09663511f96fc81e0720a4a42581f334ad4303aa6b?s=96&d=mm&r=g","caption":"Reda\u00e7\u00e3o"}}]}},"amp_enabled":true,"_links":{"self":[{"href":"https:\/\/www.notibras.com\/site\/wp-json\/wp\/v2\/posts\/373248","targetHints":{"allow":["GET"]}}],"collection":[{"href":"https:\/\/www.notibras.com\/site\/wp-json\/wp\/v2\/posts"}],"about":[{"href":"https:\/\/www.notibras.com\/site\/wp-json\/wp\/v2\/types\/post"}],"author":[{"embeddable":true,"href":"https:\/\/www.notibras.com\/site\/wp-json\/wp\/v2\/users\/2"}],"replies":[{"embeddable":true,"href":"https:\/\/www.notibras.com\/site\/wp-json\/wp\/v2\/comments?post=373248"}],"version-history":[{"count":2,"href":"https:\/\/www.notibras.com\/site\/wp-json\/wp\/v2\/posts\/373248\/revisions"}],"predecessor-version":[{"id":373250,"href":"https:\/\/www.notibras.com\/site\/wp-json\/wp\/v2\/posts\/373248\/revisions\/373250"}],"wp:featuredmedia":[{"embeddable":true,"href":"https:\/\/www.notibras.com\/site\/wp-json\/wp\/v2\/media\/153007"}],"wp:attachment":[{"href":"https:\/\/www.notibras.com\/site\/wp-json\/wp\/v2\/media?parent=373248"}],"wp:term":[{"taxonomy":"category","embeddable":true,"href":"https:\/\/www.notibras.com\/site\/wp-json\/wp\/v2\/categories?post=373248"},{"taxonomy":"post_tag","embeddable":true,"href":"https:\/\/www.notibras.com\/site\/wp-json\/wp\/v2\/tags?post=373248"}],"curies":[{"name":"wp","href":"https:\/\/api.w.org\/{rel}","templated":true}]}}