{"id":373358,"date":"2025-12-03T05:31:59","date_gmt":"2025-12-03T08:31:59","guid":{"rendered":"https:\/\/www.notibras.com\/site\/?p=373358"},"modified":"2025-12-03T05:36:01","modified_gmt":"2025-12-03T08:36:01","slug":"brasil-pais-que-faz-de-nero-milho-e-politicos-que-amam-o-e-as-chaves","status":"publish","type":"post","link":"https:\/\/www.notibras.com\/site\/brasil-pais-que-faz-de-nero-milho-e-politicos-que-amam-o-e-as-chaves\/","title":{"rendered":"Brasil, pa\u00eds que faz de Nero milho, e pol\u00edticos que amam (o e as) chaves"},"content":{"rendered":"<p>Ainda que separados por uma vogal, trocadilho e trocadalho significam a mesma coisa: um jogo de palavras com sons semelhantes, mas de significados distintos. Se querem a verdade, eles servem somente para criar um equ\u00edvoco divertido ou raivoso para quem l\u00ea ou escuta. Interessante \u00e9 a ambiguidade que produzem, pois costumam ser malditos e engra\u00e7ados ao mesmo tempo. \u00c9 o caso do nome escolhido para a sorveteria do sertanejo Michel Tel\u00f3: Ice Te Pego. Por raz\u00f5es de g\u00eanero musical, n\u00e3o tenho coragem de perguntar ao mo\u00e7o do acordeon se ele sabe o que faz um homem com a orelha encostada na pedra. Imagino que o sujeito esteja ouvindo arrocha, mas n\u00e3o provo. Por isso, n\u00e3o aprovo.<\/p>\n<p>Dos trocadilhos futebol\u00edsticos, o pior deles foi criado para definir o time que se \u201calimenta\u201d de um imperador: o Atl\u00e9ti comi Nero. Para quem j\u00e1 teve o Rei Dad\u00e1, o Galo Mineiro est\u00e1 mais para aquela ci\u00eancia que transforma cachorro em gato: Au que mia. Eita criatividade pai d\u2019\u00e9gua. Lembra o sentimentalismo do l\u00e1pis, aquele da ponta preta que ficou desapontado quando soube que o papel acabou. S\u00f3 n\u00e3o chorou porque logo transformaram a papelada em p\u00e1 vestida. Quanta besteirada. Pior \u00e9 algu\u00e9m telefonar querendo saber a raz\u00e3o pela qual n\u00e3o seria uma boa ideia um filme s\u00f3 sobre n\u00fameros. Mais do que \u00f3bvia, a resposta \u00e9 simples: porque seria uma m\u00e1 tem\u00e1tica.<\/p>\n<p>Bisbilhoteiro da vida alheia, dia desses quis saber de um apressado bombeiro o motivo de n\u00e3o gostar de andar. Do alto da Magirus, o soldado do fogo me disse de supet\u00e3o que \u00e9 por falta de tempo, pois, durante o plant\u00e3o e mesmo de folga, ele socorre. \u00c9 um argumento pra l\u00e1 de relevante, muito mais do que a alega\u00e7\u00e3o <em>irrelefante<\/em> de Dumbo para limpar as orelhas. Um Deus! \u00c9 o mesmo que dizer que a vaca foi para o espa\u00e7o para se encontrar com o v\u00e1cuo. Para quem j\u00e1 ouviu que uma partida de futebol entre cavalos terminou em patada, um dia ainda digo a meus netos que, infelizmente, Papai Noel n\u00e3o est\u00e1 mais em tren\u00f3s.<\/p>\n<p>Ruim de boca, mas bom de l\u00edngua, descobri cedo que o doce preferido dos \u00e1tomos \u00e9 o p\u00e9-de-mol\u00e9culas. Levei mais tempo para perceber que o seu vagem \u00e9 o legume que ningu\u00e9m consegue domesticar. Cansado do besteirol em que se transformou a pol\u00edtica de Davi Alcolumbre e de Hugo Motta, tenho preferido tomar uns goles. Como n\u00e3o uso bon\u00e9, mas o Cazuza, fui para o boteco paramentado com o casaco de veludo. Ou seria o do Bob Dylan? Degustando um vinho doce da Tail\u00e2ndia (fabricado em Taguatinga e engarrafado na Ceil\u00e2ndia), dei de cara com a Xuxa bebendo CaSasha. Surpreso, li no menu do bar que, ao contr\u00e1rio de minha prefer\u00eancia pelo vinho doce, a Deborah opta pelo Secco.<\/p>\n<p>Parei no posto de combust\u00edvel e o frentista quis saber se era gasolina ou \u00e1lcool. Respondi que tanto fazia e o rapaz, com cara de pastel de pera, uva ou ma\u00e7\u00e3, me informou sobre uma terceira op\u00e7\u00e3o. Qual? A mesma do Vin, o diesel. Optei por sair batido. Voltei para casa p\u00ea da vida. Liguei a TV para ver o Chapolin, mas logo o Alcolumbre gritou para o Hugo que queria Chaves. Pensei com meu bot\u00e3o em flor em antecipar a viagem do pr\u00f3ximo ano. S\u00f3 vou viajar em 2026, mas a Marjorie Estiano. Ent\u00e3o, malas para que as quero. N\u00e3o deixo para amanh\u00e3 o que posso fazer hoje. Afinal, todos morremos uma \u00fanica vez. S\u00f3 a Alanis Morrissette.<\/p>\n<p>Embora saiba que o Jack Sparrow, n\u00e3o espero mais um dia. Amanh\u00e3 eu volto para a malha\u00e7\u00e3o. Eu odeio academia, mas o Tim Maia. \u00c9 o lado pouco conhecido do s\u00edndico. E todo mundo j\u00e1 viu o Sebasti\u00e3o puxando ferro. Dizem que at\u00e9 o Clodovil. Como eu vim do barranco e o Luciano do Valle, me apressei a ser diferente de uma vassoura, equipamento dom\u00e9stico que detesta carat\u00ea porque j\u00e1 luta capoeira. Pelo sim, pelo n\u00e3o, sou igual \u00e0 M\u00e3e Terra, considerada a m\u00e3e mais brava do mundo. Querem ter certeza disso, mexam nos fio dela para ver. Resumindo o besteirol, no trocadilho da pol\u00edtica brasileira, sobra o trocadalho para o povo.<\/p>\n<p>&#8230;&#8230;&#8230;&#8230;&#8230;&#8230;&#8230;&#8230;&#8230;<\/p>\n<p><strong>Wenceslau Ara\u00fajo \u00e9 Editor-Chefe de Notibras<\/strong><\/p>\n","protected":false},"excerpt":{"rendered":"<p>Ainda que separados por uma vogal, trocadilho e trocadalho significam a mesma coisa: um jogo de palavras com sons semelhantes, mas de significados distintos. Se querem a verdade, eles servem somente para criar um equ\u00edvoco divertido ou raivoso para quem l\u00ea ou escuta. Interessante \u00e9 a ambiguidade que produzem, pois costumam ser malditos e engra\u00e7ados [&hellip;]<\/p>\n","protected":false},"author":2,"featured_media":373359,"comment_status":"closed","ping_status":"closed","sticky":false,"template":"","format":"standard","meta":{"_acf_changed":false,"footnotes":""},"categories":[16],"tags":[95],"class_list":["post-373358","post","type-post","status-publish","format-standard","has-post-thumbnail","hentry","category-brasil","tag-capa"],"acf":[],"yoast_head":"<!-- This site is optimized with the Yoast SEO plugin v27.5 - https:\/\/yoast.com\/product\/yoast-seo-wordpress\/ -->\n<title>Brasil, pa\u00eds que faz de Nero milho, e pol\u00edticos que amam (o e as) chaves - Notibras<\/title>\n<meta name=\"robots\" content=\"index, follow, max-snippet:-1, max-image-preview:large, max-video-preview:-1\" \/>\n<link rel=\"canonical\" href=\"https:\/\/www.notibras.com\/site\/brasil-pais-que-faz-de-nero-milho-e-politicos-que-amam-o-e-as-chaves\/\" \/>\n<meta property=\"og:locale\" content=\"pt_BR\" \/>\n<meta property=\"og:type\" content=\"article\" \/>\n<meta property=\"og:title\" content=\"Brasil, pa\u00eds que faz de Nero milho, e pol\u00edticos que amam (o e as) chaves - Notibras\" \/>\n<meta property=\"og:description\" content=\"Ainda que separados por uma vogal, trocadilho e trocadalho significam a mesma coisa: um jogo de palavras com sons semelhantes, mas de significados distintos. Se querem a verdade, eles servem somente para criar um equ\u00edvoco divertido ou raivoso para quem l\u00ea ou escuta. Interessante \u00e9 a ambiguidade que produzem, pois costumam ser malditos e engra\u00e7ados [&hellip;]\" \/>\n<meta property=\"og:url\" content=\"https:\/\/www.notibras.com\/site\/brasil-pais-que-faz-de-nero-milho-e-politicos-que-amam-o-e-as-chaves\/\" \/>\n<meta property=\"og:site_name\" content=\"Notibras\" \/>\n<meta property=\"article:publisher\" content=\"https:\/\/www.facebook.com\/notibras\/\" \/>\n<meta property=\"article:published_time\" content=\"2025-12-03T08:31:59+00:00\" \/>\n<meta property=\"article:modified_time\" content=\"2025-12-03T08:36:01+00:00\" \/>\n<meta property=\"og:image\" content=\"https:\/\/www.notibras.com\/site\/wp-content\/uploads\/2025\/12\/9066f5d0-95d5-4a9b-bd49-b06f95f1d51b.jpeg\" \/>\n\t<meta property=\"og:image:width\" content=\"1024\" \/>\n\t<meta property=\"og:image:height\" content=\"1024\" \/>\n\t<meta property=\"og:image:type\" content=\"image\/jpeg\" \/>\n<meta name=\"author\" content=\"Reda\u00e7\u00e3o\" \/>\n<meta name=\"twitter:card\" content=\"summary_large_image\" \/>\n<meta name=\"twitter:creator\" content=\"@Notibras\" \/>\n<meta name=\"twitter:site\" content=\"@Notibras\" \/>\n<meta name=\"twitter:label1\" content=\"Escrito por\" \/>\n\t<meta name=\"twitter:data1\" content=\"Reda\u00e7\u00e3o\" \/>\n\t<meta name=\"twitter:label2\" content=\"Est. tempo de leitura\" \/>\n\t<meta name=\"twitter:data2\" content=\"5 minutos\" \/>\n<script type=\"application\/ld+json\" class=\"yoast-schema-graph\">{\"@context\":\"https:\\\/\\\/schema.org\",\"@graph\":[{\"@type\":\"Article\",\"@id\":\"https:\\\/\\\/www.notibras.com\\\/site\\\/brasil-pais-que-faz-de-nero-milho-e-politicos-que-amam-o-e-as-chaves\\\/#article\",\"isPartOf\":{\"@id\":\"https:\\\/\\\/www.notibras.com\\\/site\\\/brasil-pais-que-faz-de-nero-milho-e-politicos-que-amam-o-e-as-chaves\\\/\"},\"author\":{\"name\":\"Reda\u00e7\u00e3o\",\"@id\":\"https:\\\/\\\/www.notibras.com\\\/site\\\/#\\\/schema\\\/person\\\/36ab0979449956132d3e5b517ea76ac8\"},\"headline\":\"Brasil, pa\u00eds que faz de Nero milho, e pol\u00edticos que amam (o e as) chaves\",\"datePublished\":\"2025-12-03T08:31:59+00:00\",\"dateModified\":\"2025-12-03T08:36:01+00:00\",\"mainEntityOfPage\":{\"@id\":\"https:\\\/\\\/www.notibras.com\\\/site\\\/brasil-pais-que-faz-de-nero-milho-e-politicos-que-amam-o-e-as-chaves\\\/\"},\"wordCount\":759,\"publisher\":{\"@id\":\"https:\\\/\\\/www.notibras.com\\\/site\\\/#organization\"},\"image\":{\"@id\":\"https:\\\/\\\/www.notibras.com\\\/site\\\/brasil-pais-que-faz-de-nero-milho-e-politicos-que-amam-o-e-as-chaves\\\/#primaryimage\"},\"thumbnailUrl\":\"https:\\\/\\\/www.notibras.com\\\/site\\\/wp-content\\\/uploads\\\/2025\\\/12\\\/9066f5d0-95d5-4a9b-bd49-b06f95f1d51b.jpeg\",\"keywords\":[\"capa\"],\"articleSection\":[\"Brasil\"],\"inLanguage\":\"pt-BR\"},{\"@type\":\"WebPage\",\"@id\":\"https:\\\/\\\/www.notibras.com\\\/site\\\/brasil-pais-que-faz-de-nero-milho-e-politicos-que-amam-o-e-as-chaves\\\/\",\"url\":\"https:\\\/\\\/www.notibras.com\\\/site\\\/brasil-pais-que-faz-de-nero-milho-e-politicos-que-amam-o-e-as-chaves\\\/\",\"name\":\"Brasil, pa\u00eds que faz de Nero milho, e pol\u00edticos que amam (o e as) chaves - Notibras\",\"isPartOf\":{\"@id\":\"https:\\\/\\\/www.notibras.com\\\/site\\\/#website\"},\"primaryImageOfPage\":{\"@id\":\"https:\\\/\\\/www.notibras.com\\\/site\\\/brasil-pais-que-faz-de-nero-milho-e-politicos-que-amam-o-e-as-chaves\\\/#primaryimage\"},\"image\":{\"@id\":\"https:\\\/\\\/www.notibras.com\\\/site\\\/brasil-pais-que-faz-de-nero-milho-e-politicos-que-amam-o-e-as-chaves\\\/#primaryimage\"},\"thumbnailUrl\":\"https:\\\/\\\/www.notibras.com\\\/site\\\/wp-content\\\/uploads\\\/2025\\\/12\\\/9066f5d0-95d5-4a9b-bd49-b06f95f1d51b.jpeg\",\"datePublished\":\"2025-12-03T08:31:59+00:00\",\"dateModified\":\"2025-12-03T08:36:01+00:00\",\"breadcrumb\":{\"@id\":\"https:\\\/\\\/www.notibras.com\\\/site\\\/brasil-pais-que-faz-de-nero-milho-e-politicos-que-amam-o-e-as-chaves\\\/#breadcrumb\"},\"inLanguage\":\"pt-BR\",\"potentialAction\":[{\"@type\":\"ReadAction\",\"target\":[\"https:\\\/\\\/www.notibras.com\\\/site\\\/brasil-pais-que-faz-de-nero-milho-e-politicos-que-amam-o-e-as-chaves\\\/\"]}]},{\"@type\":\"ImageObject\",\"inLanguage\":\"pt-BR\",\"@id\":\"https:\\\/\\\/www.notibras.com\\\/site\\\/brasil-pais-que-faz-de-nero-milho-e-politicos-que-amam-o-e-as-chaves\\\/#primaryimage\",\"url\":\"https:\\\/\\\/www.notibras.com\\\/site\\\/wp-content\\\/uploads\\\/2025\\\/12\\\/9066f5d0-95d5-4a9b-bd49-b06f95f1d51b.jpeg\",\"contentUrl\":\"https:\\\/\\\/www.notibras.com\\\/site\\\/wp-content\\\/uploads\\\/2025\\\/12\\\/9066f5d0-95d5-4a9b-bd49-b06f95f1d51b.jpeg\",\"width\":1024,\"height\":1024},{\"@type\":\"BreadcrumbList\",\"@id\":\"https:\\\/\\\/www.notibras.com\\\/site\\\/brasil-pais-que-faz-de-nero-milho-e-politicos-que-amam-o-e-as-chaves\\\/#breadcrumb\",\"itemListElement\":[{\"@type\":\"ListItem\",\"position\":1,\"name\":\"In\u00edcio\",\"item\":\"https:\\\/\\\/www.notibras.com\\\/site\\\/\"},{\"@type\":\"ListItem\",\"position\":2,\"name\":\"Brasil, pa\u00eds que faz de Nero milho, e pol\u00edticos que amam (o e as) chaves\"}]},{\"@type\":\"WebSite\",\"@id\":\"https:\\\/\\\/www.notibras.com\\\/site\\\/#website\",\"url\":\"https:\\\/\\\/www.notibras.com\\\/site\\\/\",\"name\":\"Notibras\",\"description\":\"Not\u00edcias de Bras\u00edlia, do Brasil e do Mundo\",\"publisher\":{\"@id\":\"https:\\\/\\\/www.notibras.com\\\/site\\\/#organization\"},\"potentialAction\":[{\"@type\":\"SearchAction\",\"target\":{\"@type\":\"EntryPoint\",\"urlTemplate\":\"https:\\\/\\\/www.notibras.com\\\/site\\\/?s={search_term_string}\"},\"query-input\":{\"@type\":\"PropertyValueSpecification\",\"valueRequired\":true,\"valueName\":\"search_term_string\"}}],\"inLanguage\":\"pt-BR\"},{\"@type\":\"Organization\",\"@id\":\"https:\\\/\\\/www.notibras.com\\\/site\\\/#organization\",\"name\":\"Grupo Notibras de Comunica\u00e7\u00e3o\",\"url\":\"https:\\\/\\\/www.notibras.com\\\/site\\\/\",\"logo\":{\"@type\":\"ImageObject\",\"inLanguage\":\"pt-BR\",\"@id\":\"https:\\\/\\\/www.notibras.com\\\/site\\\/#\\\/schema\\\/logo\\\/image\\\/\",\"url\":\"https:\\\/\\\/www.notibras.com\\\/site\\\/wp-content\\\/uploads\\\/2023\\\/01\\\/notibras23.png\",\"contentUrl\":\"https:\\\/\\\/www.notibras.com\\\/site\\\/wp-content\\\/uploads\\\/2023\\\/01\\\/notibras23.png\",\"width\":350,\"height\":87,\"caption\":\"Grupo Notibras de Comunica\u00e7\u00e3o\"},\"image\":{\"@id\":\"https:\\\/\\\/www.notibras.com\\\/site\\\/#\\\/schema\\\/logo\\\/image\\\/\"},\"sameAs\":[\"https:\\\/\\\/www.facebook.com\\\/notibras\\\/\",\"https:\\\/\\\/x.com\\\/Notibras\",\"https:\\\/\\\/www.instagram.com\\\/notibras\\\/\"]},{\"@type\":\"Person\",\"@id\":\"https:\\\/\\\/www.notibras.com\\\/site\\\/#\\\/schema\\\/person\\\/36ab0979449956132d3e5b517ea76ac8\",\"name\":\"Reda\u00e7\u00e3o\",\"image\":{\"@type\":\"ImageObject\",\"inLanguage\":\"pt-BR\",\"@id\":\"https:\\\/\\\/secure.gravatar.com\\\/avatar\\\/e0a867bdedb85fd243eadf09663511f96fc81e0720a4a42581f334ad4303aa6b?s=96&d=mm&r=g\",\"url\":\"https:\\\/\\\/secure.gravatar.com\\\/avatar\\\/e0a867bdedb85fd243eadf09663511f96fc81e0720a4a42581f334ad4303aa6b?s=96&d=mm&r=g\",\"contentUrl\":\"https:\\\/\\\/secure.gravatar.com\\\/avatar\\\/e0a867bdedb85fd243eadf09663511f96fc81e0720a4a42581f334ad4303aa6b?s=96&d=mm&r=g\",\"caption\":\"Reda\u00e7\u00e3o\"}}]}<\/script>\n<!-- \/ Yoast SEO plugin. -->","yoast_head_json":{"title":"Brasil, pa\u00eds que faz de Nero milho, e pol\u00edticos que amam (o e as) chaves - Notibras","robots":{"index":"index","follow":"follow","max-snippet":"max-snippet:-1","max-image-preview":"max-image-preview:large","max-video-preview":"max-video-preview:-1"},"canonical":"https:\/\/www.notibras.com\/site\/brasil-pais-que-faz-de-nero-milho-e-politicos-que-amam-o-e-as-chaves\/","og_locale":"pt_BR","og_type":"article","og_title":"Brasil, pa\u00eds que faz de Nero milho, e pol\u00edticos que amam (o e as) chaves - Notibras","og_description":"Ainda que separados por uma vogal, trocadilho e trocadalho significam a mesma coisa: um jogo de palavras com sons semelhantes, mas de significados distintos. Se querem a verdade, eles servem somente para criar um equ\u00edvoco divertido ou raivoso para quem l\u00ea ou escuta. Interessante \u00e9 a ambiguidade que produzem, pois costumam ser malditos e engra\u00e7ados [&hellip;]","og_url":"https:\/\/www.notibras.com\/site\/brasil-pais-que-faz-de-nero-milho-e-politicos-que-amam-o-e-as-chaves\/","og_site_name":"Notibras","article_publisher":"https:\/\/www.facebook.com\/notibras\/","article_published_time":"2025-12-03T08:31:59+00:00","article_modified_time":"2025-12-03T08:36:01+00:00","og_image":[{"width":1024,"height":1024,"url":"https:\/\/www.notibras.com\/site\/wp-content\/uploads\/2025\/12\/9066f5d0-95d5-4a9b-bd49-b06f95f1d51b.jpeg","type":"image\/jpeg"}],"author":"Reda\u00e7\u00e3o","twitter_card":"summary_large_image","twitter_creator":"@Notibras","twitter_site":"@Notibras","twitter_misc":{"Escrito por":"Reda\u00e7\u00e3o","Est. tempo de leitura":"5 minutos"},"schema":{"@context":"https:\/\/schema.org","@graph":[{"@type":"Article","@id":"https:\/\/www.notibras.com\/site\/brasil-pais-que-faz-de-nero-milho-e-politicos-que-amam-o-e-as-chaves\/#article","isPartOf":{"@id":"https:\/\/www.notibras.com\/site\/brasil-pais-que-faz-de-nero-milho-e-politicos-que-amam-o-e-as-chaves\/"},"author":{"name":"Reda\u00e7\u00e3o","@id":"https:\/\/www.notibras.com\/site\/#\/schema\/person\/36ab0979449956132d3e5b517ea76ac8"},"headline":"Brasil, pa\u00eds que faz de Nero milho, e pol\u00edticos que amam (o e as) chaves","datePublished":"2025-12-03T08:31:59+00:00","dateModified":"2025-12-03T08:36:01+00:00","mainEntityOfPage":{"@id":"https:\/\/www.notibras.com\/site\/brasil-pais-que-faz-de-nero-milho-e-politicos-que-amam-o-e-as-chaves\/"},"wordCount":759,"publisher":{"@id":"https:\/\/www.notibras.com\/site\/#organization"},"image":{"@id":"https:\/\/www.notibras.com\/site\/brasil-pais-que-faz-de-nero-milho-e-politicos-que-amam-o-e-as-chaves\/#primaryimage"},"thumbnailUrl":"https:\/\/www.notibras.com\/site\/wp-content\/uploads\/2025\/12\/9066f5d0-95d5-4a9b-bd49-b06f95f1d51b.jpeg","keywords":["capa"],"articleSection":["Brasil"],"inLanguage":"pt-BR"},{"@type":"WebPage","@id":"https:\/\/www.notibras.com\/site\/brasil-pais-que-faz-de-nero-milho-e-politicos-que-amam-o-e-as-chaves\/","url":"https:\/\/www.notibras.com\/site\/brasil-pais-que-faz-de-nero-milho-e-politicos-que-amam-o-e-as-chaves\/","name":"Brasil, pa\u00eds que faz de Nero milho, e pol\u00edticos que amam (o e as) chaves - Notibras","isPartOf":{"@id":"https:\/\/www.notibras.com\/site\/#website"},"primaryImageOfPage":{"@id":"https:\/\/www.notibras.com\/site\/brasil-pais-que-faz-de-nero-milho-e-politicos-que-amam-o-e-as-chaves\/#primaryimage"},"image":{"@id":"https:\/\/www.notibras.com\/site\/brasil-pais-que-faz-de-nero-milho-e-politicos-que-amam-o-e-as-chaves\/#primaryimage"},"thumbnailUrl":"https:\/\/www.notibras.com\/site\/wp-content\/uploads\/2025\/12\/9066f5d0-95d5-4a9b-bd49-b06f95f1d51b.jpeg","datePublished":"2025-12-03T08:31:59+00:00","dateModified":"2025-12-03T08:36:01+00:00","breadcrumb":{"@id":"https:\/\/www.notibras.com\/site\/brasil-pais-que-faz-de-nero-milho-e-politicos-que-amam-o-e-as-chaves\/#breadcrumb"},"inLanguage":"pt-BR","potentialAction":[{"@type":"ReadAction","target":["https:\/\/www.notibras.com\/site\/brasil-pais-que-faz-de-nero-milho-e-politicos-que-amam-o-e-as-chaves\/"]}]},{"@type":"ImageObject","inLanguage":"pt-BR","@id":"https:\/\/www.notibras.com\/site\/brasil-pais-que-faz-de-nero-milho-e-politicos-que-amam-o-e-as-chaves\/#primaryimage","url":"https:\/\/www.notibras.com\/site\/wp-content\/uploads\/2025\/12\/9066f5d0-95d5-4a9b-bd49-b06f95f1d51b.jpeg","contentUrl":"https:\/\/www.notibras.com\/site\/wp-content\/uploads\/2025\/12\/9066f5d0-95d5-4a9b-bd49-b06f95f1d51b.jpeg","width":1024,"height":1024},{"@type":"BreadcrumbList","@id":"https:\/\/www.notibras.com\/site\/brasil-pais-que-faz-de-nero-milho-e-politicos-que-amam-o-e-as-chaves\/#breadcrumb","itemListElement":[{"@type":"ListItem","position":1,"name":"In\u00edcio","item":"https:\/\/www.notibras.com\/site\/"},{"@type":"ListItem","position":2,"name":"Brasil, pa\u00eds que faz de Nero milho, e pol\u00edticos que amam (o e as) chaves"}]},{"@type":"WebSite","@id":"https:\/\/www.notibras.com\/site\/#website","url":"https:\/\/www.notibras.com\/site\/","name":"Notibras","description":"Not\u00edcias de Bras\u00edlia, do Brasil e do Mundo","publisher":{"@id":"https:\/\/www.notibras.com\/site\/#organization"},"potentialAction":[{"@type":"SearchAction","target":{"@type":"EntryPoint","urlTemplate":"https:\/\/www.notibras.com\/site\/?s={search_term_string}"},"query-input":{"@type":"PropertyValueSpecification","valueRequired":true,"valueName":"search_term_string"}}],"inLanguage":"pt-BR"},{"@type":"Organization","@id":"https:\/\/www.notibras.com\/site\/#organization","name":"Grupo Notibras de Comunica\u00e7\u00e3o","url":"https:\/\/www.notibras.com\/site\/","logo":{"@type":"ImageObject","inLanguage":"pt-BR","@id":"https:\/\/www.notibras.com\/site\/#\/schema\/logo\/image\/","url":"https:\/\/www.notibras.com\/site\/wp-content\/uploads\/2023\/01\/notibras23.png","contentUrl":"https:\/\/www.notibras.com\/site\/wp-content\/uploads\/2023\/01\/notibras23.png","width":350,"height":87,"caption":"Grupo Notibras de Comunica\u00e7\u00e3o"},"image":{"@id":"https:\/\/www.notibras.com\/site\/#\/schema\/logo\/image\/"},"sameAs":["https:\/\/www.facebook.com\/notibras\/","https:\/\/x.com\/Notibras","https:\/\/www.instagram.com\/notibras\/"]},{"@type":"Person","@id":"https:\/\/www.notibras.com\/site\/#\/schema\/person\/36ab0979449956132d3e5b517ea76ac8","name":"Reda\u00e7\u00e3o","image":{"@type":"ImageObject","inLanguage":"pt-BR","@id":"https:\/\/secure.gravatar.com\/avatar\/e0a867bdedb85fd243eadf09663511f96fc81e0720a4a42581f334ad4303aa6b?s=96&d=mm&r=g","url":"https:\/\/secure.gravatar.com\/avatar\/e0a867bdedb85fd243eadf09663511f96fc81e0720a4a42581f334ad4303aa6b?s=96&d=mm&r=g","contentUrl":"https:\/\/secure.gravatar.com\/avatar\/e0a867bdedb85fd243eadf09663511f96fc81e0720a4a42581f334ad4303aa6b?s=96&d=mm&r=g","caption":"Reda\u00e7\u00e3o"}}]}},"amp_enabled":true,"_links":{"self":[{"href":"https:\/\/www.notibras.com\/site\/wp-json\/wp\/v2\/posts\/373358","targetHints":{"allow":["GET"]}}],"collection":[{"href":"https:\/\/www.notibras.com\/site\/wp-json\/wp\/v2\/posts"}],"about":[{"href":"https:\/\/www.notibras.com\/site\/wp-json\/wp\/v2\/types\/post"}],"author":[{"embeddable":true,"href":"https:\/\/www.notibras.com\/site\/wp-json\/wp\/v2\/users\/2"}],"replies":[{"embeddable":true,"href":"https:\/\/www.notibras.com\/site\/wp-json\/wp\/v2\/comments?post=373358"}],"version-history":[{"count":4,"href":"https:\/\/www.notibras.com\/site\/wp-json\/wp\/v2\/posts\/373358\/revisions"}],"predecessor-version":[{"id":373363,"href":"https:\/\/www.notibras.com\/site\/wp-json\/wp\/v2\/posts\/373358\/revisions\/373363"}],"wp:featuredmedia":[{"embeddable":true,"href":"https:\/\/www.notibras.com\/site\/wp-json\/wp\/v2\/media\/373359"}],"wp:attachment":[{"href":"https:\/\/www.notibras.com\/site\/wp-json\/wp\/v2\/media?parent=373358"}],"wp:term":[{"taxonomy":"category","embeddable":true,"href":"https:\/\/www.notibras.com\/site\/wp-json\/wp\/v2\/categories?post=373358"},{"taxonomy":"post_tag","embeddable":true,"href":"https:\/\/www.notibras.com\/site\/wp-json\/wp\/v2\/tags?post=373358"}],"curies":[{"name":"wp","href":"https:\/\/api.w.org\/{rel}","templated":true}]}}