{"id":37338,"date":"2015-02-17T04:16:49","date_gmt":"2015-02-17T07:16:49","guid":{"rendered":"http:\/\/www.notibras.com\/site\/?p=37338"},"modified":"2015-02-17T04:16:49","modified_gmt":"2015-02-17T07:16:49","slug":"visao-auto-corrosiva-de-um-pais-onde-e-proibido-ser-pequeno","status":"publish","type":"post","link":"https:\/\/www.notibras.com\/site\/visao-auto-corrosiva-de-um-pais-onde-e-proibido-ser-pequeno\/","title":{"rendered":"Vis\u00e3o auto corrosiva de um pa\u00eds onde \u00e9 proibido ser pequeno"},"content":{"rendered":"<p>A cultura ocidental, da acumula\u00e7\u00e3o, prega a ideia do crescimento, das coisas grandes, mas no Brasil essa vis\u00e3o ganhou dimens\u00e3o ainda mais forte na rela\u00e7\u00e3o do ser humano com a natureza. Nas aglomera\u00e7\u00f5es urbanas, nos neg\u00f3cios, nas moradias, em tudo est\u00e1 cravado um estigma: \u00e9 proibido ser pequeno.<\/p>\n<p>\u00c9 certo que a popula\u00e7\u00e3o brasileira aumenta freneticamente, por mais que haja um controle espont\u00e2neo da natalidade em parcela da sociedade. Estamos crescendo a taxas que resultam em quase tr\u00eas milh\u00f5es de novos viventes por ano.<\/p>\n<blockquote><p>Ou seja, todo ano adicionamos o equivalente a uma cidade de Salvador, a capital dos baianos, aos nossos \u00edndices. E a taxa de mortalidade segue o sentido inverso, como resultado dos avan\u00e7os cient\u00edfico-tecnol\u00f3gicos e da melhoria da qualidade de vida tupiniquim.<\/p><\/blockquote>\n<p>No entanto, esse fato n\u00e3o justifica o preconceito contra a dimens\u00e3o adequada dos elementos que comp\u00f5em a vida nos espa\u00e7os da Terra. A tecnologia deveria influir no rumo contr\u00e1rio, mas nem sempre \u00e9 assim, pois um de seus focos \u00e9 a redu\u00e7\u00e3o da presen\u00e7a humana na produ\u00e7\u00e3o de bens, por meio da automa\u00e7\u00e3o, nas cidades e no campo.<\/p>\n<p>Na \u00e1rea rural, as m\u00e1quinas substituem o bra\u00e7o humano nas lavouras, mas essas ficam cada vez maiores, tirando a terra do pequeno, que vai pras cidades virar sem-terra, sem-teto, sem-nada. H\u00e1 menos de cem anos, uma vaca dava um litro de leite por dia, mas agora d\u00e1 30 e mesmo assim a maioria dos ruralistas mant\u00eam a m\u00e9dia de uma r\u00eas por hectare de ch\u00e3o, como era um s\u00e9culo atr\u00e1s.<\/p>\n<p>Nas cidades, o empres\u00e1rio \u00e9 for\u00e7ado a expandir o seu neg\u00f3cio sem limites. O Servi\u00e7o Brasileiro de Apoio \u00e0s Micro e Pequenas Empresas (Sebrae), por exemplo, j\u00e1 nos seus estatutos determina que seu suporte visa fazer com que o micro deixe de ser micro.<\/p>\n<blockquote><p>O cara do carrinho de cachorro-quente tem que sonhar com um caminh\u00e3o truck lunch, sen\u00e3o n\u00e3o ter\u00e1 futuro. N\u00e3o interessa se o carrinho j\u00e1 lhe d\u00e1 um sustento digno.<\/p><\/blockquote>\n<p>Nas pr\u00f3prias moradias, as classes mais abastadas fazem casas, mans\u00f5es ou mesmo apartamentos enormes, exagerados, com c\u00f4modos desnecess\u00e1rios. \u00c9 comum vermos pessoas que raramente visitam partes de suas habita\u00e7\u00f5es \u2013 e nem se tocam que ao seu redor h\u00e1 milhares de fam\u00edlias que viveriam felizes naqueles espa\u00e7os vazios.<\/p>\n<p>As \u00e1reas urbanas, por sua vez, s\u00e3o acometidas de complexo de inferioridade se n\u00e3o tiverem novas ruas, novos bairros a cada ano, ainda que n\u00e3o tenham redes de \u00e1gua e esgoto, nem onde depositar lixo. Salvam-se algumas tombadas como patrim\u00f4nio hist\u00f3rico, como se apenas as coisas muito velhas representassem nossa hist\u00f3ria.<br \/>\nCom essa vol\u00fapia, l\u00e1 se v\u00e3o as \u00e1reas verdes, os cursos d\u2019\u00e1gua, lagoas, a fauna e a flora, enfim. Nem campos de pelada existem mais, tal a gan\u00e2ncia da especula\u00e7\u00e3o imobili\u00e1ria.<\/p>\n<p>O mais grave, no fim das contas, \u00e9 que a dimens\u00e3o da exist\u00eancia humana \u00e9 colocada nas apar\u00eancias, n\u00e3o em seu conte\u00fado ou consist\u00eancia. \u00c9, pois, uma vis\u00e3o auto corrosiva, sem grande porvir.<\/p>\n<p><strong>Jaime Sautchuk<\/strong><\/p>\n","protected":false},"excerpt":{"rendered":"<p>A cultura ocidental, da acumula\u00e7\u00e3o, prega a ideia do crescimento, das coisas grandes, mas no Brasil essa vis\u00e3o ganhou dimens\u00e3o ainda mais forte na rela\u00e7\u00e3o do ser humano com a natureza. Nas aglomera\u00e7\u00f5es urbanas, nos neg\u00f3cios, nas moradias, em tudo est\u00e1 cravado um estigma: \u00e9 proibido ser pequeno. \u00c9 certo que a popula\u00e7\u00e3o brasileira aumenta [&hellip;]<\/p>\n","protected":false},"author":2,"featured_media":37339,"comment_status":"open","ping_status":"closed","sticky":false,"template":"","format":"standard","meta":{"_acf_changed":false,"footnotes":""},"categories":[25],"tags":[],"class_list":["post-37338","post","type-post","status-publish","format-standard","has-post-thumbnail","hentry","category-opina-ai"],"acf":[],"yoast_head":"<!-- This site is optimized with the Yoast SEO plugin v27.2 - https:\/\/yoast.com\/product\/yoast-seo-wordpress\/ -->\n<title>Vis\u00e3o auto corrosiva de um pa\u00eds onde \u00e9 proibido ser pequeno - Notibras<\/title>\n<meta name=\"robots\" content=\"index, follow, max-snippet:-1, max-image-preview:large, max-video-preview:-1\" \/>\n<link rel=\"canonical\" href=\"https:\/\/www.notibras.com\/site\/visao-auto-corrosiva-de-um-pais-onde-e-proibido-ser-pequeno\/\" \/>\n<meta property=\"og:locale\" content=\"pt_BR\" \/>\n<meta property=\"og:type\" content=\"article\" \/>\n<meta property=\"og:title\" content=\"Vis\u00e3o auto corrosiva de um pa\u00eds onde \u00e9 proibido ser pequeno - Notibras\" \/>\n<meta property=\"og:description\" content=\"A cultura ocidental, da acumula\u00e7\u00e3o, prega a ideia do crescimento, das coisas grandes, mas no Brasil essa vis\u00e3o ganhou dimens\u00e3o ainda mais forte na rela\u00e7\u00e3o do ser humano com a natureza. Nas aglomera\u00e7\u00f5es urbanas, nos neg\u00f3cios, nas moradias, em tudo est\u00e1 cravado um estigma: \u00e9 proibido ser pequeno. \u00c9 certo que a popula\u00e7\u00e3o brasileira aumenta [&hellip;]\" \/>\n<meta property=\"og:url\" content=\"https:\/\/www.notibras.com\/site\/visao-auto-corrosiva-de-um-pais-onde-e-proibido-ser-pequeno\/\" \/>\n<meta property=\"og:site_name\" content=\"Notibras\" \/>\n<meta property=\"article:publisher\" content=\"https:\/\/www.facebook.com\/notibras\/\" \/>\n<meta property=\"article:published_time\" content=\"2015-02-17T07:16:49+00:00\" \/>\n<meta property=\"og:image\" content=\"https:\/\/www.notibras.com\/site\/wp-content\/uploads\/2015\/02\/carrinho_de_cachorro.jpg\" \/>\n\t<meta property=\"og:image:width\" content=\"400\" \/>\n\t<meta property=\"og:image:height\" content=\"300\" \/>\n\t<meta property=\"og:image:type\" content=\"image\/jpeg\" \/>\n<meta name=\"author\" content=\"Reda\u00e7\u00e3o\" \/>\n<meta name=\"twitter:card\" content=\"summary_large_image\" \/>\n<meta name=\"twitter:creator\" content=\"@Notibras\" \/>\n<meta name=\"twitter:site\" content=\"@Notibras\" \/>\n<meta name=\"twitter:label1\" content=\"Escrito por\" \/>\n\t<meta name=\"twitter:data1\" content=\"Reda\u00e7\u00e3o\" \/>\n\t<meta name=\"twitter:label2\" content=\"Est. tempo de leitura\" \/>\n\t<meta name=\"twitter:data2\" content=\"3 minutos\" \/>\n<script type=\"application\/ld+json\" class=\"yoast-schema-graph\">{\"@context\":\"https:\/\/schema.org\",\"@graph\":[{\"@type\":\"Article\",\"@id\":\"https:\/\/www.notibras.com\/site\/visao-auto-corrosiva-de-um-pais-onde-e-proibido-ser-pequeno\/#article\",\"isPartOf\":{\"@id\":\"https:\/\/www.notibras.com\/site\/visao-auto-corrosiva-de-um-pais-onde-e-proibido-ser-pequeno\/\"},\"author\":{\"name\":\"Reda\u00e7\u00e3o\",\"@id\":\"https:\/\/www.notibras.com\/site\/#\/schema\/person\/36ab0979449956132d3e5b517ea76ac8\"},\"headline\":\"Vis\u00e3o auto corrosiva de um pa\u00eds onde \u00e9 proibido ser pequeno\",\"datePublished\":\"2015-02-17T07:16:49+00:00\",\"mainEntityOfPage\":{\"@id\":\"https:\/\/www.notibras.com\/site\/visao-auto-corrosiva-de-um-pais-onde-e-proibido-ser-pequeno\/\"},\"wordCount\":556,\"commentCount\":0,\"publisher\":{\"@id\":\"https:\/\/www.notibras.com\/site\/#organization\"},\"image\":{\"@id\":\"https:\/\/www.notibras.com\/site\/visao-auto-corrosiva-de-um-pais-onde-e-proibido-ser-pequeno\/#primaryimage\"},\"thumbnailUrl\":\"https:\/\/www.notibras.com\/site\/wp-content\/uploads\/2015\/02\/carrinho_de_cachorro.jpg\",\"articleSection\":[\"Opina a\u00ed\"],\"inLanguage\":\"pt-BR\",\"potentialAction\":[{\"@type\":\"CommentAction\",\"name\":\"Comment\",\"target\":[\"https:\/\/www.notibras.com\/site\/visao-auto-corrosiva-de-um-pais-onde-e-proibido-ser-pequeno\/#respond\"]}]},{\"@type\":\"WebPage\",\"@id\":\"https:\/\/www.notibras.com\/site\/visao-auto-corrosiva-de-um-pais-onde-e-proibido-ser-pequeno\/\",\"url\":\"https:\/\/www.notibras.com\/site\/visao-auto-corrosiva-de-um-pais-onde-e-proibido-ser-pequeno\/\",\"name\":\"Vis\u00e3o auto corrosiva de um pa\u00eds onde \u00e9 proibido ser pequeno - Notibras\",\"isPartOf\":{\"@id\":\"https:\/\/www.notibras.com\/site\/#website\"},\"primaryImageOfPage\":{\"@id\":\"https:\/\/www.notibras.com\/site\/visao-auto-corrosiva-de-um-pais-onde-e-proibido-ser-pequeno\/#primaryimage\"},\"image\":{\"@id\":\"https:\/\/www.notibras.com\/site\/visao-auto-corrosiva-de-um-pais-onde-e-proibido-ser-pequeno\/#primaryimage\"},\"thumbnailUrl\":\"https:\/\/www.notibras.com\/site\/wp-content\/uploads\/2015\/02\/carrinho_de_cachorro.jpg\",\"datePublished\":\"2015-02-17T07:16:49+00:00\",\"breadcrumb\":{\"@id\":\"https:\/\/www.notibras.com\/site\/visao-auto-corrosiva-de-um-pais-onde-e-proibido-ser-pequeno\/#breadcrumb\"},\"inLanguage\":\"pt-BR\",\"potentialAction\":[{\"@type\":\"ReadAction\",\"target\":[\"https:\/\/www.notibras.com\/site\/visao-auto-corrosiva-de-um-pais-onde-e-proibido-ser-pequeno\/\"]}]},{\"@type\":\"ImageObject\",\"inLanguage\":\"pt-BR\",\"@id\":\"https:\/\/www.notibras.com\/site\/visao-auto-corrosiva-de-um-pais-onde-e-proibido-ser-pequeno\/#primaryimage\",\"url\":\"https:\/\/www.notibras.com\/site\/wp-content\/uploads\/2015\/02\/carrinho_de_cachorro.jpg\",\"contentUrl\":\"https:\/\/www.notibras.com\/site\/wp-content\/uploads\/2015\/02\/carrinho_de_cachorro.jpg\",\"width\":400,\"height\":300},{\"@type\":\"BreadcrumbList\",\"@id\":\"https:\/\/www.notibras.com\/site\/visao-auto-corrosiva-de-um-pais-onde-e-proibido-ser-pequeno\/#breadcrumb\",\"itemListElement\":[{\"@type\":\"ListItem\",\"position\":1,\"name\":\"In\u00edcio\",\"item\":\"https:\/\/www.notibras.com\/site\/\"},{\"@type\":\"ListItem\",\"position\":2,\"name\":\"Vis\u00e3o auto corrosiva de um pa\u00eds onde \u00e9 proibido ser pequeno\"}]},{\"@type\":\"WebSite\",\"@id\":\"https:\/\/www.notibras.com\/site\/#website\",\"url\":\"https:\/\/www.notibras.com\/site\/\",\"name\":\"Notibras\",\"description\":\"Not\u00edcias de Bras\u00edlia, do Brasil e do Mundo\",\"publisher\":{\"@id\":\"https:\/\/www.notibras.com\/site\/#organization\"},\"potentialAction\":[{\"@type\":\"SearchAction\",\"target\":{\"@type\":\"EntryPoint\",\"urlTemplate\":\"https:\/\/www.notibras.com\/site\/?s={search_term_string}\"},\"query-input\":{\"@type\":\"PropertyValueSpecification\",\"valueRequired\":true,\"valueName\":\"search_term_string\"}}],\"inLanguage\":\"pt-BR\"},{\"@type\":\"Organization\",\"@id\":\"https:\/\/www.notibras.com\/site\/#organization\",\"name\":\"Grupo Notibras de Comunica\u00e7\u00e3o\",\"url\":\"https:\/\/www.notibras.com\/site\/\",\"logo\":{\"@type\":\"ImageObject\",\"inLanguage\":\"pt-BR\",\"@id\":\"https:\/\/www.notibras.com\/site\/#\/schema\/logo\/image\/\",\"url\":\"https:\/\/www.notibras.com\/site\/wp-content\/uploads\/2023\/01\/notibras23.png\",\"contentUrl\":\"https:\/\/www.notibras.com\/site\/wp-content\/uploads\/2023\/01\/notibras23.png\",\"width\":350,\"height\":87,\"caption\":\"Grupo Notibras de Comunica\u00e7\u00e3o\"},\"image\":{\"@id\":\"https:\/\/www.notibras.com\/site\/#\/schema\/logo\/image\/\"},\"sameAs\":[\"https:\/\/www.facebook.com\/notibras\/\",\"https:\/\/x.com\/Notibras\",\"https:\/\/www.instagram.com\/notibras\/\"]},{\"@type\":\"Person\",\"@id\":\"https:\/\/www.notibras.com\/site\/#\/schema\/person\/36ab0979449956132d3e5b517ea76ac8\",\"name\":\"Reda\u00e7\u00e3o\",\"image\":{\"@type\":\"ImageObject\",\"inLanguage\":\"pt-BR\",\"@id\":\"https:\/\/secure.gravatar.com\/avatar\/e0a867bdedb85fd243eadf09663511f96fc81e0720a4a42581f334ad4303aa6b?s=96&d=mm&r=g\",\"url\":\"https:\/\/secure.gravatar.com\/avatar\/e0a867bdedb85fd243eadf09663511f96fc81e0720a4a42581f334ad4303aa6b?s=96&d=mm&r=g\",\"contentUrl\":\"https:\/\/secure.gravatar.com\/avatar\/e0a867bdedb85fd243eadf09663511f96fc81e0720a4a42581f334ad4303aa6b?s=96&d=mm&r=g\",\"caption\":\"Reda\u00e7\u00e3o\"}}]}<\/script>\n<!-- \/ Yoast SEO plugin. -->","yoast_head_json":{"title":"Vis\u00e3o auto corrosiva de um pa\u00eds onde \u00e9 proibido ser pequeno - Notibras","robots":{"index":"index","follow":"follow","max-snippet":"max-snippet:-1","max-image-preview":"max-image-preview:large","max-video-preview":"max-video-preview:-1"},"canonical":"https:\/\/www.notibras.com\/site\/visao-auto-corrosiva-de-um-pais-onde-e-proibido-ser-pequeno\/","og_locale":"pt_BR","og_type":"article","og_title":"Vis\u00e3o auto corrosiva de um pa\u00eds onde \u00e9 proibido ser pequeno - Notibras","og_description":"A cultura ocidental, da acumula\u00e7\u00e3o, prega a ideia do crescimento, das coisas grandes, mas no Brasil essa vis\u00e3o ganhou dimens\u00e3o ainda mais forte na rela\u00e7\u00e3o do ser humano com a natureza. Nas aglomera\u00e7\u00f5es urbanas, nos neg\u00f3cios, nas moradias, em tudo est\u00e1 cravado um estigma: \u00e9 proibido ser pequeno. \u00c9 certo que a popula\u00e7\u00e3o brasileira aumenta [&hellip;]","og_url":"https:\/\/www.notibras.com\/site\/visao-auto-corrosiva-de-um-pais-onde-e-proibido-ser-pequeno\/","og_site_name":"Notibras","article_publisher":"https:\/\/www.facebook.com\/notibras\/","article_published_time":"2015-02-17T07:16:49+00:00","og_image":[{"width":400,"height":300,"url":"https:\/\/www.notibras.com\/site\/wp-content\/uploads\/2015\/02\/carrinho_de_cachorro.jpg","type":"image\/jpeg"}],"author":"Reda\u00e7\u00e3o","twitter_card":"summary_large_image","twitter_creator":"@Notibras","twitter_site":"@Notibras","twitter_misc":{"Escrito por":"Reda\u00e7\u00e3o","Est. tempo de leitura":"3 minutos"},"schema":{"@context":"https:\/\/schema.org","@graph":[{"@type":"Article","@id":"https:\/\/www.notibras.com\/site\/visao-auto-corrosiva-de-um-pais-onde-e-proibido-ser-pequeno\/#article","isPartOf":{"@id":"https:\/\/www.notibras.com\/site\/visao-auto-corrosiva-de-um-pais-onde-e-proibido-ser-pequeno\/"},"author":{"name":"Reda\u00e7\u00e3o","@id":"https:\/\/www.notibras.com\/site\/#\/schema\/person\/36ab0979449956132d3e5b517ea76ac8"},"headline":"Vis\u00e3o auto corrosiva de um pa\u00eds onde \u00e9 proibido ser pequeno","datePublished":"2015-02-17T07:16:49+00:00","mainEntityOfPage":{"@id":"https:\/\/www.notibras.com\/site\/visao-auto-corrosiva-de-um-pais-onde-e-proibido-ser-pequeno\/"},"wordCount":556,"commentCount":0,"publisher":{"@id":"https:\/\/www.notibras.com\/site\/#organization"},"image":{"@id":"https:\/\/www.notibras.com\/site\/visao-auto-corrosiva-de-um-pais-onde-e-proibido-ser-pequeno\/#primaryimage"},"thumbnailUrl":"https:\/\/www.notibras.com\/site\/wp-content\/uploads\/2015\/02\/carrinho_de_cachorro.jpg","articleSection":["Opina a\u00ed"],"inLanguage":"pt-BR","potentialAction":[{"@type":"CommentAction","name":"Comment","target":["https:\/\/www.notibras.com\/site\/visao-auto-corrosiva-de-um-pais-onde-e-proibido-ser-pequeno\/#respond"]}]},{"@type":"WebPage","@id":"https:\/\/www.notibras.com\/site\/visao-auto-corrosiva-de-um-pais-onde-e-proibido-ser-pequeno\/","url":"https:\/\/www.notibras.com\/site\/visao-auto-corrosiva-de-um-pais-onde-e-proibido-ser-pequeno\/","name":"Vis\u00e3o auto corrosiva de um pa\u00eds onde \u00e9 proibido ser pequeno - Notibras","isPartOf":{"@id":"https:\/\/www.notibras.com\/site\/#website"},"primaryImageOfPage":{"@id":"https:\/\/www.notibras.com\/site\/visao-auto-corrosiva-de-um-pais-onde-e-proibido-ser-pequeno\/#primaryimage"},"image":{"@id":"https:\/\/www.notibras.com\/site\/visao-auto-corrosiva-de-um-pais-onde-e-proibido-ser-pequeno\/#primaryimage"},"thumbnailUrl":"https:\/\/www.notibras.com\/site\/wp-content\/uploads\/2015\/02\/carrinho_de_cachorro.jpg","datePublished":"2015-02-17T07:16:49+00:00","breadcrumb":{"@id":"https:\/\/www.notibras.com\/site\/visao-auto-corrosiva-de-um-pais-onde-e-proibido-ser-pequeno\/#breadcrumb"},"inLanguage":"pt-BR","potentialAction":[{"@type":"ReadAction","target":["https:\/\/www.notibras.com\/site\/visao-auto-corrosiva-de-um-pais-onde-e-proibido-ser-pequeno\/"]}]},{"@type":"ImageObject","inLanguage":"pt-BR","@id":"https:\/\/www.notibras.com\/site\/visao-auto-corrosiva-de-um-pais-onde-e-proibido-ser-pequeno\/#primaryimage","url":"https:\/\/www.notibras.com\/site\/wp-content\/uploads\/2015\/02\/carrinho_de_cachorro.jpg","contentUrl":"https:\/\/www.notibras.com\/site\/wp-content\/uploads\/2015\/02\/carrinho_de_cachorro.jpg","width":400,"height":300},{"@type":"BreadcrumbList","@id":"https:\/\/www.notibras.com\/site\/visao-auto-corrosiva-de-um-pais-onde-e-proibido-ser-pequeno\/#breadcrumb","itemListElement":[{"@type":"ListItem","position":1,"name":"In\u00edcio","item":"https:\/\/www.notibras.com\/site\/"},{"@type":"ListItem","position":2,"name":"Vis\u00e3o auto corrosiva de um pa\u00eds onde \u00e9 proibido ser pequeno"}]},{"@type":"WebSite","@id":"https:\/\/www.notibras.com\/site\/#website","url":"https:\/\/www.notibras.com\/site\/","name":"Notibras","description":"Not\u00edcias de Bras\u00edlia, do Brasil e do Mundo","publisher":{"@id":"https:\/\/www.notibras.com\/site\/#organization"},"potentialAction":[{"@type":"SearchAction","target":{"@type":"EntryPoint","urlTemplate":"https:\/\/www.notibras.com\/site\/?s={search_term_string}"},"query-input":{"@type":"PropertyValueSpecification","valueRequired":true,"valueName":"search_term_string"}}],"inLanguage":"pt-BR"},{"@type":"Organization","@id":"https:\/\/www.notibras.com\/site\/#organization","name":"Grupo Notibras de Comunica\u00e7\u00e3o","url":"https:\/\/www.notibras.com\/site\/","logo":{"@type":"ImageObject","inLanguage":"pt-BR","@id":"https:\/\/www.notibras.com\/site\/#\/schema\/logo\/image\/","url":"https:\/\/www.notibras.com\/site\/wp-content\/uploads\/2023\/01\/notibras23.png","contentUrl":"https:\/\/www.notibras.com\/site\/wp-content\/uploads\/2023\/01\/notibras23.png","width":350,"height":87,"caption":"Grupo Notibras de Comunica\u00e7\u00e3o"},"image":{"@id":"https:\/\/www.notibras.com\/site\/#\/schema\/logo\/image\/"},"sameAs":["https:\/\/www.facebook.com\/notibras\/","https:\/\/x.com\/Notibras","https:\/\/www.instagram.com\/notibras\/"]},{"@type":"Person","@id":"https:\/\/www.notibras.com\/site\/#\/schema\/person\/36ab0979449956132d3e5b517ea76ac8","name":"Reda\u00e7\u00e3o","image":{"@type":"ImageObject","inLanguage":"pt-BR","@id":"https:\/\/secure.gravatar.com\/avatar\/e0a867bdedb85fd243eadf09663511f96fc81e0720a4a42581f334ad4303aa6b?s=96&d=mm&r=g","url":"https:\/\/secure.gravatar.com\/avatar\/e0a867bdedb85fd243eadf09663511f96fc81e0720a4a42581f334ad4303aa6b?s=96&d=mm&r=g","contentUrl":"https:\/\/secure.gravatar.com\/avatar\/e0a867bdedb85fd243eadf09663511f96fc81e0720a4a42581f334ad4303aa6b?s=96&d=mm&r=g","caption":"Reda\u00e7\u00e3o"}}]}},"amp_enabled":true,"_links":{"self":[{"href":"https:\/\/www.notibras.com\/site\/wp-json\/wp\/v2\/posts\/37338","targetHints":{"allow":["GET"]}}],"collection":[{"href":"https:\/\/www.notibras.com\/site\/wp-json\/wp\/v2\/posts"}],"about":[{"href":"https:\/\/www.notibras.com\/site\/wp-json\/wp\/v2\/types\/post"}],"author":[{"embeddable":true,"href":"https:\/\/www.notibras.com\/site\/wp-json\/wp\/v2\/users\/2"}],"replies":[{"embeddable":true,"href":"https:\/\/www.notibras.com\/site\/wp-json\/wp\/v2\/comments?post=37338"}],"version-history":[{"count":0,"href":"https:\/\/www.notibras.com\/site\/wp-json\/wp\/v2\/posts\/37338\/revisions"}],"wp:featuredmedia":[{"embeddable":true,"href":"https:\/\/www.notibras.com\/site\/wp-json\/wp\/v2\/media\/37339"}],"wp:attachment":[{"href":"https:\/\/www.notibras.com\/site\/wp-json\/wp\/v2\/media?parent=37338"}],"wp:term":[{"taxonomy":"category","embeddable":true,"href":"https:\/\/www.notibras.com\/site\/wp-json\/wp\/v2\/categories?post=37338"},{"taxonomy":"post_tag","embeddable":true,"href":"https:\/\/www.notibras.com\/site\/wp-json\/wp\/v2\/tags?post=37338"}],"curies":[{"name":"wp","href":"https:\/\/api.w.org\/{rel}","templated":true}]}}