{"id":373388,"date":"2025-12-03T10:04:58","date_gmt":"2025-12-03T13:04:58","guid":{"rendered":"https:\/\/www.notibras.com\/site\/?p=373388"},"modified":"2025-12-03T11:07:12","modified_gmt":"2025-12-03T14:07:12","slug":"mais-de-86-milhoes-deixam-a-linha-da-pobreza-em-13-anos","status":"publish","type":"post","link":"https:\/\/www.notibras.com\/site\/mais-de-86-milhoes-deixam-a-linha-da-pobreza-em-13-anos\/","title":{"rendered":"Mais de 8,6 milh\u00f5es deixam a linha da pobreza em 13 anos"},"content":{"rendered":"<p>Mais de 8,6 milh\u00f5es de brasileiros deixaram a linha da pobreza em 2024. Esse desempenho socioecon\u00f4mico fez a propor\u00e7\u00e3o da popula\u00e7\u00e3o na pobreza cair de 27,3% em 2023 para 23,1%. \u00c9 o menor n\u00edvel j\u00e1 registrado desde 2012, quando come\u00e7a a s\u00e9rie hist\u00f3rica do Instituto Brasileiro de Geografia e Estat\u00edstica (IBGE).<\/p>\n<p>Em 2024, o Brasil tinha 48,9 milh\u00f5es de pessoas que viviam com menos de US$ 6,85 por dia, o que equivale a cerca de R$ 694, em valores corrigidos para o ano. Esse \u00e9 o limite que o Banco Mundial define como linha da pobreza. Em 2023, o contingente na pobreza era de 57,6 milh\u00f5es de brasileiros.<\/p>\n<p>Os dados fazem parte do levantamento S\u00edntese de Indicadores Sociais, divulgado nesta quarta-feira (3).<\/p>\n<p>Os indicadores mostram o terceiro ano seguido com redu\u00e7\u00e3o no n\u00famero e na propor\u00e7\u00e3o de pobres, marcando uma recupera\u00e7\u00e3o p\u00f3s-pandemia de covid-19, desencadeada em 2020.<\/p>\n<p>Confira o comportamento da pobreza no pa\u00eds:<\/p>\n<p>2012: 68,4 milh\u00f5es<br \/>\n2019: 67,5 milh\u00f5es (\u00faltimo ano antes da pandemia)<br \/>\n2020: 64,7 milh\u00f5es<br \/>\n2021: 77 milh\u00f5es<br \/>\n2022: 66,4 milh\u00f5es<br \/>\n2023: 57,6 milh\u00f5es<br \/>\n2024: 48,9 milh\u00f5es<\/p>\n<p>Em 2012, a propor\u00e7\u00e3o de pessoas abaixo da linha de pobreza era de 34,7%. Em 2019 chegou a 32,6%. No primeiro ano da pandemia (2020) foi reduzida a 31,1% e chegou ao ponto mais alto da s\u00e9rie em 2021, com 36,8%. Desde ent\u00e3o, apresentou anos de queda, indo de 31,6% em 2022, para 23,1% no ano passado.<\/p>\n<p><strong>Trabalho e transfer\u00eancia de renda<\/strong><br \/>\nO pesquisador do IBGE Andr\u00e9 Geraldo de Moraes Sim\u00f5es, respons\u00e1vel pelo estudo, explica que em 2020, ano de eclos\u00e3o da pandemia, a pobreza chegou a ser reduzida por causa dos programas assistenciais emergenciais, como o Aux\u00edlio Emergencial, pago pelo governo federal.<\/p>\n<p>\u201cEsses benef\u00edcios voltaram em abril de 2021, mas com valores menores e restri\u00e7\u00e3o de acesso pelo p\u00fablico, e o mercado de trabalho ainda estava fragilizado, ent\u00e3o a pobreza subiu\u201d, afirma.<\/p>\n<p>Sim\u00f5es acrescenta que, a partir de 2022, o mercado de trabalho voltou a aquecer, acompanhado por programas assist\u00eancias com valores maiores, fatores que permitiram o avan\u00e7o socioecon\u00f4mico.<\/p>\n<p>\u201cTanto o mercado de trabalho aquecido, quanto os benef\u00edcios de transfer\u00eancia de renda, principalmente o Bolsa Fam\u00edlia e o Aux\u00edlio Brasil, que ganharam maiores valores e ampliaram o grupo da popula\u00e7\u00e3o que recebia\u201d, assinala.<\/p>\n<p>No segundo semestre de 2022, o programa Aux\u00edlio Brasil passou a pagar R$ 600. Em 2023, o programa foi rebatizado de Bolsa Fam\u00edlia.<\/p>\n<p><strong>Extrema pobreza<\/strong><br \/>\nNo \u00faltimo ano, o Brasil vivenciou tamb\u00e9m redu\u00e7\u00e3o da extrema pobreza, pessoas que viviam com renda de at\u00e9 US$ 2,15 por dia, cerca de R$ 218 mensais em valores corrigidos para o ano passado.<\/p>\n<p>De 2023 para 2024, esse contingente passou de 9,3 milh\u00f5es para 7,4 milh\u00f5es, ou seja, 1,9 milh\u00f5es de pessoas deixaram a condi\u00e7\u00e3o. Essa evolu\u00e7\u00e3o fez com que a propor\u00e7\u00e3o da popula\u00e7\u00e3o na extrema pobreza recuasse de 4,4% para 3,5%, a menor j\u00e1 registrada.<\/p>\n<p>Em 2012, quando come\u00e7ou a s\u00e9rie hist\u00f3rica, eram 6,6%. Em 2021, o patamar alcan\u00e7ou 9% (18,9 milh\u00f5es de pessoas).<\/p>\n<p><strong>Desigualdade regional<\/strong><br \/>\nOs n\u00fameros do IBGE deixam clara a desigualdade regional. Tanto a pobreza quanto a extrema pobreza no Norte e Nordeste superam a taxa nacional.<\/p>\n<p><strong>Pobreza<\/strong><br \/>\nNordeste: 39,4%<br \/>\nNorte: 35,9%<br \/>\nBrasil: 23,1%<br \/>\nSudeste: 15,6%<br \/>\nCentro-Oeste: 15,4%<br \/>\nSul: 11,2%<br \/>\n<strong>Extrema pobreza<\/strong><br \/>\nNordeste: 6,5%<br \/>\nNorte: 4,6%<br \/>\nBrasil: 3,5%<br \/>\nSudeste: 2,3%<br \/>\nCentro-Oeste: 1,6%<br \/>\nSul: 1,5%<\/p>\n<p>\u201cS\u00e3o as regi\u00f5es mais vulner\u00e1veis do pa\u00eds, isso acaba se refletindo tamb\u00e9m no mercado de trabalho\u201d, diz Andr\u00e9 Sim\u00f5es.<\/p>\n<p>Outra desigualdade demonstrada \u00e9 a racial. Na popula\u00e7\u00e3o branca, 15,1% eram pobres, enquanto 2,2% estavam na extrema pobreza.<\/p>\n<p>Entre os pretos, a pobreza chegava a 25,8%, e a extrema pobreza a 3,9%. Na popula\u00e7\u00e3o parda, as parcelas eram 29,8% e 4,5%, respectivamente.<\/p>\n<p>Menor Gini desde 2012<br \/>\nA S\u00edntese de Indicadores Sociais atualizou o chamado \u00cdndice de Gini, que avalia a desigualdade de renda. O \u00edndice vai de 0 a 1 &#8211; quanto maior, pior a desigualdade.<\/p>\n<p>Em 2024, o \u00cdndice de Gini atingiu 0,504, o menor valor da s\u00e9rie iniciada em 2012. Em 2023, era 0,517.<\/p>\n<p>Para medir o impacto de programas sociais na redu\u00e7\u00e3o da desigualdade, o IBGE apresentou um c\u00e1lculo do Gini caso n\u00e3o houvesse essa pol\u00edtica assistencial.<\/p>\n<p>O estudo constatou que o indicador seria 0,542 se n\u00e3o existissem programas de transfer\u00eancia de renda, como Bolsa Fam\u00edlia e Benef\u00edcio de Presta\u00e7\u00e3o Continuada (BPC &#8211; um sal\u00e1rio m\u00ednimo por m\u00eas ao idoso com idade igual ou superior a 65 anos ou \u00e0 pessoa com defici\u00eancia de qualquer idade).<\/p>\n<p>Outro exerc\u00edcio hipot\u00e9tico realizado pelos pesquisadores foi sobre a condi\u00e7\u00e3o de pessoas com 60 anos ou mais se n\u00e3o houvesse benef\u00edcios previdenci\u00e1rios<\/p>\n<p>A extrema pobreza entre os idosos passaria de 1,9% para 35,4%, projeta o instituto. J\u00e1 a pobreza subiria de 8,3% para 52,3%.<\/p>\n<p>O levantamento mostra tamb\u00e9m que a pobreza foi maior entre os trabalhadores informais. Entre os ocupados sem carteira assinada, era um em cada cinco (20,4%). Entre os empregados com carteira assinada, a propor\u00e7\u00e3o era de 6,7%.<\/p>\n","protected":false},"excerpt":{"rendered":"<p>Mais de 8,6 milh\u00f5es de brasileiros deixaram a linha da pobreza em 2024. Esse desempenho socioecon\u00f4mico fez a propor\u00e7\u00e3o da popula\u00e7\u00e3o na pobreza cair de 27,3% em 2023 para 23,1%. \u00c9 o menor n\u00edvel j\u00e1 registrado desde 2012, quando come\u00e7a a s\u00e9rie hist\u00f3rica do Instituto Brasileiro de Geografia e Estat\u00edstica (IBGE). Em 2024, o Brasil [&hellip;]<\/p>\n","protected":false},"author":2,"featured_media":373389,"comment_status":"closed","ping_status":"closed","sticky":false,"template":"","format":"standard","meta":{"_acf_changed":false,"footnotes":""},"categories":[16],"tags":[95],"class_list":["post-373388","post","type-post","status-publish","format-standard","has-post-thumbnail","hentry","category-brasil","tag-capa"],"acf":[],"yoast_head":"<!-- This site is optimized with the Yoast SEO plugin v27.5 - https:\/\/yoast.com\/product\/yoast-seo-wordpress\/ -->\n<title>Mais de 8,6 milh\u00f5es deixam a linha da pobreza em 13 anos - Notibras<\/title>\n<meta name=\"robots\" content=\"index, follow, max-snippet:-1, max-image-preview:large, max-video-preview:-1\" \/>\n<link rel=\"canonical\" href=\"https:\/\/www.notibras.com\/site\/mais-de-86-milhoes-deixam-a-linha-da-pobreza-em-13-anos\/\" \/>\n<meta property=\"og:locale\" content=\"pt_BR\" \/>\n<meta property=\"og:type\" content=\"article\" \/>\n<meta property=\"og:title\" content=\"Mais de 8,6 milh\u00f5es deixam a linha da pobreza em 13 anos - Notibras\" \/>\n<meta property=\"og:description\" content=\"Mais de 8,6 milh\u00f5es de brasileiros deixaram a linha da pobreza em 2024. Esse desempenho socioecon\u00f4mico fez a propor\u00e7\u00e3o da popula\u00e7\u00e3o na pobreza cair de 27,3% em 2023 para 23,1%. \u00c9 o menor n\u00edvel j\u00e1 registrado desde 2012, quando come\u00e7a a s\u00e9rie hist\u00f3rica do Instituto Brasileiro de Geografia e Estat\u00edstica (IBGE). Em 2024, o Brasil [&hellip;]\" \/>\n<meta property=\"og:url\" content=\"https:\/\/www.notibras.com\/site\/mais-de-86-milhoes-deixam-a-linha-da-pobreza-em-13-anos\/\" \/>\n<meta property=\"og:site_name\" content=\"Notibras\" \/>\n<meta property=\"article:publisher\" content=\"https:\/\/www.facebook.com\/notibras\/\" \/>\n<meta property=\"article:published_time\" content=\"2025-12-03T13:04:58+00:00\" \/>\n<meta property=\"article:modified_time\" content=\"2025-12-03T14:07:12+00:00\" \/>\n<meta property=\"og:image\" content=\"https:\/\/www.notibras.com\/site\/wp-content\/uploads\/2025\/12\/pib_09.webp\" \/>\n\t<meta property=\"og:image:width\" content=\"1170\" \/>\n\t<meta property=\"og:image:height\" content=\"700\" \/>\n\t<meta property=\"og:image:type\" content=\"image\/webp\" \/>\n<meta name=\"author\" content=\"Reda\u00e7\u00e3o\" \/>\n<meta name=\"twitter:card\" content=\"summary_large_image\" \/>\n<meta name=\"twitter:creator\" content=\"@Notibras\" \/>\n<meta name=\"twitter:site\" content=\"@Notibras\" \/>\n<meta name=\"twitter:label1\" content=\"Escrito por\" \/>\n\t<meta name=\"twitter:data1\" content=\"Reda\u00e7\u00e3o\" \/>\n\t<meta name=\"twitter:label2\" content=\"Est. tempo de leitura\" \/>\n\t<meta name=\"twitter:data2\" content=\"5 minutos\" \/>\n<script type=\"application\/ld+json\" class=\"yoast-schema-graph\">{\"@context\":\"https:\\\/\\\/schema.org\",\"@graph\":[{\"@type\":\"Article\",\"@id\":\"https:\\\/\\\/www.notibras.com\\\/site\\\/mais-de-86-milhoes-deixam-a-linha-da-pobreza-em-13-anos\\\/#article\",\"isPartOf\":{\"@id\":\"https:\\\/\\\/www.notibras.com\\\/site\\\/mais-de-86-milhoes-deixam-a-linha-da-pobreza-em-13-anos\\\/\"},\"author\":{\"name\":\"Reda\u00e7\u00e3o\",\"@id\":\"https:\\\/\\\/www.notibras.com\\\/site\\\/#\\\/schema\\\/person\\\/36ab0979449956132d3e5b517ea76ac8\"},\"headline\":\"Mais de 8,6 milh\u00f5es deixam a linha da pobreza em 13 anos\",\"datePublished\":\"2025-12-03T13:04:58+00:00\",\"dateModified\":\"2025-12-03T14:07:12+00:00\",\"mainEntityOfPage\":{\"@id\":\"https:\\\/\\\/www.notibras.com\\\/site\\\/mais-de-86-milhoes-deixam-a-linha-da-pobreza-em-13-anos\\\/\"},\"wordCount\":823,\"publisher\":{\"@id\":\"https:\\\/\\\/www.notibras.com\\\/site\\\/#organization\"},\"image\":{\"@id\":\"https:\\\/\\\/www.notibras.com\\\/site\\\/mais-de-86-milhoes-deixam-a-linha-da-pobreza-em-13-anos\\\/#primaryimage\"},\"thumbnailUrl\":\"https:\\\/\\\/www.notibras.com\\\/site\\\/wp-content\\\/uploads\\\/2025\\\/12\\\/pib_09.webp\",\"keywords\":[\"capa\"],\"articleSection\":[\"Brasil\"],\"inLanguage\":\"pt-BR\"},{\"@type\":\"WebPage\",\"@id\":\"https:\\\/\\\/www.notibras.com\\\/site\\\/mais-de-86-milhoes-deixam-a-linha-da-pobreza-em-13-anos\\\/\",\"url\":\"https:\\\/\\\/www.notibras.com\\\/site\\\/mais-de-86-milhoes-deixam-a-linha-da-pobreza-em-13-anos\\\/\",\"name\":\"Mais de 8,6 milh\u00f5es deixam a linha da pobreza em 13 anos - Notibras\",\"isPartOf\":{\"@id\":\"https:\\\/\\\/www.notibras.com\\\/site\\\/#website\"},\"primaryImageOfPage\":{\"@id\":\"https:\\\/\\\/www.notibras.com\\\/site\\\/mais-de-86-milhoes-deixam-a-linha-da-pobreza-em-13-anos\\\/#primaryimage\"},\"image\":{\"@id\":\"https:\\\/\\\/www.notibras.com\\\/site\\\/mais-de-86-milhoes-deixam-a-linha-da-pobreza-em-13-anos\\\/#primaryimage\"},\"thumbnailUrl\":\"https:\\\/\\\/www.notibras.com\\\/site\\\/wp-content\\\/uploads\\\/2025\\\/12\\\/pib_09.webp\",\"datePublished\":\"2025-12-03T13:04:58+00:00\",\"dateModified\":\"2025-12-03T14:07:12+00:00\",\"breadcrumb\":{\"@id\":\"https:\\\/\\\/www.notibras.com\\\/site\\\/mais-de-86-milhoes-deixam-a-linha-da-pobreza-em-13-anos\\\/#breadcrumb\"},\"inLanguage\":\"pt-BR\",\"potentialAction\":[{\"@type\":\"ReadAction\",\"target\":[\"https:\\\/\\\/www.notibras.com\\\/site\\\/mais-de-86-milhoes-deixam-a-linha-da-pobreza-em-13-anos\\\/\"]}]},{\"@type\":\"ImageObject\",\"inLanguage\":\"pt-BR\",\"@id\":\"https:\\\/\\\/www.notibras.com\\\/site\\\/mais-de-86-milhoes-deixam-a-linha-da-pobreza-em-13-anos\\\/#primaryimage\",\"url\":\"https:\\\/\\\/www.notibras.com\\\/site\\\/wp-content\\\/uploads\\\/2025\\\/12\\\/pib_09.webp\",\"contentUrl\":\"https:\\\/\\\/www.notibras.com\\\/site\\\/wp-content\\\/uploads\\\/2025\\\/12\\\/pib_09.webp\",\"width\":1170,\"height\":700},{\"@type\":\"BreadcrumbList\",\"@id\":\"https:\\\/\\\/www.notibras.com\\\/site\\\/mais-de-86-milhoes-deixam-a-linha-da-pobreza-em-13-anos\\\/#breadcrumb\",\"itemListElement\":[{\"@type\":\"ListItem\",\"position\":1,\"name\":\"In\u00edcio\",\"item\":\"https:\\\/\\\/www.notibras.com\\\/site\\\/\"},{\"@type\":\"ListItem\",\"position\":2,\"name\":\"Mais de 8,6 milh\u00f5es deixam a linha da pobreza em 13 anos\"}]},{\"@type\":\"WebSite\",\"@id\":\"https:\\\/\\\/www.notibras.com\\\/site\\\/#website\",\"url\":\"https:\\\/\\\/www.notibras.com\\\/site\\\/\",\"name\":\"Notibras\",\"description\":\"Not\u00edcias de Bras\u00edlia, do Brasil e do Mundo\",\"publisher\":{\"@id\":\"https:\\\/\\\/www.notibras.com\\\/site\\\/#organization\"},\"potentialAction\":[{\"@type\":\"SearchAction\",\"target\":{\"@type\":\"EntryPoint\",\"urlTemplate\":\"https:\\\/\\\/www.notibras.com\\\/site\\\/?s={search_term_string}\"},\"query-input\":{\"@type\":\"PropertyValueSpecification\",\"valueRequired\":true,\"valueName\":\"search_term_string\"}}],\"inLanguage\":\"pt-BR\"},{\"@type\":\"Organization\",\"@id\":\"https:\\\/\\\/www.notibras.com\\\/site\\\/#organization\",\"name\":\"Grupo Notibras de Comunica\u00e7\u00e3o\",\"url\":\"https:\\\/\\\/www.notibras.com\\\/site\\\/\",\"logo\":{\"@type\":\"ImageObject\",\"inLanguage\":\"pt-BR\",\"@id\":\"https:\\\/\\\/www.notibras.com\\\/site\\\/#\\\/schema\\\/logo\\\/image\\\/\",\"url\":\"https:\\\/\\\/www.notibras.com\\\/site\\\/wp-content\\\/uploads\\\/2023\\\/01\\\/notibras23.png\",\"contentUrl\":\"https:\\\/\\\/www.notibras.com\\\/site\\\/wp-content\\\/uploads\\\/2023\\\/01\\\/notibras23.png\",\"width\":350,\"height\":87,\"caption\":\"Grupo Notibras de Comunica\u00e7\u00e3o\"},\"image\":{\"@id\":\"https:\\\/\\\/www.notibras.com\\\/site\\\/#\\\/schema\\\/logo\\\/image\\\/\"},\"sameAs\":[\"https:\\\/\\\/www.facebook.com\\\/notibras\\\/\",\"https:\\\/\\\/x.com\\\/Notibras\",\"https:\\\/\\\/www.instagram.com\\\/notibras\\\/\"]},{\"@type\":\"Person\",\"@id\":\"https:\\\/\\\/www.notibras.com\\\/site\\\/#\\\/schema\\\/person\\\/36ab0979449956132d3e5b517ea76ac8\",\"name\":\"Reda\u00e7\u00e3o\",\"image\":{\"@type\":\"ImageObject\",\"inLanguage\":\"pt-BR\",\"@id\":\"https:\\\/\\\/secure.gravatar.com\\\/avatar\\\/e0a867bdedb85fd243eadf09663511f96fc81e0720a4a42581f334ad4303aa6b?s=96&d=mm&r=g\",\"url\":\"https:\\\/\\\/secure.gravatar.com\\\/avatar\\\/e0a867bdedb85fd243eadf09663511f96fc81e0720a4a42581f334ad4303aa6b?s=96&d=mm&r=g\",\"contentUrl\":\"https:\\\/\\\/secure.gravatar.com\\\/avatar\\\/e0a867bdedb85fd243eadf09663511f96fc81e0720a4a42581f334ad4303aa6b?s=96&d=mm&r=g\",\"caption\":\"Reda\u00e7\u00e3o\"}}]}<\/script>\n<!-- \/ Yoast SEO plugin. -->","yoast_head_json":{"title":"Mais de 8,6 milh\u00f5es deixam a linha da pobreza em 13 anos - Notibras","robots":{"index":"index","follow":"follow","max-snippet":"max-snippet:-1","max-image-preview":"max-image-preview:large","max-video-preview":"max-video-preview:-1"},"canonical":"https:\/\/www.notibras.com\/site\/mais-de-86-milhoes-deixam-a-linha-da-pobreza-em-13-anos\/","og_locale":"pt_BR","og_type":"article","og_title":"Mais de 8,6 milh\u00f5es deixam a linha da pobreza em 13 anos - Notibras","og_description":"Mais de 8,6 milh\u00f5es de brasileiros deixaram a linha da pobreza em 2024. Esse desempenho socioecon\u00f4mico fez a propor\u00e7\u00e3o da popula\u00e7\u00e3o na pobreza cair de 27,3% em 2023 para 23,1%. \u00c9 o menor n\u00edvel j\u00e1 registrado desde 2012, quando come\u00e7a a s\u00e9rie hist\u00f3rica do Instituto Brasileiro de Geografia e Estat\u00edstica (IBGE). Em 2024, o Brasil [&hellip;]","og_url":"https:\/\/www.notibras.com\/site\/mais-de-86-milhoes-deixam-a-linha-da-pobreza-em-13-anos\/","og_site_name":"Notibras","article_publisher":"https:\/\/www.facebook.com\/notibras\/","article_published_time":"2025-12-03T13:04:58+00:00","article_modified_time":"2025-12-03T14:07:12+00:00","og_image":[{"width":1170,"height":700,"url":"https:\/\/www.notibras.com\/site\/wp-content\/uploads\/2025\/12\/pib_09.webp","type":"image\/webp"}],"author":"Reda\u00e7\u00e3o","twitter_card":"summary_large_image","twitter_creator":"@Notibras","twitter_site":"@Notibras","twitter_misc":{"Escrito por":"Reda\u00e7\u00e3o","Est. tempo de leitura":"5 minutos"},"schema":{"@context":"https:\/\/schema.org","@graph":[{"@type":"Article","@id":"https:\/\/www.notibras.com\/site\/mais-de-86-milhoes-deixam-a-linha-da-pobreza-em-13-anos\/#article","isPartOf":{"@id":"https:\/\/www.notibras.com\/site\/mais-de-86-milhoes-deixam-a-linha-da-pobreza-em-13-anos\/"},"author":{"name":"Reda\u00e7\u00e3o","@id":"https:\/\/www.notibras.com\/site\/#\/schema\/person\/36ab0979449956132d3e5b517ea76ac8"},"headline":"Mais de 8,6 milh\u00f5es deixam a linha da pobreza em 13 anos","datePublished":"2025-12-03T13:04:58+00:00","dateModified":"2025-12-03T14:07:12+00:00","mainEntityOfPage":{"@id":"https:\/\/www.notibras.com\/site\/mais-de-86-milhoes-deixam-a-linha-da-pobreza-em-13-anos\/"},"wordCount":823,"publisher":{"@id":"https:\/\/www.notibras.com\/site\/#organization"},"image":{"@id":"https:\/\/www.notibras.com\/site\/mais-de-86-milhoes-deixam-a-linha-da-pobreza-em-13-anos\/#primaryimage"},"thumbnailUrl":"https:\/\/www.notibras.com\/site\/wp-content\/uploads\/2025\/12\/pib_09.webp","keywords":["capa"],"articleSection":["Brasil"],"inLanguage":"pt-BR"},{"@type":"WebPage","@id":"https:\/\/www.notibras.com\/site\/mais-de-86-milhoes-deixam-a-linha-da-pobreza-em-13-anos\/","url":"https:\/\/www.notibras.com\/site\/mais-de-86-milhoes-deixam-a-linha-da-pobreza-em-13-anos\/","name":"Mais de 8,6 milh\u00f5es deixam a linha da pobreza em 13 anos - Notibras","isPartOf":{"@id":"https:\/\/www.notibras.com\/site\/#website"},"primaryImageOfPage":{"@id":"https:\/\/www.notibras.com\/site\/mais-de-86-milhoes-deixam-a-linha-da-pobreza-em-13-anos\/#primaryimage"},"image":{"@id":"https:\/\/www.notibras.com\/site\/mais-de-86-milhoes-deixam-a-linha-da-pobreza-em-13-anos\/#primaryimage"},"thumbnailUrl":"https:\/\/www.notibras.com\/site\/wp-content\/uploads\/2025\/12\/pib_09.webp","datePublished":"2025-12-03T13:04:58+00:00","dateModified":"2025-12-03T14:07:12+00:00","breadcrumb":{"@id":"https:\/\/www.notibras.com\/site\/mais-de-86-milhoes-deixam-a-linha-da-pobreza-em-13-anos\/#breadcrumb"},"inLanguage":"pt-BR","potentialAction":[{"@type":"ReadAction","target":["https:\/\/www.notibras.com\/site\/mais-de-86-milhoes-deixam-a-linha-da-pobreza-em-13-anos\/"]}]},{"@type":"ImageObject","inLanguage":"pt-BR","@id":"https:\/\/www.notibras.com\/site\/mais-de-86-milhoes-deixam-a-linha-da-pobreza-em-13-anos\/#primaryimage","url":"https:\/\/www.notibras.com\/site\/wp-content\/uploads\/2025\/12\/pib_09.webp","contentUrl":"https:\/\/www.notibras.com\/site\/wp-content\/uploads\/2025\/12\/pib_09.webp","width":1170,"height":700},{"@type":"BreadcrumbList","@id":"https:\/\/www.notibras.com\/site\/mais-de-86-milhoes-deixam-a-linha-da-pobreza-em-13-anos\/#breadcrumb","itemListElement":[{"@type":"ListItem","position":1,"name":"In\u00edcio","item":"https:\/\/www.notibras.com\/site\/"},{"@type":"ListItem","position":2,"name":"Mais de 8,6 milh\u00f5es deixam a linha da pobreza em 13 anos"}]},{"@type":"WebSite","@id":"https:\/\/www.notibras.com\/site\/#website","url":"https:\/\/www.notibras.com\/site\/","name":"Notibras","description":"Not\u00edcias de Bras\u00edlia, do Brasil e do Mundo","publisher":{"@id":"https:\/\/www.notibras.com\/site\/#organization"},"potentialAction":[{"@type":"SearchAction","target":{"@type":"EntryPoint","urlTemplate":"https:\/\/www.notibras.com\/site\/?s={search_term_string}"},"query-input":{"@type":"PropertyValueSpecification","valueRequired":true,"valueName":"search_term_string"}}],"inLanguage":"pt-BR"},{"@type":"Organization","@id":"https:\/\/www.notibras.com\/site\/#organization","name":"Grupo Notibras de Comunica\u00e7\u00e3o","url":"https:\/\/www.notibras.com\/site\/","logo":{"@type":"ImageObject","inLanguage":"pt-BR","@id":"https:\/\/www.notibras.com\/site\/#\/schema\/logo\/image\/","url":"https:\/\/www.notibras.com\/site\/wp-content\/uploads\/2023\/01\/notibras23.png","contentUrl":"https:\/\/www.notibras.com\/site\/wp-content\/uploads\/2023\/01\/notibras23.png","width":350,"height":87,"caption":"Grupo Notibras de Comunica\u00e7\u00e3o"},"image":{"@id":"https:\/\/www.notibras.com\/site\/#\/schema\/logo\/image\/"},"sameAs":["https:\/\/www.facebook.com\/notibras\/","https:\/\/x.com\/Notibras","https:\/\/www.instagram.com\/notibras\/"]},{"@type":"Person","@id":"https:\/\/www.notibras.com\/site\/#\/schema\/person\/36ab0979449956132d3e5b517ea76ac8","name":"Reda\u00e7\u00e3o","image":{"@type":"ImageObject","inLanguage":"pt-BR","@id":"https:\/\/secure.gravatar.com\/avatar\/e0a867bdedb85fd243eadf09663511f96fc81e0720a4a42581f334ad4303aa6b?s=96&d=mm&r=g","url":"https:\/\/secure.gravatar.com\/avatar\/e0a867bdedb85fd243eadf09663511f96fc81e0720a4a42581f334ad4303aa6b?s=96&d=mm&r=g","contentUrl":"https:\/\/secure.gravatar.com\/avatar\/e0a867bdedb85fd243eadf09663511f96fc81e0720a4a42581f334ad4303aa6b?s=96&d=mm&r=g","caption":"Reda\u00e7\u00e3o"}}]}},"amp_enabled":true,"_links":{"self":[{"href":"https:\/\/www.notibras.com\/site\/wp-json\/wp\/v2\/posts\/373388","targetHints":{"allow":["GET"]}}],"collection":[{"href":"https:\/\/www.notibras.com\/site\/wp-json\/wp\/v2\/posts"}],"about":[{"href":"https:\/\/www.notibras.com\/site\/wp-json\/wp\/v2\/types\/post"}],"author":[{"embeddable":true,"href":"https:\/\/www.notibras.com\/site\/wp-json\/wp\/v2\/users\/2"}],"replies":[{"embeddable":true,"href":"https:\/\/www.notibras.com\/site\/wp-json\/wp\/v2\/comments?post=373388"}],"version-history":[{"count":2,"href":"https:\/\/www.notibras.com\/site\/wp-json\/wp\/v2\/posts\/373388\/revisions"}],"predecessor-version":[{"id":373391,"href":"https:\/\/www.notibras.com\/site\/wp-json\/wp\/v2\/posts\/373388\/revisions\/373391"}],"wp:featuredmedia":[{"embeddable":true,"href":"https:\/\/www.notibras.com\/site\/wp-json\/wp\/v2\/media\/373389"}],"wp:attachment":[{"href":"https:\/\/www.notibras.com\/site\/wp-json\/wp\/v2\/media?parent=373388"}],"wp:term":[{"taxonomy":"category","embeddable":true,"href":"https:\/\/www.notibras.com\/site\/wp-json\/wp\/v2\/categories?post=373388"},{"taxonomy":"post_tag","embeddable":true,"href":"https:\/\/www.notibras.com\/site\/wp-json\/wp\/v2\/tags?post=373388"}],"curies":[{"name":"wp","href":"https:\/\/api.w.org\/{rel}","templated":true}]}}