{"id":373398,"date":"2025-12-03T13:31:38","date_gmt":"2025-12-03T16:31:38","guid":{"rendered":"https:\/\/www.notibras.com\/site\/?p=373398"},"modified":"2025-12-03T16:39:56","modified_gmt":"2025-12-03T19:39:56","slug":"se-alzheimer-pega-as-prisoes-ficarao-vazias","status":"publish","type":"post","link":"https:\/\/www.notibras.com\/site\/se-alzheimer-pega-as-prisoes-ficarao-vazias\/","title":{"rendered":"Se Alzheimer pega, as pris\u00f5es ficar\u00e3o vazias"},"content":{"rendered":"<p>Humildemente tomo emprestado o t\u00edtulo da obra de Gabriel Garc\u00eda M\u00e1rquez para falar sobre um certo general brasileiro, condenado e preso por tentativa de golpe de Estado, algo completamente in\u00e9dito e inimagin\u00e1vel h\u00e1 menos de uma d\u00e9cada. N\u00e3o que o referido general tenha a grandeza do personagem de Garc\u00eda M\u00e1rquez, pelo contr\u00e1rio.<\/p>\n<p>A raz\u00e3o pela qual tomo emprestado o t\u00edtulo desta obra fant\u00e1stica reside na constata\u00e7\u00e3o da condi\u00e7\u00e3o que acomete portadores de Alzheimer, que em fun\u00e7\u00e3o da dem\u00eancia enclausuram-se em seu mundo limitado, o que torna extremamente dif\u00edcil perceber o mundo a volta de si. E metaforicamente ao enclausuramento do general em sua pr\u00f3pria rede de verdades e mentiras.<\/p>\n<p>Digo isto porque, incrivelmente, ou espantosamente, o general Augusto Heleno, outrora poderos\u00edssimo ministro de Bolsonaro, revelou que \u00e9 portador de Alzheimer deste 2018, ano da elei\u00e7\u00e3o desse para a Presid\u00eancia da Rep\u00fablica. Esta revela\u00e7\u00e3o deixa claro que o referido ocupou um minist\u00e9rio de imensa sensibilidade e responsabilidade sendo portador de uma enfermidade que pode perturbar o ju\u00edzo de forma indel\u00e9vel.<\/p>\n<p>Garc\u00eda M\u00e1rquez \u00e9 expoente maior do realismo fant\u00e1stico. Mas a situa\u00e7\u00e3o real que ocorreu no Brasil do governo Bolsonaro supera o fant\u00e1stico, devido, dentre outras coisas, ao absolutamente inusitado da situa\u00e7\u00e3o. Heleno, com Alzheimer e todas as decorr\u00eancias desta enfermidade, ocupou um dos cargos mais importantes e sens\u00edveis da Rep\u00fablica, posto que dava ao titular o poder sobre o servi\u00e7o de intelig\u00eancia brasileiro e a seguran\u00e7a institucional do Estado.<\/p>\n<p>Da\u00ed a imaginar que o Brasil teve sua seguran\u00e7a institucional sob a reg\u00eancia de algu\u00e9m que portava uma patologia que o impedia de ter ju\u00edzo perfeito, e que colocava suas decis\u00f5es sob absoluto risco, \u00e9 de uma imensa preocupa\u00e7\u00e3o. Sorte teve o Brasil de n\u00e3o ter se colocado em situa\u00e7\u00e3o mais esdr\u00faxula e vexat\u00f3ria do que ocorreu naquele governo em face da poss\u00edvel dem\u00eancia de um dos ministros mais pr\u00f3ximos daquele presidente.<\/p>\n<p>O grau de irresponsabilidade daquela turma ultrapassa as raias do absurdo. Um pa\u00eds da dimens\u00e3o do Brasil, um dos maiores PIB\u2019s do mundo, extens\u00e3o territorial e popula\u00e7\u00e3o gigantescas, e sede da maior e mais importante floresta tropical, teve sua seguran\u00e7a institucional \u00e0 merc\u00ea de algu\u00e9m fora do ju\u00edzo perfeito, e que poderia causar danos incomensur\u00e1veis face a poss\u00edveis decis\u00f5es tomadas sob as condi\u00e7\u00f5es que o pr\u00f3prio revelou recentemente.<\/p>\n<p>A extrema direita avan\u00e7a no mundo inteiro, \u00e9 uma pena e um perigo imenso para o planeta, mas o que aconteceu no Brasil no fat\u00eddico e famigerado governo Bolsonaro ultrapassou o risco do extremismo. Foi a irresponsabilidade, a falta de \u00e9tica, e o desrespeito pelo pa\u00eds e pelo seu povo levado ao extremo.<\/p>\n<p>Ter um ministro demente, e numa \u00e1rea t\u00e3o sens\u00edvel e importante como a que o general ocupou \u00e9 o suprassumo da esquizofrenia do governo Bolsonaro. A n\u00e3o ser que o tal general esteja mentindo e usando esta farsa somente para se livrar da justa cadeia pelos crimes cometidos contra a na\u00e7\u00e3o.<\/p>\n<p>&#8230;&#8230;&#8230;&#8230;&#8230;&#8230;..<\/p>\n<p><strong>Ant\u00f4nio Eust\u00e1quio, correspondente de Notibras na Europa, est\u00e1 sempre atento aos fatos do Brasil<\/strong><\/p>\n","protected":false},"excerpt":{"rendered":"<p>Humildemente tomo emprestado o t\u00edtulo da obra de Gabriel Garc\u00eda M\u00e1rquez para falar sobre um certo general brasileiro, condenado e preso por tentativa de golpe de Estado, algo completamente in\u00e9dito e inimagin\u00e1vel h\u00e1 menos de uma d\u00e9cada. N\u00e3o que o referido general tenha a grandeza do personagem de Garc\u00eda M\u00e1rquez, pelo contr\u00e1rio. A raz\u00e3o pela [&hellip;]<\/p>\n","protected":false},"author":2,"featured_media":373399,"comment_status":"closed","ping_status":"closed","sticky":false,"template":"","format":"standard","meta":{"_acf_changed":false,"footnotes":""},"categories":[16],"tags":[95],"class_list":["post-373398","post","type-post","status-publish","format-standard","has-post-thumbnail","hentry","category-brasil","tag-capa"],"acf":[],"yoast_head":"<!-- This site is optimized with the Yoast SEO plugin v27.5 - https:\/\/yoast.com\/product\/yoast-seo-wordpress\/ -->\n<title>Se Alzheimer pega, as pris\u00f5es ficar\u00e3o vazias - Notibras<\/title>\n<meta name=\"robots\" content=\"index, follow, max-snippet:-1, max-image-preview:large, max-video-preview:-1\" \/>\n<link rel=\"canonical\" href=\"https:\/\/www.notibras.com\/site\/se-alzheimer-pega-as-prisoes-ficarao-vazias\/\" \/>\n<meta property=\"og:locale\" content=\"pt_BR\" \/>\n<meta property=\"og:type\" content=\"article\" \/>\n<meta property=\"og:title\" content=\"Se Alzheimer pega, as pris\u00f5es ficar\u00e3o vazias - Notibras\" \/>\n<meta property=\"og:description\" content=\"Humildemente tomo emprestado o t\u00edtulo da obra de Gabriel Garc\u00eda M\u00e1rquez para falar sobre um certo general brasileiro, condenado e preso por tentativa de golpe de Estado, algo completamente in\u00e9dito e inimagin\u00e1vel h\u00e1 menos de uma d\u00e9cada. N\u00e3o que o referido general tenha a grandeza do personagem de Garc\u00eda M\u00e1rquez, pelo contr\u00e1rio. A raz\u00e3o pela [&hellip;]\" \/>\n<meta property=\"og:url\" content=\"https:\/\/www.notibras.com\/site\/se-alzheimer-pega-as-prisoes-ficarao-vazias\/\" \/>\n<meta property=\"og:site_name\" content=\"Notibras\" \/>\n<meta property=\"article:publisher\" content=\"https:\/\/www.facebook.com\/notibras\/\" \/>\n<meta property=\"article:published_time\" content=\"2025-12-03T16:31:38+00:00\" \/>\n<meta property=\"article:modified_time\" content=\"2025-12-03T19:39:56+00:00\" \/>\n<meta property=\"og:image\" content=\"https:\/\/www.notibras.com\/site\/wp-content\/uploads\/2025\/12\/0698df52-ca94-47bf-aa30-06e3b09face8-683x1024.png\" \/>\n\t<meta property=\"og:image:width\" content=\"683\" \/>\n\t<meta property=\"og:image:height\" content=\"1024\" \/>\n\t<meta property=\"og:image:type\" content=\"image\/png\" \/>\n<meta name=\"author\" content=\"Reda\u00e7\u00e3o\" \/>\n<meta name=\"twitter:card\" content=\"summary_large_image\" \/>\n<meta name=\"twitter:creator\" content=\"@Notibras\" \/>\n<meta name=\"twitter:site\" content=\"@Notibras\" \/>\n<meta name=\"twitter:label1\" content=\"Escrito por\" \/>\n\t<meta name=\"twitter:data1\" content=\"Reda\u00e7\u00e3o\" \/>\n\t<meta name=\"twitter:label2\" content=\"Est. tempo de leitura\" \/>\n\t<meta name=\"twitter:data2\" content=\"4 minutos\" \/>\n<script type=\"application\/ld+json\" class=\"yoast-schema-graph\">{\"@context\":\"https:\\\/\\\/schema.org\",\"@graph\":[{\"@type\":\"Article\",\"@id\":\"https:\\\/\\\/www.notibras.com\\\/site\\\/se-alzheimer-pega-as-prisoes-ficarao-vazias\\\/#article\",\"isPartOf\":{\"@id\":\"https:\\\/\\\/www.notibras.com\\\/site\\\/se-alzheimer-pega-as-prisoes-ficarao-vazias\\\/\"},\"author\":{\"name\":\"Reda\u00e7\u00e3o\",\"@id\":\"https:\\\/\\\/www.notibras.com\\\/site\\\/#\\\/schema\\\/person\\\/36ab0979449956132d3e5b517ea76ac8\"},\"headline\":\"Se Alzheimer pega, as pris\u00f5es ficar\u00e3o vazias\",\"datePublished\":\"2025-12-03T16:31:38+00:00\",\"dateModified\":\"2025-12-03T19:39:56+00:00\",\"mainEntityOfPage\":{\"@id\":\"https:\\\/\\\/www.notibras.com\\\/site\\\/se-alzheimer-pega-as-prisoes-ficarao-vazias\\\/\"},\"wordCount\":572,\"publisher\":{\"@id\":\"https:\\\/\\\/www.notibras.com\\\/site\\\/#organization\"},\"image\":{\"@id\":\"https:\\\/\\\/www.notibras.com\\\/site\\\/se-alzheimer-pega-as-prisoes-ficarao-vazias\\\/#primaryimage\"},\"thumbnailUrl\":\"https:\\\/\\\/www.notibras.com\\\/site\\\/wp-content\\\/uploads\\\/2025\\\/12\\\/0698df52-ca94-47bf-aa30-06e3b09face8.png\",\"keywords\":[\"capa\"],\"articleSection\":[\"Brasil\"],\"inLanguage\":\"pt-BR\"},{\"@type\":\"WebPage\",\"@id\":\"https:\\\/\\\/www.notibras.com\\\/site\\\/se-alzheimer-pega-as-prisoes-ficarao-vazias\\\/\",\"url\":\"https:\\\/\\\/www.notibras.com\\\/site\\\/se-alzheimer-pega-as-prisoes-ficarao-vazias\\\/\",\"name\":\"Se Alzheimer pega, as pris\u00f5es ficar\u00e3o vazias - Notibras\",\"isPartOf\":{\"@id\":\"https:\\\/\\\/www.notibras.com\\\/site\\\/#website\"},\"primaryImageOfPage\":{\"@id\":\"https:\\\/\\\/www.notibras.com\\\/site\\\/se-alzheimer-pega-as-prisoes-ficarao-vazias\\\/#primaryimage\"},\"image\":{\"@id\":\"https:\\\/\\\/www.notibras.com\\\/site\\\/se-alzheimer-pega-as-prisoes-ficarao-vazias\\\/#primaryimage\"},\"thumbnailUrl\":\"https:\\\/\\\/www.notibras.com\\\/site\\\/wp-content\\\/uploads\\\/2025\\\/12\\\/0698df52-ca94-47bf-aa30-06e3b09face8.png\",\"datePublished\":\"2025-12-03T16:31:38+00:00\",\"dateModified\":\"2025-12-03T19:39:56+00:00\",\"breadcrumb\":{\"@id\":\"https:\\\/\\\/www.notibras.com\\\/site\\\/se-alzheimer-pega-as-prisoes-ficarao-vazias\\\/#breadcrumb\"},\"inLanguage\":\"pt-BR\",\"potentialAction\":[{\"@type\":\"ReadAction\",\"target\":[\"https:\\\/\\\/www.notibras.com\\\/site\\\/se-alzheimer-pega-as-prisoes-ficarao-vazias\\\/\"]}]},{\"@type\":\"ImageObject\",\"inLanguage\":\"pt-BR\",\"@id\":\"https:\\\/\\\/www.notibras.com\\\/site\\\/se-alzheimer-pega-as-prisoes-ficarao-vazias\\\/#primaryimage\",\"url\":\"https:\\\/\\\/www.notibras.com\\\/site\\\/wp-content\\\/uploads\\\/2025\\\/12\\\/0698df52-ca94-47bf-aa30-06e3b09face8.png\",\"contentUrl\":\"https:\\\/\\\/www.notibras.com\\\/site\\\/wp-content\\\/uploads\\\/2025\\\/12\\\/0698df52-ca94-47bf-aa30-06e3b09face8.png\",\"width\":1024,\"height\":1536},{\"@type\":\"BreadcrumbList\",\"@id\":\"https:\\\/\\\/www.notibras.com\\\/site\\\/se-alzheimer-pega-as-prisoes-ficarao-vazias\\\/#breadcrumb\",\"itemListElement\":[{\"@type\":\"ListItem\",\"position\":1,\"name\":\"In\u00edcio\",\"item\":\"https:\\\/\\\/www.notibras.com\\\/site\\\/\"},{\"@type\":\"ListItem\",\"position\":2,\"name\":\"Se Alzheimer pega, as pris\u00f5es ficar\u00e3o vazias\"}]},{\"@type\":\"WebSite\",\"@id\":\"https:\\\/\\\/www.notibras.com\\\/site\\\/#website\",\"url\":\"https:\\\/\\\/www.notibras.com\\\/site\\\/\",\"name\":\"Notibras\",\"description\":\"Not\u00edcias de Bras\u00edlia, do Brasil e do Mundo\",\"publisher\":{\"@id\":\"https:\\\/\\\/www.notibras.com\\\/site\\\/#organization\"},\"potentialAction\":[{\"@type\":\"SearchAction\",\"target\":{\"@type\":\"EntryPoint\",\"urlTemplate\":\"https:\\\/\\\/www.notibras.com\\\/site\\\/?s={search_term_string}\"},\"query-input\":{\"@type\":\"PropertyValueSpecification\",\"valueRequired\":true,\"valueName\":\"search_term_string\"}}],\"inLanguage\":\"pt-BR\"},{\"@type\":\"Organization\",\"@id\":\"https:\\\/\\\/www.notibras.com\\\/site\\\/#organization\",\"name\":\"Grupo Notibras de Comunica\u00e7\u00e3o\",\"url\":\"https:\\\/\\\/www.notibras.com\\\/site\\\/\",\"logo\":{\"@type\":\"ImageObject\",\"inLanguage\":\"pt-BR\",\"@id\":\"https:\\\/\\\/www.notibras.com\\\/site\\\/#\\\/schema\\\/logo\\\/image\\\/\",\"url\":\"https:\\\/\\\/www.notibras.com\\\/site\\\/wp-content\\\/uploads\\\/2023\\\/01\\\/notibras23.png\",\"contentUrl\":\"https:\\\/\\\/www.notibras.com\\\/site\\\/wp-content\\\/uploads\\\/2023\\\/01\\\/notibras23.png\",\"width\":350,\"height\":87,\"caption\":\"Grupo Notibras de Comunica\u00e7\u00e3o\"},\"image\":{\"@id\":\"https:\\\/\\\/www.notibras.com\\\/site\\\/#\\\/schema\\\/logo\\\/image\\\/\"},\"sameAs\":[\"https:\\\/\\\/www.facebook.com\\\/notibras\\\/\",\"https:\\\/\\\/x.com\\\/Notibras\",\"https:\\\/\\\/www.instagram.com\\\/notibras\\\/\"]},{\"@type\":\"Person\",\"@id\":\"https:\\\/\\\/www.notibras.com\\\/site\\\/#\\\/schema\\\/person\\\/36ab0979449956132d3e5b517ea76ac8\",\"name\":\"Reda\u00e7\u00e3o\",\"image\":{\"@type\":\"ImageObject\",\"inLanguage\":\"pt-BR\",\"@id\":\"https:\\\/\\\/secure.gravatar.com\\\/avatar\\\/e0a867bdedb85fd243eadf09663511f96fc81e0720a4a42581f334ad4303aa6b?s=96&d=mm&r=g\",\"url\":\"https:\\\/\\\/secure.gravatar.com\\\/avatar\\\/e0a867bdedb85fd243eadf09663511f96fc81e0720a4a42581f334ad4303aa6b?s=96&d=mm&r=g\",\"contentUrl\":\"https:\\\/\\\/secure.gravatar.com\\\/avatar\\\/e0a867bdedb85fd243eadf09663511f96fc81e0720a4a42581f334ad4303aa6b?s=96&d=mm&r=g\",\"caption\":\"Reda\u00e7\u00e3o\"}}]}<\/script>\n<!-- \/ Yoast SEO plugin. -->","yoast_head_json":{"title":"Se Alzheimer pega, as pris\u00f5es ficar\u00e3o vazias - Notibras","robots":{"index":"index","follow":"follow","max-snippet":"max-snippet:-1","max-image-preview":"max-image-preview:large","max-video-preview":"max-video-preview:-1"},"canonical":"https:\/\/www.notibras.com\/site\/se-alzheimer-pega-as-prisoes-ficarao-vazias\/","og_locale":"pt_BR","og_type":"article","og_title":"Se Alzheimer pega, as pris\u00f5es ficar\u00e3o vazias - Notibras","og_description":"Humildemente tomo emprestado o t\u00edtulo da obra de Gabriel Garc\u00eda M\u00e1rquez para falar sobre um certo general brasileiro, condenado e preso por tentativa de golpe de Estado, algo completamente in\u00e9dito e inimagin\u00e1vel h\u00e1 menos de uma d\u00e9cada. N\u00e3o que o referido general tenha a grandeza do personagem de Garc\u00eda M\u00e1rquez, pelo contr\u00e1rio. A raz\u00e3o pela [&hellip;]","og_url":"https:\/\/www.notibras.com\/site\/se-alzheimer-pega-as-prisoes-ficarao-vazias\/","og_site_name":"Notibras","article_publisher":"https:\/\/www.facebook.com\/notibras\/","article_published_time":"2025-12-03T16:31:38+00:00","article_modified_time":"2025-12-03T19:39:56+00:00","og_image":[{"width":683,"height":1024,"url":"https:\/\/www.notibras.com\/site\/wp-content\/uploads\/2025\/12\/0698df52-ca94-47bf-aa30-06e3b09face8-683x1024.png","type":"image\/png"}],"author":"Reda\u00e7\u00e3o","twitter_card":"summary_large_image","twitter_creator":"@Notibras","twitter_site":"@Notibras","twitter_misc":{"Escrito por":"Reda\u00e7\u00e3o","Est. tempo de leitura":"4 minutos"},"schema":{"@context":"https:\/\/schema.org","@graph":[{"@type":"Article","@id":"https:\/\/www.notibras.com\/site\/se-alzheimer-pega-as-prisoes-ficarao-vazias\/#article","isPartOf":{"@id":"https:\/\/www.notibras.com\/site\/se-alzheimer-pega-as-prisoes-ficarao-vazias\/"},"author":{"name":"Reda\u00e7\u00e3o","@id":"https:\/\/www.notibras.com\/site\/#\/schema\/person\/36ab0979449956132d3e5b517ea76ac8"},"headline":"Se Alzheimer pega, as pris\u00f5es ficar\u00e3o vazias","datePublished":"2025-12-03T16:31:38+00:00","dateModified":"2025-12-03T19:39:56+00:00","mainEntityOfPage":{"@id":"https:\/\/www.notibras.com\/site\/se-alzheimer-pega-as-prisoes-ficarao-vazias\/"},"wordCount":572,"publisher":{"@id":"https:\/\/www.notibras.com\/site\/#organization"},"image":{"@id":"https:\/\/www.notibras.com\/site\/se-alzheimer-pega-as-prisoes-ficarao-vazias\/#primaryimage"},"thumbnailUrl":"https:\/\/www.notibras.com\/site\/wp-content\/uploads\/2025\/12\/0698df52-ca94-47bf-aa30-06e3b09face8.png","keywords":["capa"],"articleSection":["Brasil"],"inLanguage":"pt-BR"},{"@type":"WebPage","@id":"https:\/\/www.notibras.com\/site\/se-alzheimer-pega-as-prisoes-ficarao-vazias\/","url":"https:\/\/www.notibras.com\/site\/se-alzheimer-pega-as-prisoes-ficarao-vazias\/","name":"Se Alzheimer pega, as pris\u00f5es ficar\u00e3o vazias - Notibras","isPartOf":{"@id":"https:\/\/www.notibras.com\/site\/#website"},"primaryImageOfPage":{"@id":"https:\/\/www.notibras.com\/site\/se-alzheimer-pega-as-prisoes-ficarao-vazias\/#primaryimage"},"image":{"@id":"https:\/\/www.notibras.com\/site\/se-alzheimer-pega-as-prisoes-ficarao-vazias\/#primaryimage"},"thumbnailUrl":"https:\/\/www.notibras.com\/site\/wp-content\/uploads\/2025\/12\/0698df52-ca94-47bf-aa30-06e3b09face8.png","datePublished":"2025-12-03T16:31:38+00:00","dateModified":"2025-12-03T19:39:56+00:00","breadcrumb":{"@id":"https:\/\/www.notibras.com\/site\/se-alzheimer-pega-as-prisoes-ficarao-vazias\/#breadcrumb"},"inLanguage":"pt-BR","potentialAction":[{"@type":"ReadAction","target":["https:\/\/www.notibras.com\/site\/se-alzheimer-pega-as-prisoes-ficarao-vazias\/"]}]},{"@type":"ImageObject","inLanguage":"pt-BR","@id":"https:\/\/www.notibras.com\/site\/se-alzheimer-pega-as-prisoes-ficarao-vazias\/#primaryimage","url":"https:\/\/www.notibras.com\/site\/wp-content\/uploads\/2025\/12\/0698df52-ca94-47bf-aa30-06e3b09face8.png","contentUrl":"https:\/\/www.notibras.com\/site\/wp-content\/uploads\/2025\/12\/0698df52-ca94-47bf-aa30-06e3b09face8.png","width":1024,"height":1536},{"@type":"BreadcrumbList","@id":"https:\/\/www.notibras.com\/site\/se-alzheimer-pega-as-prisoes-ficarao-vazias\/#breadcrumb","itemListElement":[{"@type":"ListItem","position":1,"name":"In\u00edcio","item":"https:\/\/www.notibras.com\/site\/"},{"@type":"ListItem","position":2,"name":"Se Alzheimer pega, as pris\u00f5es ficar\u00e3o vazias"}]},{"@type":"WebSite","@id":"https:\/\/www.notibras.com\/site\/#website","url":"https:\/\/www.notibras.com\/site\/","name":"Notibras","description":"Not\u00edcias de Bras\u00edlia, do Brasil e do Mundo","publisher":{"@id":"https:\/\/www.notibras.com\/site\/#organization"},"potentialAction":[{"@type":"SearchAction","target":{"@type":"EntryPoint","urlTemplate":"https:\/\/www.notibras.com\/site\/?s={search_term_string}"},"query-input":{"@type":"PropertyValueSpecification","valueRequired":true,"valueName":"search_term_string"}}],"inLanguage":"pt-BR"},{"@type":"Organization","@id":"https:\/\/www.notibras.com\/site\/#organization","name":"Grupo Notibras de Comunica\u00e7\u00e3o","url":"https:\/\/www.notibras.com\/site\/","logo":{"@type":"ImageObject","inLanguage":"pt-BR","@id":"https:\/\/www.notibras.com\/site\/#\/schema\/logo\/image\/","url":"https:\/\/www.notibras.com\/site\/wp-content\/uploads\/2023\/01\/notibras23.png","contentUrl":"https:\/\/www.notibras.com\/site\/wp-content\/uploads\/2023\/01\/notibras23.png","width":350,"height":87,"caption":"Grupo Notibras de Comunica\u00e7\u00e3o"},"image":{"@id":"https:\/\/www.notibras.com\/site\/#\/schema\/logo\/image\/"},"sameAs":["https:\/\/www.facebook.com\/notibras\/","https:\/\/x.com\/Notibras","https:\/\/www.instagram.com\/notibras\/"]},{"@type":"Person","@id":"https:\/\/www.notibras.com\/site\/#\/schema\/person\/36ab0979449956132d3e5b517ea76ac8","name":"Reda\u00e7\u00e3o","image":{"@type":"ImageObject","inLanguage":"pt-BR","@id":"https:\/\/secure.gravatar.com\/avatar\/e0a867bdedb85fd243eadf09663511f96fc81e0720a4a42581f334ad4303aa6b?s=96&d=mm&r=g","url":"https:\/\/secure.gravatar.com\/avatar\/e0a867bdedb85fd243eadf09663511f96fc81e0720a4a42581f334ad4303aa6b?s=96&d=mm&r=g","contentUrl":"https:\/\/secure.gravatar.com\/avatar\/e0a867bdedb85fd243eadf09663511f96fc81e0720a4a42581f334ad4303aa6b?s=96&d=mm&r=g","caption":"Reda\u00e7\u00e3o"}}]}},"amp_enabled":true,"_links":{"self":[{"href":"https:\/\/www.notibras.com\/site\/wp-json\/wp\/v2\/posts\/373398","targetHints":{"allow":["GET"]}}],"collection":[{"href":"https:\/\/www.notibras.com\/site\/wp-json\/wp\/v2\/posts"}],"about":[{"href":"https:\/\/www.notibras.com\/site\/wp-json\/wp\/v2\/types\/post"}],"author":[{"embeddable":true,"href":"https:\/\/www.notibras.com\/site\/wp-json\/wp\/v2\/users\/2"}],"replies":[{"embeddable":true,"href":"https:\/\/www.notibras.com\/site\/wp-json\/wp\/v2\/comments?post=373398"}],"version-history":[{"count":7,"href":"https:\/\/www.notibras.com\/site\/wp-json\/wp\/v2\/posts\/373398\/revisions"}],"predecessor-version":[{"id":373420,"href":"https:\/\/www.notibras.com\/site\/wp-json\/wp\/v2\/posts\/373398\/revisions\/373420"}],"wp:featuredmedia":[{"embeddable":true,"href":"https:\/\/www.notibras.com\/site\/wp-json\/wp\/v2\/media\/373399"}],"wp:attachment":[{"href":"https:\/\/www.notibras.com\/site\/wp-json\/wp\/v2\/media?parent=373398"}],"wp:term":[{"taxonomy":"category","embeddable":true,"href":"https:\/\/www.notibras.com\/site\/wp-json\/wp\/v2\/categories?post=373398"},{"taxonomy":"post_tag","embeddable":true,"href":"https:\/\/www.notibras.com\/site\/wp-json\/wp\/v2\/tags?post=373398"}],"curies":[{"name":"wp","href":"https:\/\/api.w.org\/{rel}","templated":true}]}}