{"id":373405,"date":"2025-12-03T11:41:07","date_gmt":"2025-12-03T14:41:07","guid":{"rendered":"https:\/\/www.notibras.com\/site\/?p=373405"},"modified":"2025-12-03T13:49:49","modified_gmt":"2025-12-03T16:49:49","slug":"equipe-da-15a-de-ceilandia-prende-autor-de-dupla-tentativa-de-homicidio","status":"publish","type":"post","link":"https:\/\/www.notibras.com\/site\/equipe-da-15a-de-ceilandia-prende-autor-de-dupla-tentativa-de-homicidio\/","title":{"rendered":"Equipe da 15\u00aa, de Ceil\u00e2ndia, prende autor de dupla tentativa de homic\u00eddio"},"content":{"rendered":"<p>A Pol\u00edcia Civil do Distrito Federal, por meio da 15\u00aa Delegacia de Pol\u00edcia, prendeu um homem de 34 anos, autor de duas tentativas de homic\u00eddio qualificado, al\u00e9m de ofensas, amea\u00e7as e crimes com arma de fogo.<\/p>\n<p>A a\u00e7\u00e3o recebeu o nome de Opera\u00e7\u00e3o Schuss \u2014 termo alem\u00e3o que significa \u201cdisparo\u201d \u2014 em refer\u00eancia aos m\u00faltiplos tiros efetuados pelo autor contra as v\u00edtimas e aos disparos realizados posteriormente em outro endere\u00e7o.<\/p>\n<p><strong>O crime<\/strong><br \/>\nAs v\u00edtimas, uma mulher de 48 anos e um homem de 51 anos, foram at\u00e9 a resid\u00eancia do autor, situada na QNM 06, em Ceil\u00e2ndia, ap\u00f3s ele proferir inj\u00farias e amea\u00e7as contra ambos.<\/p>\n<p>Ele n\u00e3o atendeu a porta e, quando as v\u00edtimas retornavam ao ve\u00edculo, por volta das 22h, o agressor saiu armado da casa e efetuou diversos disparos, atingindo o homem nas costas e causando ferimento de rasp\u00e3o na mulher. O carro do casal tamb\u00e9m foi perfurado.<\/p>\n<p>Ap\u00f3s o primeiro ataque, o autor se deslocou at\u00e9 a frente da casa da genitora da v\u00edtima, na QNM 24, tamb\u00e9m em Ceil\u00e2ndia, onde realizou novos disparos.<\/p>\n<p>Durante as dilig\u00eancias iniciais, foram encontrados estojos e muni\u00e7\u00f5es calibre 9mm tanto na QNM 06 quanto na QNM 24, refor\u00e7ando a din\u00e2mica violenta dos crimes.<\/p>\n<p><strong>A investiga\u00e7\u00e3o<\/strong><br \/>\nA PCDF, atrav\u00e9s dos agentes da 15\u00aa DP e dos peritos do IC\/PCDF realizou entrevistas com v\u00edtimas e testemunhas, analisou os vest\u00edgios bal\u00edsticos e representou ao Judici\u00e1rio por pris\u00e3o preventiva e mandado de busca e apreens\u00e3o contra o autor.<\/p>\n<p><strong>A pris\u00e3o<\/strong><br \/>\nO criminoso estava escondido na casa de uma prima, no Sol Nascente, onde buscava abrigo para evitar a captura.<\/p>\n<p>Ap\u00f3s monitoramento e dilig\u00eancias de intelig\u00eancia, equipes da 15\u00aa DP conseguiram localiz\u00e1-lo, surpreend\u00ea-lo e realizar sua pris\u00e3o.<\/p>\n<p>No cumprimento do mandado na casa do autor, a arma utilizada n\u00e3o foi localizada. Entretanto, os policiais encontraram e apreenderam:<br \/>\n\u2022 diversas facas de l\u00e2mina grande;<br \/>\n\u2022 uma espada de l\u00e2mina longa.<\/p>\n<p>O material foi recolhido por representar risco \u00e0 ordem p\u00fablica e evidenciar comportamento violento.<\/p>\n<p>Na 15\u00aa DP, ele foi indiciado pelos seguintes crimes:<br \/>\n\u2022 Dupla tentativa de homic\u00eddio qualificado<br \/>\n\u2022 Dupla Inj\u00faria<br \/>\n\u2022 Dupla Amea\u00e7a<br \/>\n\u2022 Porte ilegal de arma de fogo de uso restrito<br \/>\n\u2022 Disparo de arma de fogo<\/p>\n<p>Somadas, as penas de tais delitos podem superar 52 anos de reclus\u00e3o. As dilig\u00eancias seguem para localiza\u00e7\u00e3o da arma utilizada nos disparos e complementa\u00e7\u00e3o do conjunto probat\u00f3rio.<\/p>\n","protected":false},"excerpt":{"rendered":"<p>A Pol\u00edcia Civil do Distrito Federal, por meio da 15\u00aa Delegacia de Pol\u00edcia, prendeu um homem de 34 anos, autor de duas tentativas de homic\u00eddio qualificado, al\u00e9m de ofensas, amea\u00e7as e crimes com arma de fogo. A a\u00e7\u00e3o recebeu o nome de Opera\u00e7\u00e3o Schuss \u2014 termo alem\u00e3o que significa \u201cdisparo\u201d \u2014 em refer\u00eancia aos m\u00faltiplos [&hellip;]<\/p>\n","protected":false},"author":2,"featured_media":373406,"comment_status":"closed","ping_status":"closed","sticky":false,"template":"","format":"standard","meta":{"_acf_changed":false,"footnotes":""},"categories":[161],"tags":[],"class_list":["post-373405","post","type-post","status-publish","format-standard","has-post-thumbnail","hentry","category-quadradinho-em-foco"],"acf":[],"_links":{"self":[{"href":"https:\/\/www.notibras.com\/site\/wp-json\/wp\/v2\/posts\/373405","targetHints":{"allow":["GET"]}}],"collection":[{"href":"https:\/\/www.notibras.com\/site\/wp-json\/wp\/v2\/posts"}],"about":[{"href":"https:\/\/www.notibras.com\/site\/wp-json\/wp\/v2\/types\/post"}],"author":[{"embeddable":true,"href":"https:\/\/www.notibras.com\/site\/wp-json\/wp\/v2\/users\/2"}],"replies":[{"embeddable":true,"href":"https:\/\/www.notibras.com\/site\/wp-json\/wp\/v2\/comments?post=373405"}],"version-history":[{"count":1,"href":"https:\/\/www.notibras.com\/site\/wp-json\/wp\/v2\/posts\/373405\/revisions"}],"predecessor-version":[{"id":373407,"href":"https:\/\/www.notibras.com\/site\/wp-json\/wp\/v2\/posts\/373405\/revisions\/373407"}],"wp:featuredmedia":[{"embeddable":true,"href":"https:\/\/www.notibras.com\/site\/wp-json\/wp\/v2\/media\/373406"}],"wp:attachment":[{"href":"https:\/\/www.notibras.com\/site\/wp-json\/wp\/v2\/media?parent=373405"}],"wp:term":[{"taxonomy":"category","embeddable":true,"href":"https:\/\/www.notibras.com\/site\/wp-json\/wp\/v2\/categories?post=373405"},{"taxonomy":"post_tag","embeddable":true,"href":"https:\/\/www.notibras.com\/site\/wp-json\/wp\/v2\/tags?post=373405"}],"curies":[{"name":"wp","href":"https:\/\/api.w.org\/{rel}","templated":true}]}}