{"id":373408,"date":"2025-12-03T13:01:47","date_gmt":"2025-12-03T16:01:47","guid":{"rendered":"https:\/\/www.notibras.com\/site\/?p=373408"},"modified":"2025-12-03T14:03:41","modified_gmt":"2025-12-03T17:03:41","slug":"exposicao-celebra-a-cultura-nordestina","status":"publish","type":"post","link":"https:\/\/www.notibras.com\/site\/exposicao-celebra-a-cultura-nordestina\/","title":{"rendered":"Exposi\u00e7\u00e3o celebra a cultura nordestina"},"content":{"rendered":"<p>O Museu de Arte Contempor\u00e2nea do Cear\u00e1 (MAC-CE) abriu as portas para a exposi\u00e7\u00e3o Bloco do Prazer, no Centro Drag\u00e3o do Mar de Arte e Cultura.<\/p>\n<p>A mostra \u00e9 gratuita e, segundo os idealizadores, busca repensar a festa como linguagem cultural e afirma\u00e7\u00e3o de identidade coletiva.<\/p>\n<p>\u201cA festa \u00e9, para n\u00f3s, mais que celebra\u00e7\u00e3o. \u00c9 modo de existir, criar e resistir. O Bloco do Prazer faz ecoar no museu o ritmo das ruas, das tradi\u00e7\u00f5es e das inven\u00e7\u00f5es que movem a cultura cearense e nordestina\u201d, diz Luisa Cela, Secret\u00e1ria da Cultura do Cear\u00e1.<\/p>\n<p>A exposi\u00e7\u00e3o \u00e9 uma parceria entre Minist\u00e9rio da Cultura, Instituto Drag\u00e3o do Mar e o Museu de Arte do Rio, com patroc\u00ednio da Petrobras e da Secretaria da Cultura do Cear\u00e1.<\/p>\n<p>O projeto re\u00fane 250 obras de diferentes per\u00edodos, linguagens e artistas, com 14 trabalhos de produ\u00e7\u00e3o recente ou comissionados contempor\u00e2neos, que exploram o corpo, som, movimento e ocupa\u00e7\u00e3o da rua.<\/p>\n<p>As obras incluem pinturas, fotografias, objetos, arquivos, documentos hist\u00f3ricos, instala\u00e7\u00f5es e registros de rituais e festas populares.<\/p>\n<p>A mostra vai exibir obras de cerca de 50 artistas nordestinos, sendo 30 cearenses e os demais divididos entre os estados de Pernambuco, Rio Grande do Norte e Bahia.<\/p>\n<p>Na lista, est\u00e3o nomes como Z\u00e9 Tarc\u00edsio, Luiz Hermano, Charles Lessa, Helo\u00edsa Jua\u00e7aba e o Mestre Chico Em\u00edlia, Nicolas Gondim, Blecaute e Estrigas.<\/p>\n<p>\u201cCom a exposi\u00e7\u00e3o Bloco do Prazer, o MAC-CE inaugura uma nova fase, que prop\u00f5e ampliar o acesso, diversificar os p\u00fablicos e aproximar a arte contempor\u00e2nea das viv\u00eancias do nosso povo\u201d, conta Camila Rodrigues, superintendente do Centro Drag\u00e3o do Mar de Arte e Cultura.<\/p>\n","protected":false},"excerpt":{"rendered":"<p>O Museu de Arte Contempor\u00e2nea do Cear\u00e1 (MAC-CE) abriu as portas para a exposi\u00e7\u00e3o Bloco do Prazer, no Centro Drag\u00e3o do Mar de Arte e Cultura. A mostra \u00e9 gratuita e, segundo os idealizadores, busca repensar a festa como linguagem cultural e afirma\u00e7\u00e3o de identidade coletiva. \u201cA festa \u00e9, para n\u00f3s, mais que celebra\u00e7\u00e3o. \u00c9 [&hellip;]<\/p>\n","protected":false},"author":2,"featured_media":373409,"comment_status":"closed","ping_status":"closed","sticky":false,"template":"","format":"standard","meta":{"_acf_changed":false,"footnotes":""},"categories":[165],"tags":[],"class_list":["post-373408","post","type-post","status-publish","format-standard","has-post-thumbnail","hentry","category-nordeste"],"acf":[],"_links":{"self":[{"href":"https:\/\/www.notibras.com\/site\/wp-json\/wp\/v2\/posts\/373408","targetHints":{"allow":["GET"]}}],"collection":[{"href":"https:\/\/www.notibras.com\/site\/wp-json\/wp\/v2\/posts"}],"about":[{"href":"https:\/\/www.notibras.com\/site\/wp-json\/wp\/v2\/types\/post"}],"author":[{"embeddable":true,"href":"https:\/\/www.notibras.com\/site\/wp-json\/wp\/v2\/users\/2"}],"replies":[{"embeddable":true,"href":"https:\/\/www.notibras.com\/site\/wp-json\/wp\/v2\/comments?post=373408"}],"version-history":[{"count":1,"href":"https:\/\/www.notibras.com\/site\/wp-json\/wp\/v2\/posts\/373408\/revisions"}],"predecessor-version":[{"id":373410,"href":"https:\/\/www.notibras.com\/site\/wp-json\/wp\/v2\/posts\/373408\/revisions\/373410"}],"wp:featuredmedia":[{"embeddable":true,"href":"https:\/\/www.notibras.com\/site\/wp-json\/wp\/v2\/media\/373409"}],"wp:attachment":[{"href":"https:\/\/www.notibras.com\/site\/wp-json\/wp\/v2\/media?parent=373408"}],"wp:term":[{"taxonomy":"category","embeddable":true,"href":"https:\/\/www.notibras.com\/site\/wp-json\/wp\/v2\/categories?post=373408"},{"taxonomy":"post_tag","embeddable":true,"href":"https:\/\/www.notibras.com\/site\/wp-json\/wp\/v2\/tags?post=373408"}],"curies":[{"name":"wp","href":"https:\/\/api.w.org\/{rel}","templated":true}]}}