{"id":373421,"date":"2025-12-04T01:10:37","date_gmt":"2025-12-04T04:10:37","guid":{"rendered":"https:\/\/www.notibras.com\/site\/?p=373421"},"modified":"2025-12-03T17:11:18","modified_gmt":"2025-12-03T20:11:18","slug":"entre-a-nevoa-da-lenda-dos-troll-e-os-ecos-atuais","status":"publish","type":"post","link":"https:\/\/www.notibras.com\/site\/entre-a-nevoa-da-lenda-dos-troll-e-os-ecos-atuais\/","title":{"rendered":"Entre a n\u00e9voa da lenda dos Troll e os ecos atuais"},"content":{"rendered":"<p data-start=\"280\" data-end=\"686\">Por s\u00e9culos, os Troll t\u00eam habitado n\u00e3o apenas as florestas geladas da Noruega, Su\u00e9cia e Dinamarca, mas tamb\u00e9m a imagina\u00e7\u00e3o coletiva de povos que aprenderam a conviver com a escurid\u00e3o do inverno, o sil\u00eancio das montanhas e o fasc\u00ednio do desconhecido. Hoje, essas criaturas ganham novos contornos \u2014 ora tur\u00edsticas, ora simb\u00f3licas \u2014 mas continuam envoltas em uma aura de mist\u00e9rio que desafia o olhar racional.<\/p>\n<p data-start=\"731\" data-end=\"1163\">Em relatos que atravessaram gera\u00e7\u00f5es, os Troll assumem formas variadas: gigantes desajeitados que se transformam em pedra ao primeiro raio de sol; seres retorcidos, de longos narizes e temperamento imprevis\u00edvel; guardi\u00f5es das montanhas ou amea\u00e7as das florestas profundas. A tradi\u00e7\u00e3o oral n\u00f3rdica os descreve como criaturas que vivem \u00e0 margem do visto e do compreendido, quase sempre associados \u00e0 noite e ao poder oculto da natureza.<\/p>\n<p data-start=\"1165\" data-end=\"1435\">Arque\u00f3logos e historiadores afirmam que essas lendas podem ter surgido como explica\u00e7\u00f5es folcl\u00f3ricas para fen\u00f4menos naturais \u2014 pedras de formatos estranhos, ru\u00eddos na mata, tempestades repentinas. Mas no imagin\u00e1rio n\u00f3rdico, Troll s\u00e3o mais do que met\u00e1foras: s\u00e3o presen\u00e7as.<\/p>\n<p data-start=\"1469\" data-end=\"1757\">Os fiordes noruegueses, com suas gargantas estreitas e luz rarefeita, criam o cen\u00e1rio perfeito para o nascimento de seres de pedra. Rochedos colossais, esculpidos pelo gelo, remetem a silhuetas humanas \u2014 e alimentam a cren\u00e7a de que Troll petrificados repousam ali desde tempos imemoriais.<\/p>\n<p data-start=\"1759\" data-end=\"2000\">Na Isl\u00e2ndia, onde o folclore \u00e9 uma for\u00e7a quase institucional, mapas tur\u00edsticos ainda marcam regi\u00f5es \u201chabitat de Troll\u201d. Guias locais, meio s\u00e9rios, meio brincalh\u00f5es, alertam: \u201cRespeite os caminhos antigos, nunca se sabe quem est\u00e1 observando.\u201d<\/p>\n<p data-start=\"2050\" data-end=\"2394\">Pesquisadores de cultura n\u00f3rdica apontam que os Troll representam o confronto entre o homem e a natureza bruta \u2014 uma natureza que, nas latitudes geladas, pode ser t\u00e3o majestosa quanto amea\u00e7adora. J\u00e1 psic\u00f3logos culturais lembram que esses seres expressam medos arcaicos: o desconhecido, a noite intermin\u00e1vel, a for\u00e7a incontrol\u00e1vel das montanhas.<\/p>\n<p data-start=\"2396\" data-end=\"2704\">Ao mesmo tempo, a ind\u00fastria tur\u00edstica abra\u00e7ou os Troll com entusiasmo. Est\u00e1tuas em tamanho real adornam pra\u00e7as, hot\u00e9is e estradas; lojas vendem miniaturas feitas \u00e0 m\u00e3o; e parques tem\u00e1ticos reconstroem cavernas onde \u201cTroll dormem\u201d. A fronteira entre folclore e entretenimento se dilui como neve sob sol fraco.<\/p>\n<p data-start=\"2739\" data-end=\"3047\">Para muitos habitantes da regi\u00e3o, os Troll n\u00e3o s\u00e3o vistos como monstros, mas como entidades com as quais \u00e9 poss\u00edvel \u2014 e prudente \u2014 manter uma conviv\u00eancia respeitosa. O misticismo n\u00f3rdico atribui a eles dom\u00ednio sobre pedras, rios e florestas; s\u00e3o criaturas que personificam a for\u00e7a invis\u00edvel do mundo natural.<\/p>\n<p data-start=\"3049\" data-end=\"3341\">H\u00e1 quem jure ter ouvido passos pesados na mata ao anoitecer. H\u00e1 quem evite certas trilhas nas montanhas. H\u00e1 quem deixe pequenas oferendas \u2014 moedas, frutas, um gole de bebida quente \u2014 em cavernas isoladas. N\u00e3o por medo, mas por tradi\u00e7\u00e3o. E tradi\u00e7\u00e3o, na terra dos Troll, vale tanto quanto fato.<\/p>\n<p data-start=\"3378\" data-end=\"3660\">No fim, os Troll permanecem onde sempre estiveram: na borda difusa entre o mundo f\u00edsico e o simb\u00f3lico. N\u00e3o s\u00e3o apenas personagens de contos antigos, mas reflexos de uma cultura que aprendeu a transformar o sil\u00eancio da neve e o peso das montanhas em hist\u00f3rias que atravessam s\u00e9culos.<\/p>\n<p data-start=\"3662\" data-end=\"3944\">Investiga\u00e7\u00f5es cient\u00edficas podem mapear comportamentos humanos, explicar fen\u00f4menos geol\u00f3gicos e registrar tradi\u00e7\u00f5es. Mas o territ\u00f3rio dos Troll \u2014 este, nenhum mapa captura por completo. Ele vive no imagin\u00e1rio, na penumbra e, sobretudo, na necessidade humana de dar forma ao mist\u00e9rio.<\/p>\n","protected":false},"excerpt":{"rendered":"<p>Por s\u00e9culos, os Troll t\u00eam habitado n\u00e3o apenas as florestas geladas da Noruega, Su\u00e9cia e Dinamarca, mas tamb\u00e9m a imagina\u00e7\u00e3o coletiva de povos que aprenderam a conviver com a escurid\u00e3o do inverno, o sil\u00eancio das montanhas e o fasc\u00ednio do desconhecido. Hoje, essas criaturas ganham novos contornos \u2014 ora tur\u00edsticas, ora simb\u00f3licas \u2014 mas continuam [&hellip;]<\/p>\n","protected":false},"author":2,"featured_media":373422,"comment_status":"closed","ping_status":"closed","sticky":false,"template":"","format":"standard","meta":{"_acf_changed":false,"footnotes":""},"categories":[237],"tags":[],"class_list":["post-373421","post","type-post","status-publish","format-standard","has-post-thumbnail","hentry","category-oraculos"],"acf":[],"yoast_head":"<!-- This site is optimized with the Yoast SEO plugin v27.2 - https:\/\/yoast.com\/product\/yoast-seo-wordpress\/ -->\n<title>Entre a n\u00e9voa da lenda dos Troll e os ecos atuais - Notibras<\/title>\n<meta name=\"robots\" content=\"index, follow, max-snippet:-1, max-image-preview:large, max-video-preview:-1\" \/>\n<link rel=\"canonical\" href=\"https:\/\/www.notibras.com\/site\/entre-a-nevoa-da-lenda-dos-troll-e-os-ecos-atuais\/\" \/>\n<meta property=\"og:locale\" content=\"pt_BR\" \/>\n<meta property=\"og:type\" content=\"article\" \/>\n<meta property=\"og:title\" content=\"Entre a n\u00e9voa da lenda dos Troll e os ecos atuais - Notibras\" \/>\n<meta property=\"og:description\" content=\"Por s\u00e9culos, os Troll t\u00eam habitado n\u00e3o apenas as florestas geladas da Noruega, Su\u00e9cia e Dinamarca, mas tamb\u00e9m a imagina\u00e7\u00e3o coletiva de povos que aprenderam a conviver com a escurid\u00e3o do inverno, o sil\u00eancio das montanhas e o fasc\u00ednio do desconhecido. Hoje, essas criaturas ganham novos contornos \u2014 ora tur\u00edsticas, ora simb\u00f3licas \u2014 mas continuam [&hellip;]\" \/>\n<meta property=\"og:url\" content=\"https:\/\/www.notibras.com\/site\/entre-a-nevoa-da-lenda-dos-troll-e-os-ecos-atuais\/\" \/>\n<meta property=\"og:site_name\" content=\"Notibras\" \/>\n<meta property=\"article:publisher\" content=\"https:\/\/www.facebook.com\/notibras\/\" \/>\n<meta property=\"article:published_time\" content=\"2025-12-04T04:10:37+00:00\" \/>\n<meta property=\"og:image\" content=\"https:\/\/www.notibras.com\/site\/wp-content\/uploads\/2025\/12\/ec9b9f5a-f3de-4eca-a9f9-6d2705284890-683x1024.png\" \/>\n\t<meta property=\"og:image:width\" content=\"683\" \/>\n\t<meta property=\"og:image:height\" content=\"1024\" \/>\n\t<meta property=\"og:image:type\" content=\"image\/png\" \/>\n<meta name=\"author\" content=\"Reda\u00e7\u00e3o\" \/>\n<meta name=\"twitter:card\" content=\"summary_large_image\" \/>\n<meta name=\"twitter:creator\" content=\"@Notibras\" \/>\n<meta name=\"twitter:site\" content=\"@Notibras\" \/>\n<meta name=\"twitter:label1\" content=\"Escrito por\" \/>\n\t<meta name=\"twitter:data1\" content=\"Reda\u00e7\u00e3o\" \/>\n\t<meta name=\"twitter:label2\" content=\"Est. tempo de leitura\" \/>\n\t<meta name=\"twitter:data2\" content=\"4 minutos\" \/>\n<script type=\"application\/ld+json\" class=\"yoast-schema-graph\">{\"@context\":\"https:\/\/schema.org\",\"@graph\":[{\"@type\":\"Article\",\"@id\":\"https:\/\/www.notibras.com\/site\/entre-a-nevoa-da-lenda-dos-troll-e-os-ecos-atuais\/#article\",\"isPartOf\":{\"@id\":\"https:\/\/www.notibras.com\/site\/entre-a-nevoa-da-lenda-dos-troll-e-os-ecos-atuais\/\"},\"author\":{\"name\":\"Reda\u00e7\u00e3o\",\"@id\":\"https:\/\/www.notibras.com\/site\/#\/schema\/person\/36ab0979449956132d3e5b517ea76ac8\"},\"headline\":\"Entre a n\u00e9voa da lenda dos Troll e os ecos atuais\",\"datePublished\":\"2025-12-04T04:10:37+00:00\",\"mainEntityOfPage\":{\"@id\":\"https:\/\/www.notibras.com\/site\/entre-a-nevoa-da-lenda-dos-troll-e-os-ecos-atuais\/\"},\"wordCount\":613,\"publisher\":{\"@id\":\"https:\/\/www.notibras.com\/site\/#organization\"},\"image\":{\"@id\":\"https:\/\/www.notibras.com\/site\/entre-a-nevoa-da-lenda-dos-troll-e-os-ecos-atuais\/#primaryimage\"},\"thumbnailUrl\":\"https:\/\/www.notibras.com\/site\/wp-content\/uploads\/2025\/12\/ec9b9f5a-f3de-4eca-a9f9-6d2705284890.png\",\"articleSection\":[\"Or\u00e1culos\"],\"inLanguage\":\"pt-BR\"},{\"@type\":\"WebPage\",\"@id\":\"https:\/\/www.notibras.com\/site\/entre-a-nevoa-da-lenda-dos-troll-e-os-ecos-atuais\/\",\"url\":\"https:\/\/www.notibras.com\/site\/entre-a-nevoa-da-lenda-dos-troll-e-os-ecos-atuais\/\",\"name\":\"Entre a n\u00e9voa da lenda dos Troll e os ecos atuais - Notibras\",\"isPartOf\":{\"@id\":\"https:\/\/www.notibras.com\/site\/#website\"},\"primaryImageOfPage\":{\"@id\":\"https:\/\/www.notibras.com\/site\/entre-a-nevoa-da-lenda-dos-troll-e-os-ecos-atuais\/#primaryimage\"},\"image\":{\"@id\":\"https:\/\/www.notibras.com\/site\/entre-a-nevoa-da-lenda-dos-troll-e-os-ecos-atuais\/#primaryimage\"},\"thumbnailUrl\":\"https:\/\/www.notibras.com\/site\/wp-content\/uploads\/2025\/12\/ec9b9f5a-f3de-4eca-a9f9-6d2705284890.png\",\"datePublished\":\"2025-12-04T04:10:37+00:00\",\"breadcrumb\":{\"@id\":\"https:\/\/www.notibras.com\/site\/entre-a-nevoa-da-lenda-dos-troll-e-os-ecos-atuais\/#breadcrumb\"},\"inLanguage\":\"pt-BR\",\"potentialAction\":[{\"@type\":\"ReadAction\",\"target\":[\"https:\/\/www.notibras.com\/site\/entre-a-nevoa-da-lenda-dos-troll-e-os-ecos-atuais\/\"]}]},{\"@type\":\"ImageObject\",\"inLanguage\":\"pt-BR\",\"@id\":\"https:\/\/www.notibras.com\/site\/entre-a-nevoa-da-lenda-dos-troll-e-os-ecos-atuais\/#primaryimage\",\"url\":\"https:\/\/www.notibras.com\/site\/wp-content\/uploads\/2025\/12\/ec9b9f5a-f3de-4eca-a9f9-6d2705284890.png\",\"contentUrl\":\"https:\/\/www.notibras.com\/site\/wp-content\/uploads\/2025\/12\/ec9b9f5a-f3de-4eca-a9f9-6d2705284890.png\",\"width\":1024,\"height\":1536},{\"@type\":\"BreadcrumbList\",\"@id\":\"https:\/\/www.notibras.com\/site\/entre-a-nevoa-da-lenda-dos-troll-e-os-ecos-atuais\/#breadcrumb\",\"itemListElement\":[{\"@type\":\"ListItem\",\"position\":1,\"name\":\"In\u00edcio\",\"item\":\"https:\/\/www.notibras.com\/site\/\"},{\"@type\":\"ListItem\",\"position\":2,\"name\":\"Entre a n\u00e9voa da lenda dos Troll e os ecos atuais\"}]},{\"@type\":\"WebSite\",\"@id\":\"https:\/\/www.notibras.com\/site\/#website\",\"url\":\"https:\/\/www.notibras.com\/site\/\",\"name\":\"Notibras\",\"description\":\"Not\u00edcias de Bras\u00edlia, do Brasil e do Mundo\",\"publisher\":{\"@id\":\"https:\/\/www.notibras.com\/site\/#organization\"},\"potentialAction\":[{\"@type\":\"SearchAction\",\"target\":{\"@type\":\"EntryPoint\",\"urlTemplate\":\"https:\/\/www.notibras.com\/site\/?s={search_term_string}\"},\"query-input\":{\"@type\":\"PropertyValueSpecification\",\"valueRequired\":true,\"valueName\":\"search_term_string\"}}],\"inLanguage\":\"pt-BR\"},{\"@type\":\"Organization\",\"@id\":\"https:\/\/www.notibras.com\/site\/#organization\",\"name\":\"Grupo Notibras de Comunica\u00e7\u00e3o\",\"url\":\"https:\/\/www.notibras.com\/site\/\",\"logo\":{\"@type\":\"ImageObject\",\"inLanguage\":\"pt-BR\",\"@id\":\"https:\/\/www.notibras.com\/site\/#\/schema\/logo\/image\/\",\"url\":\"https:\/\/www.notibras.com\/site\/wp-content\/uploads\/2023\/01\/notibras23.png\",\"contentUrl\":\"https:\/\/www.notibras.com\/site\/wp-content\/uploads\/2023\/01\/notibras23.png\",\"width\":350,\"height\":87,\"caption\":\"Grupo Notibras de Comunica\u00e7\u00e3o\"},\"image\":{\"@id\":\"https:\/\/www.notibras.com\/site\/#\/schema\/logo\/image\/\"},\"sameAs\":[\"https:\/\/www.facebook.com\/notibras\/\",\"https:\/\/x.com\/Notibras\",\"https:\/\/www.instagram.com\/notibras\/\"]},{\"@type\":\"Person\",\"@id\":\"https:\/\/www.notibras.com\/site\/#\/schema\/person\/36ab0979449956132d3e5b517ea76ac8\",\"name\":\"Reda\u00e7\u00e3o\",\"image\":{\"@type\":\"ImageObject\",\"inLanguage\":\"pt-BR\",\"@id\":\"https:\/\/secure.gravatar.com\/avatar\/e0a867bdedb85fd243eadf09663511f96fc81e0720a4a42581f334ad4303aa6b?s=96&d=mm&r=g\",\"url\":\"https:\/\/secure.gravatar.com\/avatar\/e0a867bdedb85fd243eadf09663511f96fc81e0720a4a42581f334ad4303aa6b?s=96&d=mm&r=g\",\"contentUrl\":\"https:\/\/secure.gravatar.com\/avatar\/e0a867bdedb85fd243eadf09663511f96fc81e0720a4a42581f334ad4303aa6b?s=96&d=mm&r=g\",\"caption\":\"Reda\u00e7\u00e3o\"}}]}<\/script>\n<!-- \/ Yoast SEO plugin. -->","yoast_head_json":{"title":"Entre a n\u00e9voa da lenda dos Troll e os ecos atuais - Notibras","robots":{"index":"index","follow":"follow","max-snippet":"max-snippet:-1","max-image-preview":"max-image-preview:large","max-video-preview":"max-video-preview:-1"},"canonical":"https:\/\/www.notibras.com\/site\/entre-a-nevoa-da-lenda-dos-troll-e-os-ecos-atuais\/","og_locale":"pt_BR","og_type":"article","og_title":"Entre a n\u00e9voa da lenda dos Troll e os ecos atuais - Notibras","og_description":"Por s\u00e9culos, os Troll t\u00eam habitado n\u00e3o apenas as florestas geladas da Noruega, Su\u00e9cia e Dinamarca, mas tamb\u00e9m a imagina\u00e7\u00e3o coletiva de povos que aprenderam a conviver com a escurid\u00e3o do inverno, o sil\u00eancio das montanhas e o fasc\u00ednio do desconhecido. Hoje, essas criaturas ganham novos contornos \u2014 ora tur\u00edsticas, ora simb\u00f3licas \u2014 mas continuam [&hellip;]","og_url":"https:\/\/www.notibras.com\/site\/entre-a-nevoa-da-lenda-dos-troll-e-os-ecos-atuais\/","og_site_name":"Notibras","article_publisher":"https:\/\/www.facebook.com\/notibras\/","article_published_time":"2025-12-04T04:10:37+00:00","og_image":[{"width":683,"height":1024,"url":"https:\/\/www.notibras.com\/site\/wp-content\/uploads\/2025\/12\/ec9b9f5a-f3de-4eca-a9f9-6d2705284890-683x1024.png","type":"image\/png"}],"author":"Reda\u00e7\u00e3o","twitter_card":"summary_large_image","twitter_creator":"@Notibras","twitter_site":"@Notibras","twitter_misc":{"Escrito por":"Reda\u00e7\u00e3o","Est. tempo de leitura":"4 minutos"},"schema":{"@context":"https:\/\/schema.org","@graph":[{"@type":"Article","@id":"https:\/\/www.notibras.com\/site\/entre-a-nevoa-da-lenda-dos-troll-e-os-ecos-atuais\/#article","isPartOf":{"@id":"https:\/\/www.notibras.com\/site\/entre-a-nevoa-da-lenda-dos-troll-e-os-ecos-atuais\/"},"author":{"name":"Reda\u00e7\u00e3o","@id":"https:\/\/www.notibras.com\/site\/#\/schema\/person\/36ab0979449956132d3e5b517ea76ac8"},"headline":"Entre a n\u00e9voa da lenda dos Troll e os ecos atuais","datePublished":"2025-12-04T04:10:37+00:00","mainEntityOfPage":{"@id":"https:\/\/www.notibras.com\/site\/entre-a-nevoa-da-lenda-dos-troll-e-os-ecos-atuais\/"},"wordCount":613,"publisher":{"@id":"https:\/\/www.notibras.com\/site\/#organization"},"image":{"@id":"https:\/\/www.notibras.com\/site\/entre-a-nevoa-da-lenda-dos-troll-e-os-ecos-atuais\/#primaryimage"},"thumbnailUrl":"https:\/\/www.notibras.com\/site\/wp-content\/uploads\/2025\/12\/ec9b9f5a-f3de-4eca-a9f9-6d2705284890.png","articleSection":["Or\u00e1culos"],"inLanguage":"pt-BR"},{"@type":"WebPage","@id":"https:\/\/www.notibras.com\/site\/entre-a-nevoa-da-lenda-dos-troll-e-os-ecos-atuais\/","url":"https:\/\/www.notibras.com\/site\/entre-a-nevoa-da-lenda-dos-troll-e-os-ecos-atuais\/","name":"Entre a n\u00e9voa da lenda dos Troll e os ecos atuais - Notibras","isPartOf":{"@id":"https:\/\/www.notibras.com\/site\/#website"},"primaryImageOfPage":{"@id":"https:\/\/www.notibras.com\/site\/entre-a-nevoa-da-lenda-dos-troll-e-os-ecos-atuais\/#primaryimage"},"image":{"@id":"https:\/\/www.notibras.com\/site\/entre-a-nevoa-da-lenda-dos-troll-e-os-ecos-atuais\/#primaryimage"},"thumbnailUrl":"https:\/\/www.notibras.com\/site\/wp-content\/uploads\/2025\/12\/ec9b9f5a-f3de-4eca-a9f9-6d2705284890.png","datePublished":"2025-12-04T04:10:37+00:00","breadcrumb":{"@id":"https:\/\/www.notibras.com\/site\/entre-a-nevoa-da-lenda-dos-troll-e-os-ecos-atuais\/#breadcrumb"},"inLanguage":"pt-BR","potentialAction":[{"@type":"ReadAction","target":["https:\/\/www.notibras.com\/site\/entre-a-nevoa-da-lenda-dos-troll-e-os-ecos-atuais\/"]}]},{"@type":"ImageObject","inLanguage":"pt-BR","@id":"https:\/\/www.notibras.com\/site\/entre-a-nevoa-da-lenda-dos-troll-e-os-ecos-atuais\/#primaryimage","url":"https:\/\/www.notibras.com\/site\/wp-content\/uploads\/2025\/12\/ec9b9f5a-f3de-4eca-a9f9-6d2705284890.png","contentUrl":"https:\/\/www.notibras.com\/site\/wp-content\/uploads\/2025\/12\/ec9b9f5a-f3de-4eca-a9f9-6d2705284890.png","width":1024,"height":1536},{"@type":"BreadcrumbList","@id":"https:\/\/www.notibras.com\/site\/entre-a-nevoa-da-lenda-dos-troll-e-os-ecos-atuais\/#breadcrumb","itemListElement":[{"@type":"ListItem","position":1,"name":"In\u00edcio","item":"https:\/\/www.notibras.com\/site\/"},{"@type":"ListItem","position":2,"name":"Entre a n\u00e9voa da lenda dos Troll e os ecos atuais"}]},{"@type":"WebSite","@id":"https:\/\/www.notibras.com\/site\/#website","url":"https:\/\/www.notibras.com\/site\/","name":"Notibras","description":"Not\u00edcias de Bras\u00edlia, do Brasil e do Mundo","publisher":{"@id":"https:\/\/www.notibras.com\/site\/#organization"},"potentialAction":[{"@type":"SearchAction","target":{"@type":"EntryPoint","urlTemplate":"https:\/\/www.notibras.com\/site\/?s={search_term_string}"},"query-input":{"@type":"PropertyValueSpecification","valueRequired":true,"valueName":"search_term_string"}}],"inLanguage":"pt-BR"},{"@type":"Organization","@id":"https:\/\/www.notibras.com\/site\/#organization","name":"Grupo Notibras de Comunica\u00e7\u00e3o","url":"https:\/\/www.notibras.com\/site\/","logo":{"@type":"ImageObject","inLanguage":"pt-BR","@id":"https:\/\/www.notibras.com\/site\/#\/schema\/logo\/image\/","url":"https:\/\/www.notibras.com\/site\/wp-content\/uploads\/2023\/01\/notibras23.png","contentUrl":"https:\/\/www.notibras.com\/site\/wp-content\/uploads\/2023\/01\/notibras23.png","width":350,"height":87,"caption":"Grupo Notibras de Comunica\u00e7\u00e3o"},"image":{"@id":"https:\/\/www.notibras.com\/site\/#\/schema\/logo\/image\/"},"sameAs":["https:\/\/www.facebook.com\/notibras\/","https:\/\/x.com\/Notibras","https:\/\/www.instagram.com\/notibras\/"]},{"@type":"Person","@id":"https:\/\/www.notibras.com\/site\/#\/schema\/person\/36ab0979449956132d3e5b517ea76ac8","name":"Reda\u00e7\u00e3o","image":{"@type":"ImageObject","inLanguage":"pt-BR","@id":"https:\/\/secure.gravatar.com\/avatar\/e0a867bdedb85fd243eadf09663511f96fc81e0720a4a42581f334ad4303aa6b?s=96&d=mm&r=g","url":"https:\/\/secure.gravatar.com\/avatar\/e0a867bdedb85fd243eadf09663511f96fc81e0720a4a42581f334ad4303aa6b?s=96&d=mm&r=g","contentUrl":"https:\/\/secure.gravatar.com\/avatar\/e0a867bdedb85fd243eadf09663511f96fc81e0720a4a42581f334ad4303aa6b?s=96&d=mm&r=g","caption":"Reda\u00e7\u00e3o"}}]}},"amp_enabled":true,"_links":{"self":[{"href":"https:\/\/www.notibras.com\/site\/wp-json\/wp\/v2\/posts\/373421","targetHints":{"allow":["GET"]}}],"collection":[{"href":"https:\/\/www.notibras.com\/site\/wp-json\/wp\/v2\/posts"}],"about":[{"href":"https:\/\/www.notibras.com\/site\/wp-json\/wp\/v2\/types\/post"}],"author":[{"embeddable":true,"href":"https:\/\/www.notibras.com\/site\/wp-json\/wp\/v2\/users\/2"}],"replies":[{"embeddable":true,"href":"https:\/\/www.notibras.com\/site\/wp-json\/wp\/v2\/comments?post=373421"}],"version-history":[{"count":1,"href":"https:\/\/www.notibras.com\/site\/wp-json\/wp\/v2\/posts\/373421\/revisions"}],"predecessor-version":[{"id":373423,"href":"https:\/\/www.notibras.com\/site\/wp-json\/wp\/v2\/posts\/373421\/revisions\/373423"}],"wp:featuredmedia":[{"embeddable":true,"href":"https:\/\/www.notibras.com\/site\/wp-json\/wp\/v2\/media\/373422"}],"wp:attachment":[{"href":"https:\/\/www.notibras.com\/site\/wp-json\/wp\/v2\/media?parent=373421"}],"wp:term":[{"taxonomy":"category","embeddable":true,"href":"https:\/\/www.notibras.com\/site\/wp-json\/wp\/v2\/categories?post=373421"},{"taxonomy":"post_tag","embeddable":true,"href":"https:\/\/www.notibras.com\/site\/wp-json\/wp\/v2\/tags?post=373421"}],"curies":[{"name":"wp","href":"https:\/\/api.w.org\/{rel}","templated":true}]}}