{"id":37344,"date":"2015-02-17T05:20:37","date_gmt":"2015-02-17T08:20:37","guid":{"rendered":"http:\/\/www.notibras.com\/site\/?p=37344"},"modified":"2015-02-17T05:29:49","modified_gmt":"2015-02-17T08:29:49","slug":"fogo-assusta-e-marca-desfile-da-beijaflor-patrocinada-por-um-ditador","status":"publish","type":"post","link":"https:\/\/www.notibras.com\/site\/fogo-assusta-e-marca-desfile-da-beijaflor-patrocinada-por-um-ditador\/","title":{"rendered":"Beija-Flor, patrocinada por um ditador, leva susto com o fogo"},"content":{"rendered":"<p>A Beija-Flor foi a terceira escola a entrar na Sapuca\u00ed na segunda noite de desfiles do Carnaval carioca. Ovacionada pela plateia aos gritos de &#8220;\u00e9 campe\u00e3!&#8221;, a agremia\u00e7\u00e3o de Nil\u00f3polis defendeu um enredo patrocinado pela Guin\u00e9 Equatorial, pa\u00eds africano comandado h\u00e1 35 anos por Teodoro Obiang Nguema Mbasogo, que, segundo a ONG Anistia Internacional, \u00e9 acusado de viola\u00e7\u00f5es de direitos humanos, tortura e pris\u00f5es arbitr\u00e1rias.<\/p>\n<p>De acordo com uma reportagem do jornal &#8220;O Globo&#8221;, a escola teria recebido R$10 milh\u00f5es de patroc\u00ednio daquele pa\u00eds. A Beija-Flor n\u00e3o confirmou nem negou o valor. O presidente do pa\u00eds africano \u00e9 um dos l\u00edderes mais ricos do continente e tem im\u00f3veis em diversos pa\u00edses, inclusive no Brasil. Na escola, apenas o embaixador da Guin\u00e9 Equatorial no Brasil, Benigno-Pedro Tang, desfilou. Ele saiu no \u00faltimo carro aleg\u00f3rico. O vice-presidente do pa\u00eds e outras autoridades assistiram ao desfile de um camarote pr\u00f3prio.<\/p>\n<p>Tang negou que o governo de seu pa\u00eds tenha financiado a Beija-Flor. &#8220;Foram financiadores culturais&#8221;, afirmou. &#8220;O governo n\u00e3o tem nada a ver com isso. Somente pessoas do meio cultural&#8221;, disse Tang ao jornal O Estado de S. Paulo. &#8220;O que a imprensa divulgou \u00e9 uma soma muito excessiva. Se quiserem, podemos verificar e fazer a estimativa em detalhes em vez de falar no ar&#8221;, acrescentou.<\/p>\n<p>Ao final do desfile, La\u00edla, presidente da comiss\u00e3o de carnaval da Beija-Flor, criticou a imprensa ao falar sobre a pol\u00eamica. &#8220;Tem tanta coisa para jornalistas se preocuparem, tantas mazelas, e querem pegar o Carnaval, uma escola de samba honesta, de comunidade carente, que vive na mis\u00e9ria, para tirar proveito. \u00c9 sujo&#8221;, disse ele na dispers\u00e3o, acrescentando que n\u00e3o fala sobre valores. &#8220;O pa\u00eds [Guin\u00e9 Equatorial] \u00e9 maravilhoso. N\u00f3s sabemos fazer carnaval. Eu n\u00e3o suporto pol\u00edtica. Eu n\u00e3o falo de pol\u00edtica.&#8221;<\/p>\n<p>Puxado mais uma vez por Neguinho da Beija-Flor, que comemora 40 anos \u00e0 frente da escola, o enredo &#8220;Um Gri\u00f4 Conta a Hist\u00f3ria: um Olhar Sobre a \u00c1frica e o Despontar da Guin\u00e9 Equatorial. Caminhemos Sobre a Trilha de Nossa Felicidade&#8221; levou para a avenida alegorias feitas com b\u00fazios, palha e sisal.\u00a0Gri\u00f4, na mitologia africana, \u00e9 um contador de hist\u00f3rias orais. Destaque na agremia\u00e7\u00e3o, o ator Milton Gon\u00e7alves falou sobre a escolha do enredo &#8220;O Carnaval \u00e9 um espa\u00e7o bom para exaltar n\u00f3s, negros. \u00c9 uma pena que s\u00f3 aparecemos nesses momentos.&#8221;<\/p>\n<p>A escola teve mais uma vez Ra\u00edssa Oliveira como rainha de bateria e tamb\u00e9m a atriz Claudia Raia como madrinha, representando uma deusa soberana. &#8220;Venho com as m\u00e1scaras africanas fechadas e, quando abre, eu viro a deusa soberana&#8221;, disse Raia. &#8220;Sempre venho puxando a escola, s\u00e3o 30 anos de Beija-Flor e 30 anos de carreira. \u00c9 uma paix\u00e3o enlouquecedora&#8221;, completou a atriz. &#8220;Foi por isso que eles me deram esse t\u00edtulo, que na verdade nem existe. \u00c9 um envolvimento que tenho com a comunidade h\u00e1 muito tempo.&#8221; Os filhos de Raia, Sophia e Enzo, tamb\u00e9m desfilaram. A menina saiu no carro abre-alas, e o garoto, com a camisa da diretoria.<\/p>\n<p>O carro abre-alas mostrou uma floresta africana e contou com 50 pessoas, 25 mulheres com os seios \u00e0 mostra e 25 homens. O carro usou 10 mil litros de \u00e1gua para formar uma cachoeira durante o desfile. Em tempo de crise h\u00eddrica, Jamaica, integrante da escola respons\u00e1vel pelo efeito especial, contou que a \u00e1gua utilizada \u00e9 de chuva e foi recolhida em um reservat\u00f3rio no barrac\u00e3o da escola. &#8220;Terminando o desfile, vamos retornar com a \u00e1gua para o barrac\u00e3o e reaproveitar de alguma forma.&#8221;<\/p>\n<div>A ex-panicat Carol Narizinho desfilou com uma fantasia de R$ 70 mil. &#8220;Vou causar na avenida. \u00c9 meu terceiro ano na Beija-Flor. A cada desfile \u00e9 uma emo\u00e7\u00e3o diferente&#8221;, disse. No final do desfile, um dos carros da Beija-Flor sofreu um princ\u00edpio de inc\u00eandio que foi rapidamente controlado.<\/div>\n","protected":false},"excerpt":{"rendered":"<p>A Beija-Flor foi a terceira escola a entrar na Sapuca\u00ed na segunda noite de desfiles do Carnaval carioca. Ovacionada pela plateia aos gritos de &#8220;\u00e9 campe\u00e3!&#8221;, a agremia\u00e7\u00e3o de Nil\u00f3polis defendeu um enredo patrocinado pela Guin\u00e9 Equatorial, pa\u00eds africano comandado h\u00e1 35 anos por Teodoro Obiang Nguema Mbasogo, que, segundo a ONG Anistia Internacional, \u00e9 [&hellip;]<\/p>\n","protected":false},"author":2,"featured_media":37345,"comment_status":"open","ping_status":"closed","sticky":false,"template":"","format":"standard","meta":{"_acf_changed":false,"footnotes":""},"categories":[16],"tags":[],"class_list":["post-37344","post","type-post","status-publish","format-standard","has-post-thumbnail","hentry","category-brasil"],"acf":[],"yoast_head":"<!-- This site is optimized with the Yoast SEO plugin v27.2 - https:\/\/yoast.com\/product\/yoast-seo-wordpress\/ -->\n<title>Beija-Flor, patrocinada por um ditador, leva susto com o fogo - Notibras<\/title>\n<meta name=\"robots\" content=\"index, follow, max-snippet:-1, max-image-preview:large, max-video-preview:-1\" \/>\n<link rel=\"canonical\" href=\"https:\/\/www.notibras.com\/site\/fogo-assusta-e-marca-desfile-da-beijaflor-patrocinada-por-um-ditador\/\" \/>\n<meta property=\"og:locale\" content=\"pt_BR\" \/>\n<meta property=\"og:type\" content=\"article\" \/>\n<meta property=\"og:title\" content=\"Beija-Flor, patrocinada por um ditador, leva susto com o fogo - Notibras\" \/>\n<meta property=\"og:description\" content=\"A Beija-Flor foi a terceira escola a entrar na Sapuca\u00ed na segunda noite de desfiles do Carnaval carioca. Ovacionada pela plateia aos gritos de &#8220;\u00e9 campe\u00e3!&#8221;, a agremia\u00e7\u00e3o de Nil\u00f3polis defendeu um enredo patrocinado pela Guin\u00e9 Equatorial, pa\u00eds africano comandado h\u00e1 35 anos por Teodoro Obiang Nguema Mbasogo, que, segundo a ONG Anistia Internacional, \u00e9 [&hellip;]\" \/>\n<meta property=\"og:url\" content=\"https:\/\/www.notibras.com\/site\/fogo-assusta-e-marca-desfile-da-beijaflor-patrocinada-por-um-ditador\/\" \/>\n<meta property=\"og:site_name\" content=\"Notibras\" \/>\n<meta property=\"article:publisher\" content=\"https:\/\/www.facebook.com\/notibras\/\" \/>\n<meta property=\"article:published_time\" content=\"2015-02-17T08:20:37+00:00\" \/>\n<meta property=\"article:modified_time\" content=\"2015-02-17T08:29:49+00:00\" \/>\n<meta property=\"og:image\" content=\"https:\/\/www.notibras.com\/site\/wp-content\/uploads\/2015\/02\/car2.jpg\" \/>\n\t<meta property=\"og:image:width\" content=\"300\" \/>\n\t<meta property=\"og:image:height\" content=\"200\" \/>\n\t<meta property=\"og:image:type\" content=\"image\/jpeg\" \/>\n<meta name=\"author\" content=\"Reda\u00e7\u00e3o\" \/>\n<meta name=\"twitter:card\" content=\"summary_large_image\" \/>\n<meta name=\"twitter:creator\" content=\"@Notibras\" \/>\n<meta name=\"twitter:site\" content=\"@Notibras\" \/>\n<meta name=\"twitter:label1\" content=\"Escrito por\" \/>\n\t<meta name=\"twitter:data1\" content=\"Reda\u00e7\u00e3o\" \/>\n\t<meta name=\"twitter:label2\" content=\"Est. tempo de leitura\" \/>\n\t<meta name=\"twitter:data2\" content=\"3 minutos\" \/>\n<script type=\"application\/ld+json\" class=\"yoast-schema-graph\">{\"@context\":\"https:\/\/schema.org\",\"@graph\":[{\"@type\":\"Article\",\"@id\":\"https:\/\/www.notibras.com\/site\/fogo-assusta-e-marca-desfile-da-beijaflor-patrocinada-por-um-ditador\/#article\",\"isPartOf\":{\"@id\":\"https:\/\/www.notibras.com\/site\/fogo-assusta-e-marca-desfile-da-beijaflor-patrocinada-por-um-ditador\/\"},\"author\":{\"name\":\"Reda\u00e7\u00e3o\",\"@id\":\"https:\/\/www.notibras.com\/site\/#\/schema\/person\/36ab0979449956132d3e5b517ea76ac8\"},\"headline\":\"Beija-Flor, patrocinada por um ditador, leva susto com o fogo\",\"datePublished\":\"2015-02-17T08:20:37+00:00\",\"dateModified\":\"2015-02-17T08:29:49+00:00\",\"mainEntityOfPage\":{\"@id\":\"https:\/\/www.notibras.com\/site\/fogo-assusta-e-marca-desfile-da-beijaflor-patrocinada-por-um-ditador\/\"},\"wordCount\":666,\"commentCount\":0,\"publisher\":{\"@id\":\"https:\/\/www.notibras.com\/site\/#organization\"},\"image\":{\"@id\":\"https:\/\/www.notibras.com\/site\/fogo-assusta-e-marca-desfile-da-beijaflor-patrocinada-por-um-ditador\/#primaryimage\"},\"thumbnailUrl\":\"https:\/\/www.notibras.com\/site\/wp-content\/uploads\/2015\/02\/car2.jpg\",\"articleSection\":[\"Brasil\"],\"inLanguage\":\"pt-BR\",\"potentialAction\":[{\"@type\":\"CommentAction\",\"name\":\"Comment\",\"target\":[\"https:\/\/www.notibras.com\/site\/fogo-assusta-e-marca-desfile-da-beijaflor-patrocinada-por-um-ditador\/#respond\"]}]},{\"@type\":\"WebPage\",\"@id\":\"https:\/\/www.notibras.com\/site\/fogo-assusta-e-marca-desfile-da-beijaflor-patrocinada-por-um-ditador\/\",\"url\":\"https:\/\/www.notibras.com\/site\/fogo-assusta-e-marca-desfile-da-beijaflor-patrocinada-por-um-ditador\/\",\"name\":\"Beija-Flor, patrocinada por um ditador, leva susto com o fogo - Notibras\",\"isPartOf\":{\"@id\":\"https:\/\/www.notibras.com\/site\/#website\"},\"primaryImageOfPage\":{\"@id\":\"https:\/\/www.notibras.com\/site\/fogo-assusta-e-marca-desfile-da-beijaflor-patrocinada-por-um-ditador\/#primaryimage\"},\"image\":{\"@id\":\"https:\/\/www.notibras.com\/site\/fogo-assusta-e-marca-desfile-da-beijaflor-patrocinada-por-um-ditador\/#primaryimage\"},\"thumbnailUrl\":\"https:\/\/www.notibras.com\/site\/wp-content\/uploads\/2015\/02\/car2.jpg\",\"datePublished\":\"2015-02-17T08:20:37+00:00\",\"dateModified\":\"2015-02-17T08:29:49+00:00\",\"breadcrumb\":{\"@id\":\"https:\/\/www.notibras.com\/site\/fogo-assusta-e-marca-desfile-da-beijaflor-patrocinada-por-um-ditador\/#breadcrumb\"},\"inLanguage\":\"pt-BR\",\"potentialAction\":[{\"@type\":\"ReadAction\",\"target\":[\"https:\/\/www.notibras.com\/site\/fogo-assusta-e-marca-desfile-da-beijaflor-patrocinada-por-um-ditador\/\"]}]},{\"@type\":\"ImageObject\",\"inLanguage\":\"pt-BR\",\"@id\":\"https:\/\/www.notibras.com\/site\/fogo-assusta-e-marca-desfile-da-beijaflor-patrocinada-por-um-ditador\/#primaryimage\",\"url\":\"https:\/\/www.notibras.com\/site\/wp-content\/uploads\/2015\/02\/car2.jpg\",\"contentUrl\":\"https:\/\/www.notibras.com\/site\/wp-content\/uploads\/2015\/02\/car2.jpg\",\"width\":300,\"height\":200},{\"@type\":\"BreadcrumbList\",\"@id\":\"https:\/\/www.notibras.com\/site\/fogo-assusta-e-marca-desfile-da-beijaflor-patrocinada-por-um-ditador\/#breadcrumb\",\"itemListElement\":[{\"@type\":\"ListItem\",\"position\":1,\"name\":\"In\u00edcio\",\"item\":\"https:\/\/www.notibras.com\/site\/\"},{\"@type\":\"ListItem\",\"position\":2,\"name\":\"Beija-Flor, patrocinada por um ditador, leva susto com o fogo\"}]},{\"@type\":\"WebSite\",\"@id\":\"https:\/\/www.notibras.com\/site\/#website\",\"url\":\"https:\/\/www.notibras.com\/site\/\",\"name\":\"Notibras\",\"description\":\"Not\u00edcias de Bras\u00edlia, do Brasil e do Mundo\",\"publisher\":{\"@id\":\"https:\/\/www.notibras.com\/site\/#organization\"},\"potentialAction\":[{\"@type\":\"SearchAction\",\"target\":{\"@type\":\"EntryPoint\",\"urlTemplate\":\"https:\/\/www.notibras.com\/site\/?s={search_term_string}\"},\"query-input\":{\"@type\":\"PropertyValueSpecification\",\"valueRequired\":true,\"valueName\":\"search_term_string\"}}],\"inLanguage\":\"pt-BR\"},{\"@type\":\"Organization\",\"@id\":\"https:\/\/www.notibras.com\/site\/#organization\",\"name\":\"Grupo Notibras de Comunica\u00e7\u00e3o\",\"url\":\"https:\/\/www.notibras.com\/site\/\",\"logo\":{\"@type\":\"ImageObject\",\"inLanguage\":\"pt-BR\",\"@id\":\"https:\/\/www.notibras.com\/site\/#\/schema\/logo\/image\/\",\"url\":\"https:\/\/www.notibras.com\/site\/wp-content\/uploads\/2023\/01\/notibras23.png\",\"contentUrl\":\"https:\/\/www.notibras.com\/site\/wp-content\/uploads\/2023\/01\/notibras23.png\",\"width\":350,\"height\":87,\"caption\":\"Grupo Notibras de Comunica\u00e7\u00e3o\"},\"image\":{\"@id\":\"https:\/\/www.notibras.com\/site\/#\/schema\/logo\/image\/\"},\"sameAs\":[\"https:\/\/www.facebook.com\/notibras\/\",\"https:\/\/x.com\/Notibras\",\"https:\/\/www.instagram.com\/notibras\/\"]},{\"@type\":\"Person\",\"@id\":\"https:\/\/www.notibras.com\/site\/#\/schema\/person\/36ab0979449956132d3e5b517ea76ac8\",\"name\":\"Reda\u00e7\u00e3o\",\"image\":{\"@type\":\"ImageObject\",\"inLanguage\":\"pt-BR\",\"@id\":\"https:\/\/secure.gravatar.com\/avatar\/e0a867bdedb85fd243eadf09663511f96fc81e0720a4a42581f334ad4303aa6b?s=96&d=mm&r=g\",\"url\":\"https:\/\/secure.gravatar.com\/avatar\/e0a867bdedb85fd243eadf09663511f96fc81e0720a4a42581f334ad4303aa6b?s=96&d=mm&r=g\",\"contentUrl\":\"https:\/\/secure.gravatar.com\/avatar\/e0a867bdedb85fd243eadf09663511f96fc81e0720a4a42581f334ad4303aa6b?s=96&d=mm&r=g\",\"caption\":\"Reda\u00e7\u00e3o\"}}]}<\/script>\n<!-- \/ Yoast SEO plugin. -->","yoast_head_json":{"title":"Beija-Flor, patrocinada por um ditador, leva susto com o fogo - Notibras","robots":{"index":"index","follow":"follow","max-snippet":"max-snippet:-1","max-image-preview":"max-image-preview:large","max-video-preview":"max-video-preview:-1"},"canonical":"https:\/\/www.notibras.com\/site\/fogo-assusta-e-marca-desfile-da-beijaflor-patrocinada-por-um-ditador\/","og_locale":"pt_BR","og_type":"article","og_title":"Beija-Flor, patrocinada por um ditador, leva susto com o fogo - Notibras","og_description":"A Beija-Flor foi a terceira escola a entrar na Sapuca\u00ed na segunda noite de desfiles do Carnaval carioca. Ovacionada pela plateia aos gritos de &#8220;\u00e9 campe\u00e3!&#8221;, a agremia\u00e7\u00e3o de Nil\u00f3polis defendeu um enredo patrocinado pela Guin\u00e9 Equatorial, pa\u00eds africano comandado h\u00e1 35 anos por Teodoro Obiang Nguema Mbasogo, que, segundo a ONG Anistia Internacional, \u00e9 [&hellip;]","og_url":"https:\/\/www.notibras.com\/site\/fogo-assusta-e-marca-desfile-da-beijaflor-patrocinada-por-um-ditador\/","og_site_name":"Notibras","article_publisher":"https:\/\/www.facebook.com\/notibras\/","article_published_time":"2015-02-17T08:20:37+00:00","article_modified_time":"2015-02-17T08:29:49+00:00","og_image":[{"width":300,"height":200,"url":"https:\/\/www.notibras.com\/site\/wp-content\/uploads\/2015\/02\/car2.jpg","type":"image\/jpeg"}],"author":"Reda\u00e7\u00e3o","twitter_card":"summary_large_image","twitter_creator":"@Notibras","twitter_site":"@Notibras","twitter_misc":{"Escrito por":"Reda\u00e7\u00e3o","Est. tempo de leitura":"3 minutos"},"schema":{"@context":"https:\/\/schema.org","@graph":[{"@type":"Article","@id":"https:\/\/www.notibras.com\/site\/fogo-assusta-e-marca-desfile-da-beijaflor-patrocinada-por-um-ditador\/#article","isPartOf":{"@id":"https:\/\/www.notibras.com\/site\/fogo-assusta-e-marca-desfile-da-beijaflor-patrocinada-por-um-ditador\/"},"author":{"name":"Reda\u00e7\u00e3o","@id":"https:\/\/www.notibras.com\/site\/#\/schema\/person\/36ab0979449956132d3e5b517ea76ac8"},"headline":"Beija-Flor, patrocinada por um ditador, leva susto com o fogo","datePublished":"2015-02-17T08:20:37+00:00","dateModified":"2015-02-17T08:29:49+00:00","mainEntityOfPage":{"@id":"https:\/\/www.notibras.com\/site\/fogo-assusta-e-marca-desfile-da-beijaflor-patrocinada-por-um-ditador\/"},"wordCount":666,"commentCount":0,"publisher":{"@id":"https:\/\/www.notibras.com\/site\/#organization"},"image":{"@id":"https:\/\/www.notibras.com\/site\/fogo-assusta-e-marca-desfile-da-beijaflor-patrocinada-por-um-ditador\/#primaryimage"},"thumbnailUrl":"https:\/\/www.notibras.com\/site\/wp-content\/uploads\/2015\/02\/car2.jpg","articleSection":["Brasil"],"inLanguage":"pt-BR","potentialAction":[{"@type":"CommentAction","name":"Comment","target":["https:\/\/www.notibras.com\/site\/fogo-assusta-e-marca-desfile-da-beijaflor-patrocinada-por-um-ditador\/#respond"]}]},{"@type":"WebPage","@id":"https:\/\/www.notibras.com\/site\/fogo-assusta-e-marca-desfile-da-beijaflor-patrocinada-por-um-ditador\/","url":"https:\/\/www.notibras.com\/site\/fogo-assusta-e-marca-desfile-da-beijaflor-patrocinada-por-um-ditador\/","name":"Beija-Flor, patrocinada por um ditador, leva susto com o fogo - Notibras","isPartOf":{"@id":"https:\/\/www.notibras.com\/site\/#website"},"primaryImageOfPage":{"@id":"https:\/\/www.notibras.com\/site\/fogo-assusta-e-marca-desfile-da-beijaflor-patrocinada-por-um-ditador\/#primaryimage"},"image":{"@id":"https:\/\/www.notibras.com\/site\/fogo-assusta-e-marca-desfile-da-beijaflor-patrocinada-por-um-ditador\/#primaryimage"},"thumbnailUrl":"https:\/\/www.notibras.com\/site\/wp-content\/uploads\/2015\/02\/car2.jpg","datePublished":"2015-02-17T08:20:37+00:00","dateModified":"2015-02-17T08:29:49+00:00","breadcrumb":{"@id":"https:\/\/www.notibras.com\/site\/fogo-assusta-e-marca-desfile-da-beijaflor-patrocinada-por-um-ditador\/#breadcrumb"},"inLanguage":"pt-BR","potentialAction":[{"@type":"ReadAction","target":["https:\/\/www.notibras.com\/site\/fogo-assusta-e-marca-desfile-da-beijaflor-patrocinada-por-um-ditador\/"]}]},{"@type":"ImageObject","inLanguage":"pt-BR","@id":"https:\/\/www.notibras.com\/site\/fogo-assusta-e-marca-desfile-da-beijaflor-patrocinada-por-um-ditador\/#primaryimage","url":"https:\/\/www.notibras.com\/site\/wp-content\/uploads\/2015\/02\/car2.jpg","contentUrl":"https:\/\/www.notibras.com\/site\/wp-content\/uploads\/2015\/02\/car2.jpg","width":300,"height":200},{"@type":"BreadcrumbList","@id":"https:\/\/www.notibras.com\/site\/fogo-assusta-e-marca-desfile-da-beijaflor-patrocinada-por-um-ditador\/#breadcrumb","itemListElement":[{"@type":"ListItem","position":1,"name":"In\u00edcio","item":"https:\/\/www.notibras.com\/site\/"},{"@type":"ListItem","position":2,"name":"Beija-Flor, patrocinada por um ditador, leva susto com o fogo"}]},{"@type":"WebSite","@id":"https:\/\/www.notibras.com\/site\/#website","url":"https:\/\/www.notibras.com\/site\/","name":"Notibras","description":"Not\u00edcias de Bras\u00edlia, do Brasil e do Mundo","publisher":{"@id":"https:\/\/www.notibras.com\/site\/#organization"},"potentialAction":[{"@type":"SearchAction","target":{"@type":"EntryPoint","urlTemplate":"https:\/\/www.notibras.com\/site\/?s={search_term_string}"},"query-input":{"@type":"PropertyValueSpecification","valueRequired":true,"valueName":"search_term_string"}}],"inLanguage":"pt-BR"},{"@type":"Organization","@id":"https:\/\/www.notibras.com\/site\/#organization","name":"Grupo Notibras de Comunica\u00e7\u00e3o","url":"https:\/\/www.notibras.com\/site\/","logo":{"@type":"ImageObject","inLanguage":"pt-BR","@id":"https:\/\/www.notibras.com\/site\/#\/schema\/logo\/image\/","url":"https:\/\/www.notibras.com\/site\/wp-content\/uploads\/2023\/01\/notibras23.png","contentUrl":"https:\/\/www.notibras.com\/site\/wp-content\/uploads\/2023\/01\/notibras23.png","width":350,"height":87,"caption":"Grupo Notibras de Comunica\u00e7\u00e3o"},"image":{"@id":"https:\/\/www.notibras.com\/site\/#\/schema\/logo\/image\/"},"sameAs":["https:\/\/www.facebook.com\/notibras\/","https:\/\/x.com\/Notibras","https:\/\/www.instagram.com\/notibras\/"]},{"@type":"Person","@id":"https:\/\/www.notibras.com\/site\/#\/schema\/person\/36ab0979449956132d3e5b517ea76ac8","name":"Reda\u00e7\u00e3o","image":{"@type":"ImageObject","inLanguage":"pt-BR","@id":"https:\/\/secure.gravatar.com\/avatar\/e0a867bdedb85fd243eadf09663511f96fc81e0720a4a42581f334ad4303aa6b?s=96&d=mm&r=g","url":"https:\/\/secure.gravatar.com\/avatar\/e0a867bdedb85fd243eadf09663511f96fc81e0720a4a42581f334ad4303aa6b?s=96&d=mm&r=g","contentUrl":"https:\/\/secure.gravatar.com\/avatar\/e0a867bdedb85fd243eadf09663511f96fc81e0720a4a42581f334ad4303aa6b?s=96&d=mm&r=g","caption":"Reda\u00e7\u00e3o"}}]}},"amp_enabled":true,"_links":{"self":[{"href":"https:\/\/www.notibras.com\/site\/wp-json\/wp\/v2\/posts\/37344","targetHints":{"allow":["GET"]}}],"collection":[{"href":"https:\/\/www.notibras.com\/site\/wp-json\/wp\/v2\/posts"}],"about":[{"href":"https:\/\/www.notibras.com\/site\/wp-json\/wp\/v2\/types\/post"}],"author":[{"embeddable":true,"href":"https:\/\/www.notibras.com\/site\/wp-json\/wp\/v2\/users\/2"}],"replies":[{"embeddable":true,"href":"https:\/\/www.notibras.com\/site\/wp-json\/wp\/v2\/comments?post=37344"}],"version-history":[{"count":0,"href":"https:\/\/www.notibras.com\/site\/wp-json\/wp\/v2\/posts\/37344\/revisions"}],"wp:featuredmedia":[{"embeddable":true,"href":"https:\/\/www.notibras.com\/site\/wp-json\/wp\/v2\/media\/37345"}],"wp:attachment":[{"href":"https:\/\/www.notibras.com\/site\/wp-json\/wp\/v2\/media?parent=37344"}],"wp:term":[{"taxonomy":"category","embeddable":true,"href":"https:\/\/www.notibras.com\/site\/wp-json\/wp\/v2\/categories?post=37344"},{"taxonomy":"post_tag","embeddable":true,"href":"https:\/\/www.notibras.com\/site\/wp-json\/wp\/v2\/tags?post=37344"}],"curies":[{"name":"wp","href":"https:\/\/api.w.org\/{rel}","templated":true}]}}