{"id":373483,"date":"2025-12-04T00:02:33","date_gmt":"2025-12-04T03:02:33","guid":{"rendered":"https:\/\/www.notibras.com\/site\/?p=373483"},"modified":"2025-12-04T04:54:14","modified_gmt":"2025-12-04T07:54:14","slug":"duas-vezes-flamengo-sempre-flamengo","status":"publish","type":"post","link":"https:\/\/www.notibras.com\/site\/duas-vezes-flamengo-sempre-flamengo\/","title":{"rendered":"&#8216;Duas vezes Flamengo, sempre Flamengo&#8230;&#8217;"},"content":{"rendered":"<p>Com um gol do atacante Samuel Lino, o Flamengo derrotou o Cear\u00e1 por 1 a 0 para garantir o t\u00edtulo do Campeonato Brasileiro, na noite desta quarta-feira (3) no est\u00e1dio do Maracan\u00e3, no Rio de Janeiro. A conquista coroa uma temporada hist\u00f3rica, na qual a equipe tamb\u00e9m garantiu os t\u00edtulos da Supercopa do Brasil, do Campeonato Carioca e da Copa Libertadores da Am\u00e9rica.<\/p>\n<p>Este \u00e9 o nono t\u00edtulo do Rubro-Negro na hist\u00f3ria da competi\u00e7\u00e3o, com as conquistas nos anos de 1980, 1982, 1983, 1987, 1992, 2009, 2019, 2020 e 2025.<\/p>\n<p>Com os tr\u00eas pontos conquistados nesta quarta, o Flamengo chegou ao total de 78 pontos, e n\u00e3o poder ser ultrapassado pelo Palmeiras, que tamb\u00e9m nesta quarta superou o Atl\u00e9tico-MG por 3 a 0 em Belo Horizonte para chegar aos 73 pontos.<\/p>\n<p><strong>O jogo<\/strong><br \/>\nMesmo apoiado por mais de 73 mil torcedores, o time comandado pelo t\u00e9cnico Filipe Lu\u00eds n\u00e3o encontrou facilidades diante de um Cear\u00e1 que jogava com linhas baixas para negar espa\u00e7os para o ataque do time da G\u00e1vea.<\/p>\n<p>Com isso, o Flamengo trocava passes de um lado para o outro e conseguia finalizar apenas de fora da \u00e1rea. J\u00e1 o Voz\u00e3o s\u00f3 chegava com perigo esporadicamente, em bolas lan\u00e7adas da defesa para o isolado centroavante Pedro Raul.<\/p>\n<p>Enquanto isso, em Belo Horizonte, o Palmeiras n\u00e3o precisou de muito tempo para abrir o placar diante do Atl\u00e9tico-MG. Aos oito minutos do primeiro tempo a defesa do Galo vacilou e a bola sobrou no p\u00e9 de Vitor Roque, que bateu para defesa parcial de Everson. O argentino Flaco L\u00f3pez aproveitou o rebote e bateu para o fundo do gol.<\/p>\n<p>O Verd\u00e3o continuou melhor e ampliou antes do intervalo. O zagueiro Gustavo G\u00f3mez acertou lan\u00e7amento longo para Allan. O lateral Guilherme Arana tentou afastar, mas a bola sobrou para o atacante palmeirense, que bateu colocado para ampliar a vantagem do time comandado pelo portugu\u00eas Abel Ferreira aos 19 minutos. A combina\u00e7\u00e3o deste resultado com o empate no Rio de Janeiro impedia, naquele momento, a defini\u00e7\u00e3o do t\u00edtulo.<\/p>\n<p>Por\u00e9m, no est\u00e1dio do Maracan\u00e3 o Flamengo passou a for\u00e7ar as jogadas pela pontas. E foi desta forma que conseguiu abrir o placar aos 36 minutos. O colombiano Carrascal tocou em profundidade na \u00e1rea para Samuel Lino, que bateu por baixo das pernas do goleiro Bruno Ferreira.<\/p>\n<p>Ap\u00f3s o intervalo, o Flamengo, que baixou a rota\u00e7\u00e3o ao claramente sentir o desgaste causado pelas celebra\u00e7\u00f5es ap\u00f3s a conquista do t\u00edtulo da Copa Libertadores no \u00faltimo s\u00e1bado (29), mostrou muita maturidade para administrar a vantagem diante de um Cear\u00e1 que melhorou um pouco ap\u00f3s o t\u00e9cnico L\u00e9o Cond\u00e9 colocar em campo jogadores mais criativos.<\/p>\n<p>J\u00e1 em Belo Horizonte o Palmeiras, que disputou todo o segundo tempo com um homem a menos ap\u00f3s a expuls\u00e3o do lateral Piquerez nos \u00faltimos momentos da etapa inicial, chegou a marcar o terceiro com o jovem atacante Luighi.<\/p>\n<p>Por\u00e9m, de nada valeu a vit\u00f3ria do time de Abel Ferreira, pois no Maracan\u00e3 o Flamengo segurou a vit\u00f3ria at\u00e9 o apito final e soltou o grito de campe\u00e3o brasileiro.<\/p>\n","protected":false},"excerpt":{"rendered":"<p>Com um gol do atacante Samuel Lino, o Flamengo derrotou o Cear\u00e1 por 1 a 0 para garantir o t\u00edtulo do Campeonato Brasileiro, na noite desta quarta-feira (3) no est\u00e1dio do Maracan\u00e3, no Rio de Janeiro. A conquista coroa uma temporada hist\u00f3rica, na qual a equipe tamb\u00e9m garantiu os t\u00edtulos da Supercopa do Brasil, do [&hellip;]<\/p>\n","protected":false},"author":2,"featured_media":373484,"comment_status":"closed","ping_status":"closed","sticky":false,"template":"","format":"standard","meta":{"_acf_changed":false,"footnotes":""},"categories":[155],"tags":[95],"class_list":["post-373483","post","type-post","status-publish","format-standard","has-post-thumbnail","hentry","category-leitura-vip","tag-capa"],"acf":[],"yoast_head":"<!-- This site is optimized with the Yoast SEO plugin v27.5 - https:\/\/yoast.com\/product\/yoast-seo-wordpress\/ -->\n<title>&#039;Duas vezes Flamengo, sempre Flamengo...&#039; - Notibras<\/title>\n<meta name=\"robots\" content=\"index, follow, max-snippet:-1, max-image-preview:large, max-video-preview:-1\" \/>\n<link rel=\"canonical\" href=\"https:\/\/www.notibras.com\/site\/duas-vezes-flamengo-sempre-flamengo\/\" \/>\n<meta property=\"og:locale\" content=\"pt_BR\" \/>\n<meta property=\"og:type\" content=\"article\" \/>\n<meta property=\"og:title\" content=\"&#039;Duas vezes Flamengo, sempre Flamengo...&#039; - Notibras\" \/>\n<meta property=\"og:description\" content=\"Com um gol do atacante Samuel Lino, o Flamengo derrotou o Cear\u00e1 por 1 a 0 para garantir o t\u00edtulo do Campeonato Brasileiro, na noite desta quarta-feira (3) no est\u00e1dio do Maracan\u00e3, no Rio de Janeiro. A conquista coroa uma temporada hist\u00f3rica, na qual a equipe tamb\u00e9m garantiu os t\u00edtulos da Supercopa do Brasil, do [&hellip;]\" \/>\n<meta property=\"og:url\" content=\"https:\/\/www.notibras.com\/site\/duas-vezes-flamengo-sempre-flamengo\/\" \/>\n<meta property=\"og:site_name\" content=\"Notibras\" \/>\n<meta property=\"article:publisher\" content=\"https:\/\/www.facebook.com\/notibras\/\" \/>\n<meta property=\"article:published_time\" content=\"2025-12-04T03:02:33+00:00\" \/>\n<meta property=\"article:modified_time\" content=\"2025-12-04T07:54:14+00:00\" \/>\n<meta property=\"og:image\" content=\"https:\/\/www.notibras.com\/site\/wp-content\/uploads\/2025\/12\/2025-12-04t025346z_505777297_up1elc4081klj_rtrmadp_3_soccer-brazil-fla-cea.webp\" \/>\n\t<meta property=\"og:image:width\" content=\"1170\" \/>\n\t<meta property=\"og:image:height\" content=\"700\" \/>\n\t<meta property=\"og:image:type\" content=\"image\/webp\" \/>\n<meta name=\"author\" content=\"Reda\u00e7\u00e3o\" \/>\n<meta name=\"twitter:card\" content=\"summary_large_image\" \/>\n<meta name=\"twitter:creator\" content=\"@Notibras\" \/>\n<meta name=\"twitter:site\" content=\"@Notibras\" \/>\n<meta name=\"twitter:label1\" content=\"Escrito por\" \/>\n\t<meta name=\"twitter:data1\" content=\"Reda\u00e7\u00e3o\" \/>\n\t<meta name=\"twitter:label2\" content=\"Est. tempo de leitura\" \/>\n\t<meta name=\"twitter:data2\" content=\"4 minutos\" \/>\n<script type=\"application\/ld+json\" class=\"yoast-schema-graph\">{\"@context\":\"https:\\\/\\\/schema.org\",\"@graph\":[{\"@type\":\"Article\",\"@id\":\"https:\\\/\\\/www.notibras.com\\\/site\\\/duas-vezes-flamengo-sempre-flamengo\\\/#article\",\"isPartOf\":{\"@id\":\"https:\\\/\\\/www.notibras.com\\\/site\\\/duas-vezes-flamengo-sempre-flamengo\\\/\"},\"author\":{\"name\":\"Reda\u00e7\u00e3o\",\"@id\":\"https:\\\/\\\/www.notibras.com\\\/site\\\/#\\\/schema\\\/person\\\/36ab0979449956132d3e5b517ea76ac8\"},\"headline\":\"&#8216;Duas vezes Flamengo, sempre Flamengo&#8230;&#8217;\",\"datePublished\":\"2025-12-04T03:02:33+00:00\",\"dateModified\":\"2025-12-04T07:54:14+00:00\",\"mainEntityOfPage\":{\"@id\":\"https:\\\/\\\/www.notibras.com\\\/site\\\/duas-vezes-flamengo-sempre-flamengo\\\/\"},\"wordCount\":540,\"publisher\":{\"@id\":\"https:\\\/\\\/www.notibras.com\\\/site\\\/#organization\"},\"image\":{\"@id\":\"https:\\\/\\\/www.notibras.com\\\/site\\\/duas-vezes-flamengo-sempre-flamengo\\\/#primaryimage\"},\"thumbnailUrl\":\"https:\\\/\\\/www.notibras.com\\\/site\\\/wp-content\\\/uploads\\\/2025\\\/12\\\/2025-12-04t025346z_505777297_up1elc4081klj_rtrmadp_3_soccer-brazil-fla-cea.webp\",\"keywords\":[\"capa\"],\"articleSection\":[\"Leitura Vip\"],\"inLanguage\":\"pt-BR\"},{\"@type\":\"WebPage\",\"@id\":\"https:\\\/\\\/www.notibras.com\\\/site\\\/duas-vezes-flamengo-sempre-flamengo\\\/\",\"url\":\"https:\\\/\\\/www.notibras.com\\\/site\\\/duas-vezes-flamengo-sempre-flamengo\\\/\",\"name\":\"'Duas vezes Flamengo, sempre Flamengo...' - Notibras\",\"isPartOf\":{\"@id\":\"https:\\\/\\\/www.notibras.com\\\/site\\\/#website\"},\"primaryImageOfPage\":{\"@id\":\"https:\\\/\\\/www.notibras.com\\\/site\\\/duas-vezes-flamengo-sempre-flamengo\\\/#primaryimage\"},\"image\":{\"@id\":\"https:\\\/\\\/www.notibras.com\\\/site\\\/duas-vezes-flamengo-sempre-flamengo\\\/#primaryimage\"},\"thumbnailUrl\":\"https:\\\/\\\/www.notibras.com\\\/site\\\/wp-content\\\/uploads\\\/2025\\\/12\\\/2025-12-04t025346z_505777297_up1elc4081klj_rtrmadp_3_soccer-brazil-fla-cea.webp\",\"datePublished\":\"2025-12-04T03:02:33+00:00\",\"dateModified\":\"2025-12-04T07:54:14+00:00\",\"breadcrumb\":{\"@id\":\"https:\\\/\\\/www.notibras.com\\\/site\\\/duas-vezes-flamengo-sempre-flamengo\\\/#breadcrumb\"},\"inLanguage\":\"pt-BR\",\"potentialAction\":[{\"@type\":\"ReadAction\",\"target\":[\"https:\\\/\\\/www.notibras.com\\\/site\\\/duas-vezes-flamengo-sempre-flamengo\\\/\"]}]},{\"@type\":\"ImageObject\",\"inLanguage\":\"pt-BR\",\"@id\":\"https:\\\/\\\/www.notibras.com\\\/site\\\/duas-vezes-flamengo-sempre-flamengo\\\/#primaryimage\",\"url\":\"https:\\\/\\\/www.notibras.com\\\/site\\\/wp-content\\\/uploads\\\/2025\\\/12\\\/2025-12-04t025346z_505777297_up1elc4081klj_rtrmadp_3_soccer-brazil-fla-cea.webp\",\"contentUrl\":\"https:\\\/\\\/www.notibras.com\\\/site\\\/wp-content\\\/uploads\\\/2025\\\/12\\\/2025-12-04t025346z_505777297_up1elc4081klj_rtrmadp_3_soccer-brazil-fla-cea.webp\",\"width\":1170,\"height\":700},{\"@type\":\"BreadcrumbList\",\"@id\":\"https:\\\/\\\/www.notibras.com\\\/site\\\/duas-vezes-flamengo-sempre-flamengo\\\/#breadcrumb\",\"itemListElement\":[{\"@type\":\"ListItem\",\"position\":1,\"name\":\"In\u00edcio\",\"item\":\"https:\\\/\\\/www.notibras.com\\\/site\\\/\"},{\"@type\":\"ListItem\",\"position\":2,\"name\":\"&#8216;Duas vezes Flamengo, sempre Flamengo&#8230;&#8217;\"}]},{\"@type\":\"WebSite\",\"@id\":\"https:\\\/\\\/www.notibras.com\\\/site\\\/#website\",\"url\":\"https:\\\/\\\/www.notibras.com\\\/site\\\/\",\"name\":\"Notibras\",\"description\":\"Not\u00edcias de Bras\u00edlia, do Brasil e do Mundo\",\"publisher\":{\"@id\":\"https:\\\/\\\/www.notibras.com\\\/site\\\/#organization\"},\"potentialAction\":[{\"@type\":\"SearchAction\",\"target\":{\"@type\":\"EntryPoint\",\"urlTemplate\":\"https:\\\/\\\/www.notibras.com\\\/site\\\/?s={search_term_string}\"},\"query-input\":{\"@type\":\"PropertyValueSpecification\",\"valueRequired\":true,\"valueName\":\"search_term_string\"}}],\"inLanguage\":\"pt-BR\"},{\"@type\":\"Organization\",\"@id\":\"https:\\\/\\\/www.notibras.com\\\/site\\\/#organization\",\"name\":\"Grupo Notibras de Comunica\u00e7\u00e3o\",\"url\":\"https:\\\/\\\/www.notibras.com\\\/site\\\/\",\"logo\":{\"@type\":\"ImageObject\",\"inLanguage\":\"pt-BR\",\"@id\":\"https:\\\/\\\/www.notibras.com\\\/site\\\/#\\\/schema\\\/logo\\\/image\\\/\",\"url\":\"https:\\\/\\\/www.notibras.com\\\/site\\\/wp-content\\\/uploads\\\/2023\\\/01\\\/notibras23.png\",\"contentUrl\":\"https:\\\/\\\/www.notibras.com\\\/site\\\/wp-content\\\/uploads\\\/2023\\\/01\\\/notibras23.png\",\"width\":350,\"height\":87,\"caption\":\"Grupo Notibras de Comunica\u00e7\u00e3o\"},\"image\":{\"@id\":\"https:\\\/\\\/www.notibras.com\\\/site\\\/#\\\/schema\\\/logo\\\/image\\\/\"},\"sameAs\":[\"https:\\\/\\\/www.facebook.com\\\/notibras\\\/\",\"https:\\\/\\\/x.com\\\/Notibras\",\"https:\\\/\\\/www.instagram.com\\\/notibras\\\/\"]},{\"@type\":\"Person\",\"@id\":\"https:\\\/\\\/www.notibras.com\\\/site\\\/#\\\/schema\\\/person\\\/36ab0979449956132d3e5b517ea76ac8\",\"name\":\"Reda\u00e7\u00e3o\",\"image\":{\"@type\":\"ImageObject\",\"inLanguage\":\"pt-BR\",\"@id\":\"https:\\\/\\\/secure.gravatar.com\\\/avatar\\\/e0a867bdedb85fd243eadf09663511f96fc81e0720a4a42581f334ad4303aa6b?s=96&d=mm&r=g\",\"url\":\"https:\\\/\\\/secure.gravatar.com\\\/avatar\\\/e0a867bdedb85fd243eadf09663511f96fc81e0720a4a42581f334ad4303aa6b?s=96&d=mm&r=g\",\"contentUrl\":\"https:\\\/\\\/secure.gravatar.com\\\/avatar\\\/e0a867bdedb85fd243eadf09663511f96fc81e0720a4a42581f334ad4303aa6b?s=96&d=mm&r=g\",\"caption\":\"Reda\u00e7\u00e3o\"}}]}<\/script>\n<!-- \/ Yoast SEO plugin. -->","yoast_head_json":{"title":"'Duas vezes Flamengo, sempre Flamengo...' - Notibras","robots":{"index":"index","follow":"follow","max-snippet":"max-snippet:-1","max-image-preview":"max-image-preview:large","max-video-preview":"max-video-preview:-1"},"canonical":"https:\/\/www.notibras.com\/site\/duas-vezes-flamengo-sempre-flamengo\/","og_locale":"pt_BR","og_type":"article","og_title":"'Duas vezes Flamengo, sempre Flamengo...' - Notibras","og_description":"Com um gol do atacante Samuel Lino, o Flamengo derrotou o Cear\u00e1 por 1 a 0 para garantir o t\u00edtulo do Campeonato Brasileiro, na noite desta quarta-feira (3) no est\u00e1dio do Maracan\u00e3, no Rio de Janeiro. A conquista coroa uma temporada hist\u00f3rica, na qual a equipe tamb\u00e9m garantiu os t\u00edtulos da Supercopa do Brasil, do [&hellip;]","og_url":"https:\/\/www.notibras.com\/site\/duas-vezes-flamengo-sempre-flamengo\/","og_site_name":"Notibras","article_publisher":"https:\/\/www.facebook.com\/notibras\/","article_published_time":"2025-12-04T03:02:33+00:00","article_modified_time":"2025-12-04T07:54:14+00:00","og_image":[{"width":1170,"height":700,"url":"https:\/\/www.notibras.com\/site\/wp-content\/uploads\/2025\/12\/2025-12-04t025346z_505777297_up1elc4081klj_rtrmadp_3_soccer-brazil-fla-cea.webp","type":"image\/webp"}],"author":"Reda\u00e7\u00e3o","twitter_card":"summary_large_image","twitter_creator":"@Notibras","twitter_site":"@Notibras","twitter_misc":{"Escrito por":"Reda\u00e7\u00e3o","Est. tempo de leitura":"4 minutos"},"schema":{"@context":"https:\/\/schema.org","@graph":[{"@type":"Article","@id":"https:\/\/www.notibras.com\/site\/duas-vezes-flamengo-sempre-flamengo\/#article","isPartOf":{"@id":"https:\/\/www.notibras.com\/site\/duas-vezes-flamengo-sempre-flamengo\/"},"author":{"name":"Reda\u00e7\u00e3o","@id":"https:\/\/www.notibras.com\/site\/#\/schema\/person\/36ab0979449956132d3e5b517ea76ac8"},"headline":"&#8216;Duas vezes Flamengo, sempre Flamengo&#8230;&#8217;","datePublished":"2025-12-04T03:02:33+00:00","dateModified":"2025-12-04T07:54:14+00:00","mainEntityOfPage":{"@id":"https:\/\/www.notibras.com\/site\/duas-vezes-flamengo-sempre-flamengo\/"},"wordCount":540,"publisher":{"@id":"https:\/\/www.notibras.com\/site\/#organization"},"image":{"@id":"https:\/\/www.notibras.com\/site\/duas-vezes-flamengo-sempre-flamengo\/#primaryimage"},"thumbnailUrl":"https:\/\/www.notibras.com\/site\/wp-content\/uploads\/2025\/12\/2025-12-04t025346z_505777297_up1elc4081klj_rtrmadp_3_soccer-brazil-fla-cea.webp","keywords":["capa"],"articleSection":["Leitura Vip"],"inLanguage":"pt-BR"},{"@type":"WebPage","@id":"https:\/\/www.notibras.com\/site\/duas-vezes-flamengo-sempre-flamengo\/","url":"https:\/\/www.notibras.com\/site\/duas-vezes-flamengo-sempre-flamengo\/","name":"'Duas vezes Flamengo, sempre Flamengo...' - Notibras","isPartOf":{"@id":"https:\/\/www.notibras.com\/site\/#website"},"primaryImageOfPage":{"@id":"https:\/\/www.notibras.com\/site\/duas-vezes-flamengo-sempre-flamengo\/#primaryimage"},"image":{"@id":"https:\/\/www.notibras.com\/site\/duas-vezes-flamengo-sempre-flamengo\/#primaryimage"},"thumbnailUrl":"https:\/\/www.notibras.com\/site\/wp-content\/uploads\/2025\/12\/2025-12-04t025346z_505777297_up1elc4081klj_rtrmadp_3_soccer-brazil-fla-cea.webp","datePublished":"2025-12-04T03:02:33+00:00","dateModified":"2025-12-04T07:54:14+00:00","breadcrumb":{"@id":"https:\/\/www.notibras.com\/site\/duas-vezes-flamengo-sempre-flamengo\/#breadcrumb"},"inLanguage":"pt-BR","potentialAction":[{"@type":"ReadAction","target":["https:\/\/www.notibras.com\/site\/duas-vezes-flamengo-sempre-flamengo\/"]}]},{"@type":"ImageObject","inLanguage":"pt-BR","@id":"https:\/\/www.notibras.com\/site\/duas-vezes-flamengo-sempre-flamengo\/#primaryimage","url":"https:\/\/www.notibras.com\/site\/wp-content\/uploads\/2025\/12\/2025-12-04t025346z_505777297_up1elc4081klj_rtrmadp_3_soccer-brazil-fla-cea.webp","contentUrl":"https:\/\/www.notibras.com\/site\/wp-content\/uploads\/2025\/12\/2025-12-04t025346z_505777297_up1elc4081klj_rtrmadp_3_soccer-brazil-fla-cea.webp","width":1170,"height":700},{"@type":"BreadcrumbList","@id":"https:\/\/www.notibras.com\/site\/duas-vezes-flamengo-sempre-flamengo\/#breadcrumb","itemListElement":[{"@type":"ListItem","position":1,"name":"In\u00edcio","item":"https:\/\/www.notibras.com\/site\/"},{"@type":"ListItem","position":2,"name":"&#8216;Duas vezes Flamengo, sempre Flamengo&#8230;&#8217;"}]},{"@type":"WebSite","@id":"https:\/\/www.notibras.com\/site\/#website","url":"https:\/\/www.notibras.com\/site\/","name":"Notibras","description":"Not\u00edcias de Bras\u00edlia, do Brasil e do Mundo","publisher":{"@id":"https:\/\/www.notibras.com\/site\/#organization"},"potentialAction":[{"@type":"SearchAction","target":{"@type":"EntryPoint","urlTemplate":"https:\/\/www.notibras.com\/site\/?s={search_term_string}"},"query-input":{"@type":"PropertyValueSpecification","valueRequired":true,"valueName":"search_term_string"}}],"inLanguage":"pt-BR"},{"@type":"Organization","@id":"https:\/\/www.notibras.com\/site\/#organization","name":"Grupo Notibras de Comunica\u00e7\u00e3o","url":"https:\/\/www.notibras.com\/site\/","logo":{"@type":"ImageObject","inLanguage":"pt-BR","@id":"https:\/\/www.notibras.com\/site\/#\/schema\/logo\/image\/","url":"https:\/\/www.notibras.com\/site\/wp-content\/uploads\/2023\/01\/notibras23.png","contentUrl":"https:\/\/www.notibras.com\/site\/wp-content\/uploads\/2023\/01\/notibras23.png","width":350,"height":87,"caption":"Grupo Notibras de Comunica\u00e7\u00e3o"},"image":{"@id":"https:\/\/www.notibras.com\/site\/#\/schema\/logo\/image\/"},"sameAs":["https:\/\/www.facebook.com\/notibras\/","https:\/\/x.com\/Notibras","https:\/\/www.instagram.com\/notibras\/"]},{"@type":"Person","@id":"https:\/\/www.notibras.com\/site\/#\/schema\/person\/36ab0979449956132d3e5b517ea76ac8","name":"Reda\u00e7\u00e3o","image":{"@type":"ImageObject","inLanguage":"pt-BR","@id":"https:\/\/secure.gravatar.com\/avatar\/e0a867bdedb85fd243eadf09663511f96fc81e0720a4a42581f334ad4303aa6b?s=96&d=mm&r=g","url":"https:\/\/secure.gravatar.com\/avatar\/e0a867bdedb85fd243eadf09663511f96fc81e0720a4a42581f334ad4303aa6b?s=96&d=mm&r=g","contentUrl":"https:\/\/secure.gravatar.com\/avatar\/e0a867bdedb85fd243eadf09663511f96fc81e0720a4a42581f334ad4303aa6b?s=96&d=mm&r=g","caption":"Reda\u00e7\u00e3o"}}]}},"amp_enabled":true,"_links":{"self":[{"href":"https:\/\/www.notibras.com\/site\/wp-json\/wp\/v2\/posts\/373483","targetHints":{"allow":["GET"]}}],"collection":[{"href":"https:\/\/www.notibras.com\/site\/wp-json\/wp\/v2\/posts"}],"about":[{"href":"https:\/\/www.notibras.com\/site\/wp-json\/wp\/v2\/types\/post"}],"author":[{"embeddable":true,"href":"https:\/\/www.notibras.com\/site\/wp-json\/wp\/v2\/users\/2"}],"replies":[{"embeddable":true,"href":"https:\/\/www.notibras.com\/site\/wp-json\/wp\/v2\/comments?post=373483"}],"version-history":[{"count":1,"href":"https:\/\/www.notibras.com\/site\/wp-json\/wp\/v2\/posts\/373483\/revisions"}],"predecessor-version":[{"id":373485,"href":"https:\/\/www.notibras.com\/site\/wp-json\/wp\/v2\/posts\/373483\/revisions\/373485"}],"wp:featuredmedia":[{"embeddable":true,"href":"https:\/\/www.notibras.com\/site\/wp-json\/wp\/v2\/media\/373484"}],"wp:attachment":[{"href":"https:\/\/www.notibras.com\/site\/wp-json\/wp\/v2\/media?parent=373483"}],"wp:term":[{"taxonomy":"category","embeddable":true,"href":"https:\/\/www.notibras.com\/site\/wp-json\/wp\/v2\/categories?post=373483"},{"taxonomy":"post_tag","embeddable":true,"href":"https:\/\/www.notibras.com\/site\/wp-json\/wp\/v2\/tags?post=373483"}],"curies":[{"name":"wp","href":"https:\/\/api.w.org\/{rel}","templated":true}]}}