{"id":373514,"date":"2025-12-04T00:19:30","date_gmt":"2025-12-04T03:19:30","guid":{"rendered":"https:\/\/www.notibras.com\/site\/?p=373514"},"modified":"2025-12-04T07:21:44","modified_gmt":"2025-12-04T10:21:44","slug":"corpo-com-alma-leve-nordestino-transborda-sua-cultura","status":"publish","type":"post","link":"https:\/\/www.notibras.com\/site\/corpo-com-alma-leve-nordestino-transborda-sua-cultura\/","title":{"rendered":"Corpo com alma leve, nordestino transborda sua cultura"},"content":{"rendered":"<p>O Nordeste n\u00e3o cabe em uma s\u00f3 hist\u00f3ria \u2014 ele se espalha, se recria e resiste em cada canto onde a vida pulsa entre sol quente, f\u00e9 antiga e risos que teimam em nascer mesmo nos dias mais dif\u00edceis.<\/p>\n<p>Existe, no cotidiano nordestino, uma cultura que n\u00e3o \u00e9 s\u00f3 tradi\u00e7\u00e3o: \u00e9 jeito de existir. \u00c9 o caf\u00e9 coado cedo, com cheiro de ro\u00e7a e conversa; \u00e9 a sanfona que ecoa nos terreiros como se chamasse o povo para lembrar de onde veio; \u00e9 a xilogravura que risca a madeira como quem risca tamb\u00e9m a mem\u00f3ria; \u00e9 o cordel que balan\u00e7a ao vento, contando hist\u00f3rias que misturam realidade e encantamento.<\/p>\n<p>No mercado, o burburinho. Um vendedor grita, outro canta. Em cada banca, uma narrativa: o colorido das frutas, o tempero forte, a renda delicada feita por m\u00e3os h\u00e1beis que aprenderam o of\u00edcio com as av\u00f3s. A cultura aqui n\u00e3o dorme \u2014 ela vive em movimento, moldada pelo sol e pela coragem de quem insiste no amanh\u00e3.<\/p>\n<p>E no meio disso tudo, a exist\u00eancia nordestina se afirma. N\u00e3o \u00e9 s\u00f3 lutar contra a seca, como muitos insistem em repetir. \u00c9 inventar solu\u00e7\u00f5es, celebrar nas festas de rua, transformar saudade em poesia e dureza em teimosia bonita. \u00c9 carregar no peito uma identidade que n\u00e3o se desfaz nem com o tempo nem com a dist\u00e2ncia.<\/p>\n<p>Nordeste \u00e9 corpo e alma. \u00c9 cultura que respira, \u00e9 exist\u00eancia que fala alto. \u00c9 o lugar onde nascer \u00e9 s\u00f3 o come\u00e7o \u2014 o resto \u00e9 viver com a for\u00e7a de quem sabe que, mesmo quando o vento sopra contra, o cora\u00e7\u00e3o sempre sopra a favor.<\/p>\n","protected":false},"excerpt":{"rendered":"<p>O Nordeste n\u00e3o cabe em uma s\u00f3 hist\u00f3ria \u2014 ele se espalha, se recria e resiste em cada canto onde a vida pulsa entre sol quente, f\u00e9 antiga e risos que teimam em nascer mesmo nos dias mais dif\u00edceis. Existe, no cotidiano nordestino, uma cultura que n\u00e3o \u00e9 s\u00f3 tradi\u00e7\u00e3o: \u00e9 jeito de existir. \u00c9 [&hellip;]<\/p>\n","protected":false},"author":2,"featured_media":373515,"comment_status":"closed","ping_status":"closed","sticky":false,"template":"","format":"standard","meta":{"_acf_changed":false,"footnotes":""},"categories":[165],"tags":[],"class_list":["post-373514","post","type-post","status-publish","format-standard","has-post-thumbnail","hentry","category-nordeste"],"acf":[],"_links":{"self":[{"href":"https:\/\/www.notibras.com\/site\/wp-json\/wp\/v2\/posts\/373514","targetHints":{"allow":["GET"]}}],"collection":[{"href":"https:\/\/www.notibras.com\/site\/wp-json\/wp\/v2\/posts"}],"about":[{"href":"https:\/\/www.notibras.com\/site\/wp-json\/wp\/v2\/types\/post"}],"author":[{"embeddable":true,"href":"https:\/\/www.notibras.com\/site\/wp-json\/wp\/v2\/users\/2"}],"replies":[{"embeddable":true,"href":"https:\/\/www.notibras.com\/site\/wp-json\/wp\/v2\/comments?post=373514"}],"version-history":[{"count":1,"href":"https:\/\/www.notibras.com\/site\/wp-json\/wp\/v2\/posts\/373514\/revisions"}],"predecessor-version":[{"id":373516,"href":"https:\/\/www.notibras.com\/site\/wp-json\/wp\/v2\/posts\/373514\/revisions\/373516"}],"wp:featuredmedia":[{"embeddable":true,"href":"https:\/\/www.notibras.com\/site\/wp-json\/wp\/v2\/media\/373515"}],"wp:attachment":[{"href":"https:\/\/www.notibras.com\/site\/wp-json\/wp\/v2\/media?parent=373514"}],"wp:term":[{"taxonomy":"category","embeddable":true,"href":"https:\/\/www.notibras.com\/site\/wp-json\/wp\/v2\/categories?post=373514"},{"taxonomy":"post_tag","embeddable":true,"href":"https:\/\/www.notibras.com\/site\/wp-json\/wp\/v2\/tags?post=373514"}],"curies":[{"name":"wp","href":"https:\/\/api.w.org\/{rel}","templated":true}]}}