{"id":373517,"date":"2025-12-04T00:30:32","date_gmt":"2025-12-04T03:30:32","guid":{"rendered":"https:\/\/www.notibras.com\/site\/?p=373517"},"modified":"2025-12-04T07:28:25","modified_gmt":"2025-12-04T10:28:25","slug":"incendio-destroi-loja-de-variedades-no-grande-recife","status":"publish","type":"post","link":"https:\/\/www.notibras.com\/site\/incendio-destroi-loja-de-variedades-no-grande-recife\/","title":{"rendered":"Inc\u00eandio destr\u00f3i loja de variedades no Grande Recife"},"content":{"rendered":"<p>Um inc\u00eandio de grandes propor\u00e7\u00f5es destruiu uma loja de variedades na noite de ter\u00e7a-feira, no Grande Recife. O fogo come\u00e7ou por volta das 20h, em um im\u00f3vel localizado em uma \u00e1rea comercial de intenso movimento. Moradores e comerciantes vizinhos perceberam as chamas se espalhando rapidamente e acionaram o Corpo de Bombeiros.<\/p>\n<p>Segundo a corpora\u00e7\u00e3o, quatro viaturas de combate e uma equipe de apoio foram mobilizadas para conter o inc\u00eandio, que levou cerca de duas horas para ser controlado. As chamas consumiram praticamente todo o estoque da loja, que oferecia produtos dom\u00e9sticos, utilidades e itens de papelaria. Parte da estrutura do pr\u00e9dio tamb\u00e9m foi comprometida, deixando o im\u00f3vel interditado.<\/p>\n<p>Funcion\u00e1rios relataram que o estabelecimento j\u00e1 estava fechado no momento do incidente. N\u00e3o houve registro de feridos, mas o preju\u00edzo material foi considerado elevado pelos propriet\u00e1rios. \u201cA gente viu o fogo come\u00e7ar pelos fundos e se espalhar. Foi tudo muito r\u00e1pido\u201d, disse uma comerciante vizinha, que preferiu n\u00e3o se identificar.<\/p>\n<p>As causas do inc\u00eandio ainda s\u00e3o investigadas. Peritos do Corpo de Bombeiros realizar\u00e3o uma per\u00edcia no local para identificar se houve falha el\u00e9trica, curto-circuito ou outro tipo de ocorr\u00eancia que possa ter iniciado as chamas. A Defesa Civil municipal tamb\u00e9m foi acionada para avaliar a seguran\u00e7a das edifica\u00e7\u00f5es pr\u00f3ximas.<\/p>\n<p>Enquanto o laudo n\u00e3o \u00e9 conclu\u00eddo, a recomenda\u00e7\u00e3o das autoridades \u00e9 que moradores e comerciantes evitem circular nas \u00e1reas isoladas. A loja permanece fechada e n\u00e3o h\u00e1 previs\u00e3o para retomada das atividades.<\/p>\n","protected":false},"excerpt":{"rendered":"<p>Um inc\u00eandio de grandes propor\u00e7\u00f5es destruiu uma loja de variedades na noite de ter\u00e7a-feira, no Grande Recife. O fogo come\u00e7ou por volta das 20h, em um im\u00f3vel localizado em uma \u00e1rea comercial de intenso movimento. Moradores e comerciantes vizinhos perceberam as chamas se espalhando rapidamente e acionaram o Corpo de Bombeiros. Segundo a corpora\u00e7\u00e3o, quatro [&hellip;]<\/p>\n","protected":false},"author":2,"featured_media":373518,"comment_status":"closed","ping_status":"closed","sticky":false,"template":"","format":"standard","meta":{"_acf_changed":false,"footnotes":""},"categories":[165],"tags":[],"class_list":["post-373517","post","type-post","status-publish","format-standard","has-post-thumbnail","hentry","category-nordeste"],"acf":[],"_links":{"self":[{"href":"https:\/\/www.notibras.com\/site\/wp-json\/wp\/v2\/posts\/373517","targetHints":{"allow":["GET"]}}],"collection":[{"href":"https:\/\/www.notibras.com\/site\/wp-json\/wp\/v2\/posts"}],"about":[{"href":"https:\/\/www.notibras.com\/site\/wp-json\/wp\/v2\/types\/post"}],"author":[{"embeddable":true,"href":"https:\/\/www.notibras.com\/site\/wp-json\/wp\/v2\/users\/2"}],"replies":[{"embeddable":true,"href":"https:\/\/www.notibras.com\/site\/wp-json\/wp\/v2\/comments?post=373517"}],"version-history":[{"count":1,"href":"https:\/\/www.notibras.com\/site\/wp-json\/wp\/v2\/posts\/373517\/revisions"}],"predecessor-version":[{"id":373519,"href":"https:\/\/www.notibras.com\/site\/wp-json\/wp\/v2\/posts\/373517\/revisions\/373519"}],"wp:featuredmedia":[{"embeddable":true,"href":"https:\/\/www.notibras.com\/site\/wp-json\/wp\/v2\/media\/373518"}],"wp:attachment":[{"href":"https:\/\/www.notibras.com\/site\/wp-json\/wp\/v2\/media?parent=373517"}],"wp:term":[{"taxonomy":"category","embeddable":true,"href":"https:\/\/www.notibras.com\/site\/wp-json\/wp\/v2\/categories?post=373517"},{"taxonomy":"post_tag","embeddable":true,"href":"https:\/\/www.notibras.com\/site\/wp-json\/wp\/v2\/tags?post=373517"}],"curies":[{"name":"wp","href":"https:\/\/api.w.org\/{rel}","templated":true}]}}