{"id":373520,"date":"2025-12-04T07:00:09","date_gmt":"2025-12-04T10:00:09","guid":{"rendered":"https:\/\/www.notibras.com\/site\/?p=373520"},"modified":"2025-12-04T07:32:54","modified_gmt":"2025-12-04T10:32:54","slug":"acidente-com-onibus-da-univasf-deixa-estudantes-universitarios-feridos","status":"publish","type":"post","link":"https:\/\/www.notibras.com\/site\/acidente-com-onibus-da-univasf-deixa-estudantes-universitarios-feridos\/","title":{"rendered":"Acidente com \u00f4nibus da Univasf deixa estudantes universit\u00e1rios feridos"},"content":{"rendered":"<p>Um \u00f4nibus que transportava estudantes da Universidade Federal do Vale do S\u00e3o Francisco (Univasf) se envolveu em um acidente no Campus de Ci\u00eancias Agr\u00e1rias, em Petrolina (PE). Segundo relatos preliminares, o ve\u00edculo perdeu o controle enquanto circulava pela \u00e1rea interna do campus e atingiu parte da estrutura pr\u00f3xima aos laborat\u00f3rios.<\/p>\n<p>Equipes do Servi\u00e7o de Atendimento M\u00f3vel de Urg\u00eancia (Samu) foram acionadas e prestaram socorro aos ocupantes. Diversos estudantes ficaram feridos, alguns com escoria\u00e7\u00f5es leves e outros com necessidade de avalia\u00e7\u00e3o m\u00e9dica mais detalhada. Todos foram encaminhados para unidades de sa\u00fade de Petrolina.<\/p>\n<p>A Univasf informou que acompanha o caso e presta assist\u00eancia aos envolvidos. As causas do acidente ainda est\u00e3o sendo apuradas. H\u00e1 a suspeita de falha mec\u00e2nica, mas a confirma\u00e7\u00e3o depender\u00e1 de per\u00edcia t\u00e9cnica e do depoimento do motorista.<\/p>\n<p>O incidente gerou preocupa\u00e7\u00e3o entre a comunidade acad\u00eamica e levou \u00e0 interrup\u00e7\u00e3o tempor\u00e1ria de parte das atividades no campus. A universidade afirmou que divulgar\u00e1 atualiza\u00e7\u00f5es conforme o andamento das investiga\u00e7\u00f5es e a evolu\u00e7\u00e3o do estado de sa\u00fade dos estudantes.<\/p>\n","protected":false},"excerpt":{"rendered":"<p>Um \u00f4nibus que transportava estudantes da Universidade Federal do Vale do S\u00e3o Francisco (Univasf) se envolveu em um acidente no Campus de Ci\u00eancias Agr\u00e1rias, em Petrolina (PE). Segundo relatos preliminares, o ve\u00edculo perdeu o controle enquanto circulava pela \u00e1rea interna do campus e atingiu parte da estrutura pr\u00f3xima aos laborat\u00f3rios. Equipes do Servi\u00e7o de Atendimento [&hellip;]<\/p>\n","protected":false},"author":2,"featured_media":373521,"comment_status":"closed","ping_status":"closed","sticky":false,"template":"","format":"standard","meta":{"_acf_changed":false,"footnotes":""},"categories":[165],"tags":[],"class_list":["post-373520","post","type-post","status-publish","format-standard","has-post-thumbnail","hentry","category-nordeste"],"acf":[],"_links":{"self":[{"href":"https:\/\/www.notibras.com\/site\/wp-json\/wp\/v2\/posts\/373520","targetHints":{"allow":["GET"]}}],"collection":[{"href":"https:\/\/www.notibras.com\/site\/wp-json\/wp\/v2\/posts"}],"about":[{"href":"https:\/\/www.notibras.com\/site\/wp-json\/wp\/v2\/types\/post"}],"author":[{"embeddable":true,"href":"https:\/\/www.notibras.com\/site\/wp-json\/wp\/v2\/users\/2"}],"replies":[{"embeddable":true,"href":"https:\/\/www.notibras.com\/site\/wp-json\/wp\/v2\/comments?post=373520"}],"version-history":[{"count":1,"href":"https:\/\/www.notibras.com\/site\/wp-json\/wp\/v2\/posts\/373520\/revisions"}],"predecessor-version":[{"id":373522,"href":"https:\/\/www.notibras.com\/site\/wp-json\/wp\/v2\/posts\/373520\/revisions\/373522"}],"wp:featuredmedia":[{"embeddable":true,"href":"https:\/\/www.notibras.com\/site\/wp-json\/wp\/v2\/media\/373521"}],"wp:attachment":[{"href":"https:\/\/www.notibras.com\/site\/wp-json\/wp\/v2\/media?parent=373520"}],"wp:term":[{"taxonomy":"category","embeddable":true,"href":"https:\/\/www.notibras.com\/site\/wp-json\/wp\/v2\/categories?post=373520"},{"taxonomy":"post_tag","embeddable":true,"href":"https:\/\/www.notibras.com\/site\/wp-json\/wp\/v2\/tags?post=373520"}],"curies":[{"name":"wp","href":"https:\/\/api.w.org\/{rel}","templated":true}]}}