{"id":373527,"date":"2025-12-04T07:55:51","date_gmt":"2025-12-04T10:55:51","guid":{"rendered":"https:\/\/www.notibras.com\/site\/?p=373527"},"modified":"2025-12-04T12:10:29","modified_gmt":"2025-12-04T15:10:29","slug":"russia-ficara-com-donbass-da-ucrania-nem-que-seja-na-marra","status":"publish","type":"post","link":"https:\/\/www.notibras.com\/site\/russia-ficara-com-donbass-da-ucrania-nem-que-seja-na-marra\/","title":{"rendered":"R\u00fassia ficar\u00e1 com Donbass (da Ucr\u00e2nia) &#8216;nem que seja na marra&#8217;"},"content":{"rendered":"<p>O presidente russo, Vladimir Putin, afirmou que os territ\u00f3rios controlados por Kiev ser\u00e3o libertados por meios militares ou pela retirada das for\u00e7as ucranianas e o fim das mortes nessas \u00e1reas.<\/p>\n<p>\u201cOu libertamos esses territ\u00f3rios por meio de a\u00e7\u00e3o militar, ou as tropas ucranianas&#8230; deixar\u00e3o esses territ\u00f3rios e parar\u00e3o de matar pessoas\u201d, disse Putin em entrevista \u00e0 India Today.<\/p>\n<p>O presidente russo, Vladimir Putin, afirmou que a Rep\u00fablica Popular de Donetsk (RPD) e a Rep\u00fablica Popular de Lugansk (RPL) n\u00e3o desejavam existir dentro da Ucr\u00e2nia e expressaram isso em um referendo.<\/p>\n<p>&#8220;Dissemos imediatamente \u00e0s tropas ucranianas: o povo n\u00e3o quer viver com voc\u00eas. Eles foram \u00e0s urnas para o referendo e votaram&#8221;, disse Putin.<\/p>\n<p>A R\u00fassia tentou construir rela\u00e7\u00f5es entre a RPD (Rep\u00fablica Popular de Donetsk) e a RPL (Rep\u00fablica Popular de Lugansk) e a Ucr\u00e2nia, mas Kiev n\u00e3o as reconheceu, disse o presidente, observando que Kiev se recusou a retirar suas tropas da RPD e da RPL ap\u00f3s o referendo, preferindo lutar.<\/p>\n<p>A busca por uma solu\u00e7\u00e3o para a situa\u00e7\u00e3o na Ucr\u00e2nia \u00e9 uma tarefa dif\u00edcil, disse o presidente russo Vladimir Putin. &#8220;\u00c9 um trabalho dif\u00edcil, \u00e9 uma miss\u00e3o dif\u00edcil&#8221;, disse Putin.<\/p>\n<p>No contexto das discuss\u00f5es sobre o conflito ucraniano, o presidente afirmou que alcan\u00e7ar um consenso entre as partes \u00e9 uma tarefa dif\u00edcil.<\/p>\n<p>O governo do presidente dos EUA, Donald Trump, assumiu a dif\u00edcil miss\u00e3o de resolver a situa\u00e7\u00e3o na Ucr\u00e2nia , disse o presidente russo, Vladimir Putin.<\/p>\n<p>&#8220;Mas esta \u00e9 uma tarefa dif\u00edcil e uma miss\u00e3o \u00e1rdua que o governo Trump assumiu. \u00c9 dif\u00edcil. Digo isso sem qualquer ironia&#8221;, disse Putin.<\/p>\n<p>Putin acrescentou que, durante seu encontro com o enviado especial dos EUA, Steve Witkoff, e com o genro de Trump, Jared Kushner, surgiram questionamentos sobre propostas americanas com as quais Moscou n\u00e3o concordou, e que as partes as discutiram.<\/p>\n<p>&#8220;Eles [os pontos do plano proposto pelos EUA para um acordo na Ucr\u00e2nia] est\u00e3o sendo discutidos. Eles [os EUA] dividiram os 27 pontos em quatro pacotes e propuseram discuti-los separadamente&#8221;, disse Putin.<\/p>\n<p>Representantes dos EUA est\u00e3o atualmente envolvidos em uma diplomacia itinerante, mantendo contatos com a R\u00fassia, a Europa e a Ucr\u00e2nia, disse Putin.<\/p>\n<p>&#8220;O que eles est\u00e3o fazendo? Diplomacia itinerante. Conversaram com o representante ucraniano, depois com os europeus, depois vieram at\u00e9 n\u00f3s e agora t\u00eam outra reuni\u00e3o com os ucranianos e os europeus&#8221;, disse Putin.<\/p>\n<p>Vladimir Putin considerou muito \u00fatil seu encontro com o enviado especial dos EUA, Steve Witkoff, e com o genro do presidente dos EUA, Donald Trump, Jared Kushner.<\/p>\n<p>&#8220;A reuni\u00e3o foi muito \u00fatil&#8221;, disse Putin em entrevista \u00e0 India Today, acrescentando que foi uma conversa muito necess\u00e1ria.<\/p>\n<p>\u00c9 muito cedo para falar sobre a reuni\u00e3o, mas ela era necess\u00e1ria, disse o presidente, acrescentando que as propostas que o lado americano levou a Moscou foram baseadas, de uma forma ou de outra, em seus acordos com o presidente dos EUA, Donald Trump, no Alasca.<\/p>\n<p>&#8220;O que os americanos nos trouxeram agora, ainda n\u00e3o vimos, ent\u00e3o tivemos que analisar quase todos os pontos, por isso demorou tanto&#8221;, disse Putin.<\/p>\n","protected":false},"excerpt":{"rendered":"<p>O presidente russo, Vladimir Putin, afirmou que os territ\u00f3rios controlados por Kiev ser\u00e3o libertados por meios militares ou pela retirada das for\u00e7as ucranianas e o fim das mortes nessas \u00e1reas. \u201cOu libertamos esses territ\u00f3rios por meio de a\u00e7\u00e3o militar, ou as tropas ucranianas&#8230; deixar\u00e3o esses territ\u00f3rios e parar\u00e3o de matar pessoas\u201d, disse Putin em entrevista [&hellip;]<\/p>\n","protected":false},"author":2,"featured_media":373528,"comment_status":"closed","ping_status":"closed","sticky":false,"template":"","format":"standard","meta":{"_acf_changed":false,"footnotes":""},"categories":[159],"tags":[95],"class_list":["post-373527","post","type-post","status-publish","format-standard","has-post-thumbnail","hentry","category-apocalipse","tag-capa"],"acf":[],"yoast_head":"<!-- This site is optimized with the Yoast SEO plugin v27.2 - https:\/\/yoast.com\/product\/yoast-seo-wordpress\/ -->\n<title>R\u00fassia ficar\u00e1 com Donbass (da Ucr\u00e2nia) &#039;nem que seja na marra&#039; - Notibras<\/title>\n<meta name=\"robots\" content=\"index, follow, max-snippet:-1, max-image-preview:large, max-video-preview:-1\" \/>\n<link rel=\"canonical\" href=\"https:\/\/www.notibras.com\/site\/russia-ficara-com-donbass-da-ucrania-nem-que-seja-na-marra\/\" \/>\n<meta property=\"og:locale\" content=\"pt_BR\" \/>\n<meta property=\"og:type\" content=\"article\" \/>\n<meta property=\"og:title\" content=\"R\u00fassia ficar\u00e1 com Donbass (da Ucr\u00e2nia) &#039;nem que seja na marra&#039; - Notibras\" \/>\n<meta property=\"og:description\" content=\"O presidente russo, Vladimir Putin, afirmou que os territ\u00f3rios controlados por Kiev ser\u00e3o libertados por meios militares ou pela retirada das for\u00e7as ucranianas e o fim das mortes nessas \u00e1reas. \u201cOu libertamos esses territ\u00f3rios por meio de a\u00e7\u00e3o militar, ou as tropas ucranianas&#8230; deixar\u00e3o esses territ\u00f3rios e parar\u00e3o de matar pessoas\u201d, disse Putin em entrevista [&hellip;]\" \/>\n<meta property=\"og:url\" content=\"https:\/\/www.notibras.com\/site\/russia-ficara-com-donbass-da-ucrania-nem-que-seja-na-marra\/\" \/>\n<meta property=\"og:site_name\" content=\"Notibras\" \/>\n<meta property=\"article:publisher\" content=\"https:\/\/www.facebook.com\/notibras\/\" \/>\n<meta property=\"article:published_time\" content=\"2025-12-04T10:55:51+00:00\" \/>\n<meta property=\"article:modified_time\" content=\"2025-12-04T15:10:29+00:00\" \/>\n<meta property=\"og:image\" content=\"https:\/\/www.notibras.com\/site\/wp-content\/uploads\/2025\/12\/1122923054_0_158_3075_1888_1920x0_80_0_0_a4fec69cb18df6c9fb02ac07fe89b6cb.jpg.webp\" \/>\n\t<meta property=\"og:image:width\" content=\"1920\" \/>\n\t<meta property=\"og:image:height\" content=\"1080\" \/>\n\t<meta property=\"og:image:type\" content=\"image\/webp\" \/>\n<meta name=\"author\" content=\"Reda\u00e7\u00e3o\" \/>\n<meta name=\"twitter:card\" content=\"summary_large_image\" \/>\n<meta name=\"twitter:creator\" content=\"@Notibras\" \/>\n<meta name=\"twitter:site\" content=\"@Notibras\" \/>\n<meta name=\"twitter:label1\" content=\"Escrito por\" \/>\n\t<meta name=\"twitter:data1\" content=\"Reda\u00e7\u00e3o\" \/>\n\t<meta name=\"twitter:label2\" content=\"Est. tempo de leitura\" \/>\n\t<meta name=\"twitter:data2\" content=\"4 minutos\" \/>\n<script type=\"application\/ld+json\" class=\"yoast-schema-graph\">{\"@context\":\"https:\/\/schema.org\",\"@graph\":[{\"@type\":\"Article\",\"@id\":\"https:\/\/www.notibras.com\/site\/russia-ficara-com-donbass-da-ucrania-nem-que-seja-na-marra\/#article\",\"isPartOf\":{\"@id\":\"https:\/\/www.notibras.com\/site\/russia-ficara-com-donbass-da-ucrania-nem-que-seja-na-marra\/\"},\"author\":{\"name\":\"Reda\u00e7\u00e3o\",\"@id\":\"https:\/\/www.notibras.com\/site\/#\/schema\/person\/36ab0979449956132d3e5b517ea76ac8\"},\"headline\":\"R\u00fassia ficar\u00e1 com Donbass (da Ucr\u00e2nia) &#8216;nem que seja na marra&#8217;\",\"datePublished\":\"2025-12-04T10:55:51+00:00\",\"dateModified\":\"2025-12-04T15:10:29+00:00\",\"mainEntityOfPage\":{\"@id\":\"https:\/\/www.notibras.com\/site\/russia-ficara-com-donbass-da-ucrania-nem-que-seja-na-marra\/\"},\"wordCount\":561,\"publisher\":{\"@id\":\"https:\/\/www.notibras.com\/site\/#organization\"},\"image\":{\"@id\":\"https:\/\/www.notibras.com\/site\/russia-ficara-com-donbass-da-ucrania-nem-que-seja-na-marra\/#primaryimage\"},\"thumbnailUrl\":\"https:\/\/www.notibras.com\/site\/wp-content\/uploads\/2025\/12\/1122923054_0_158_3075_1888_1920x0_80_0_0_a4fec69cb18df6c9fb02ac07fe89b6cb.jpg.webp\",\"keywords\":[\"capa\"],\"articleSection\":[\"Apocalipse\"],\"inLanguage\":\"pt-BR\"},{\"@type\":\"WebPage\",\"@id\":\"https:\/\/www.notibras.com\/site\/russia-ficara-com-donbass-da-ucrania-nem-que-seja-na-marra\/\",\"url\":\"https:\/\/www.notibras.com\/site\/russia-ficara-com-donbass-da-ucrania-nem-que-seja-na-marra\/\",\"name\":\"R\u00fassia ficar\u00e1 com Donbass (da Ucr\u00e2nia) 'nem que seja na marra' - Notibras\",\"isPartOf\":{\"@id\":\"https:\/\/www.notibras.com\/site\/#website\"},\"primaryImageOfPage\":{\"@id\":\"https:\/\/www.notibras.com\/site\/russia-ficara-com-donbass-da-ucrania-nem-que-seja-na-marra\/#primaryimage\"},\"image\":{\"@id\":\"https:\/\/www.notibras.com\/site\/russia-ficara-com-donbass-da-ucrania-nem-que-seja-na-marra\/#primaryimage\"},\"thumbnailUrl\":\"https:\/\/www.notibras.com\/site\/wp-content\/uploads\/2025\/12\/1122923054_0_158_3075_1888_1920x0_80_0_0_a4fec69cb18df6c9fb02ac07fe89b6cb.jpg.webp\",\"datePublished\":\"2025-12-04T10:55:51+00:00\",\"dateModified\":\"2025-12-04T15:10:29+00:00\",\"breadcrumb\":{\"@id\":\"https:\/\/www.notibras.com\/site\/russia-ficara-com-donbass-da-ucrania-nem-que-seja-na-marra\/#breadcrumb\"},\"inLanguage\":\"pt-BR\",\"potentialAction\":[{\"@type\":\"ReadAction\",\"target\":[\"https:\/\/www.notibras.com\/site\/russia-ficara-com-donbass-da-ucrania-nem-que-seja-na-marra\/\"]}]},{\"@type\":\"ImageObject\",\"inLanguage\":\"pt-BR\",\"@id\":\"https:\/\/www.notibras.com\/site\/russia-ficara-com-donbass-da-ucrania-nem-que-seja-na-marra\/#primaryimage\",\"url\":\"https:\/\/www.notibras.com\/site\/wp-content\/uploads\/2025\/12\/1122923054_0_158_3075_1888_1920x0_80_0_0_a4fec69cb18df6c9fb02ac07fe89b6cb.jpg.webp\",\"contentUrl\":\"https:\/\/www.notibras.com\/site\/wp-content\/uploads\/2025\/12\/1122923054_0_158_3075_1888_1920x0_80_0_0_a4fec69cb18df6c9fb02ac07fe89b6cb.jpg.webp\",\"width\":1920,\"height\":1080},{\"@type\":\"BreadcrumbList\",\"@id\":\"https:\/\/www.notibras.com\/site\/russia-ficara-com-donbass-da-ucrania-nem-que-seja-na-marra\/#breadcrumb\",\"itemListElement\":[{\"@type\":\"ListItem\",\"position\":1,\"name\":\"In\u00edcio\",\"item\":\"https:\/\/www.notibras.com\/site\/\"},{\"@type\":\"ListItem\",\"position\":2,\"name\":\"R\u00fassia ficar\u00e1 com Donbass (da Ucr\u00e2nia) &#8216;nem que seja na marra&#8217;\"}]},{\"@type\":\"WebSite\",\"@id\":\"https:\/\/www.notibras.com\/site\/#website\",\"url\":\"https:\/\/www.notibras.com\/site\/\",\"name\":\"Notibras\",\"description\":\"Not\u00edcias de Bras\u00edlia, do Brasil e do Mundo\",\"publisher\":{\"@id\":\"https:\/\/www.notibras.com\/site\/#organization\"},\"potentialAction\":[{\"@type\":\"SearchAction\",\"target\":{\"@type\":\"EntryPoint\",\"urlTemplate\":\"https:\/\/www.notibras.com\/site\/?s={search_term_string}\"},\"query-input\":{\"@type\":\"PropertyValueSpecification\",\"valueRequired\":true,\"valueName\":\"search_term_string\"}}],\"inLanguage\":\"pt-BR\"},{\"@type\":\"Organization\",\"@id\":\"https:\/\/www.notibras.com\/site\/#organization\",\"name\":\"Grupo Notibras de Comunica\u00e7\u00e3o\",\"url\":\"https:\/\/www.notibras.com\/site\/\",\"logo\":{\"@type\":\"ImageObject\",\"inLanguage\":\"pt-BR\",\"@id\":\"https:\/\/www.notibras.com\/site\/#\/schema\/logo\/image\/\",\"url\":\"https:\/\/www.notibras.com\/site\/wp-content\/uploads\/2023\/01\/notibras23.png\",\"contentUrl\":\"https:\/\/www.notibras.com\/site\/wp-content\/uploads\/2023\/01\/notibras23.png\",\"width\":350,\"height\":87,\"caption\":\"Grupo Notibras de Comunica\u00e7\u00e3o\"},\"image\":{\"@id\":\"https:\/\/www.notibras.com\/site\/#\/schema\/logo\/image\/\"},\"sameAs\":[\"https:\/\/www.facebook.com\/notibras\/\",\"https:\/\/x.com\/Notibras\",\"https:\/\/www.instagram.com\/notibras\/\"]},{\"@type\":\"Person\",\"@id\":\"https:\/\/www.notibras.com\/site\/#\/schema\/person\/36ab0979449956132d3e5b517ea76ac8\",\"name\":\"Reda\u00e7\u00e3o\",\"image\":{\"@type\":\"ImageObject\",\"inLanguage\":\"pt-BR\",\"@id\":\"https:\/\/secure.gravatar.com\/avatar\/e0a867bdedb85fd243eadf09663511f96fc81e0720a4a42581f334ad4303aa6b?s=96&d=mm&r=g\",\"url\":\"https:\/\/secure.gravatar.com\/avatar\/e0a867bdedb85fd243eadf09663511f96fc81e0720a4a42581f334ad4303aa6b?s=96&d=mm&r=g\",\"contentUrl\":\"https:\/\/secure.gravatar.com\/avatar\/e0a867bdedb85fd243eadf09663511f96fc81e0720a4a42581f334ad4303aa6b?s=96&d=mm&r=g\",\"caption\":\"Reda\u00e7\u00e3o\"}}]}<\/script>\n<!-- \/ Yoast SEO plugin. -->","yoast_head_json":{"title":"R\u00fassia ficar\u00e1 com Donbass (da Ucr\u00e2nia) 'nem que seja na marra' - Notibras","robots":{"index":"index","follow":"follow","max-snippet":"max-snippet:-1","max-image-preview":"max-image-preview:large","max-video-preview":"max-video-preview:-1"},"canonical":"https:\/\/www.notibras.com\/site\/russia-ficara-com-donbass-da-ucrania-nem-que-seja-na-marra\/","og_locale":"pt_BR","og_type":"article","og_title":"R\u00fassia ficar\u00e1 com Donbass (da Ucr\u00e2nia) 'nem que seja na marra' - Notibras","og_description":"O presidente russo, Vladimir Putin, afirmou que os territ\u00f3rios controlados por Kiev ser\u00e3o libertados por meios militares ou pela retirada das for\u00e7as ucranianas e o fim das mortes nessas \u00e1reas. \u201cOu libertamos esses territ\u00f3rios por meio de a\u00e7\u00e3o militar, ou as tropas ucranianas&#8230; deixar\u00e3o esses territ\u00f3rios e parar\u00e3o de matar pessoas\u201d, disse Putin em entrevista [&hellip;]","og_url":"https:\/\/www.notibras.com\/site\/russia-ficara-com-donbass-da-ucrania-nem-que-seja-na-marra\/","og_site_name":"Notibras","article_publisher":"https:\/\/www.facebook.com\/notibras\/","article_published_time":"2025-12-04T10:55:51+00:00","article_modified_time":"2025-12-04T15:10:29+00:00","og_image":[{"width":1920,"height":1080,"url":"https:\/\/www.notibras.com\/site\/wp-content\/uploads\/2025\/12\/1122923054_0_158_3075_1888_1920x0_80_0_0_a4fec69cb18df6c9fb02ac07fe89b6cb.jpg.webp","type":"image\/webp"}],"author":"Reda\u00e7\u00e3o","twitter_card":"summary_large_image","twitter_creator":"@Notibras","twitter_site":"@Notibras","twitter_misc":{"Escrito por":"Reda\u00e7\u00e3o","Est. tempo de leitura":"4 minutos"},"schema":{"@context":"https:\/\/schema.org","@graph":[{"@type":"Article","@id":"https:\/\/www.notibras.com\/site\/russia-ficara-com-donbass-da-ucrania-nem-que-seja-na-marra\/#article","isPartOf":{"@id":"https:\/\/www.notibras.com\/site\/russia-ficara-com-donbass-da-ucrania-nem-que-seja-na-marra\/"},"author":{"name":"Reda\u00e7\u00e3o","@id":"https:\/\/www.notibras.com\/site\/#\/schema\/person\/36ab0979449956132d3e5b517ea76ac8"},"headline":"R\u00fassia ficar\u00e1 com Donbass (da Ucr\u00e2nia) &#8216;nem que seja na marra&#8217;","datePublished":"2025-12-04T10:55:51+00:00","dateModified":"2025-12-04T15:10:29+00:00","mainEntityOfPage":{"@id":"https:\/\/www.notibras.com\/site\/russia-ficara-com-donbass-da-ucrania-nem-que-seja-na-marra\/"},"wordCount":561,"publisher":{"@id":"https:\/\/www.notibras.com\/site\/#organization"},"image":{"@id":"https:\/\/www.notibras.com\/site\/russia-ficara-com-donbass-da-ucrania-nem-que-seja-na-marra\/#primaryimage"},"thumbnailUrl":"https:\/\/www.notibras.com\/site\/wp-content\/uploads\/2025\/12\/1122923054_0_158_3075_1888_1920x0_80_0_0_a4fec69cb18df6c9fb02ac07fe89b6cb.jpg.webp","keywords":["capa"],"articleSection":["Apocalipse"],"inLanguage":"pt-BR"},{"@type":"WebPage","@id":"https:\/\/www.notibras.com\/site\/russia-ficara-com-donbass-da-ucrania-nem-que-seja-na-marra\/","url":"https:\/\/www.notibras.com\/site\/russia-ficara-com-donbass-da-ucrania-nem-que-seja-na-marra\/","name":"R\u00fassia ficar\u00e1 com Donbass (da Ucr\u00e2nia) 'nem que seja na marra' - Notibras","isPartOf":{"@id":"https:\/\/www.notibras.com\/site\/#website"},"primaryImageOfPage":{"@id":"https:\/\/www.notibras.com\/site\/russia-ficara-com-donbass-da-ucrania-nem-que-seja-na-marra\/#primaryimage"},"image":{"@id":"https:\/\/www.notibras.com\/site\/russia-ficara-com-donbass-da-ucrania-nem-que-seja-na-marra\/#primaryimage"},"thumbnailUrl":"https:\/\/www.notibras.com\/site\/wp-content\/uploads\/2025\/12\/1122923054_0_158_3075_1888_1920x0_80_0_0_a4fec69cb18df6c9fb02ac07fe89b6cb.jpg.webp","datePublished":"2025-12-04T10:55:51+00:00","dateModified":"2025-12-04T15:10:29+00:00","breadcrumb":{"@id":"https:\/\/www.notibras.com\/site\/russia-ficara-com-donbass-da-ucrania-nem-que-seja-na-marra\/#breadcrumb"},"inLanguage":"pt-BR","potentialAction":[{"@type":"ReadAction","target":["https:\/\/www.notibras.com\/site\/russia-ficara-com-donbass-da-ucrania-nem-que-seja-na-marra\/"]}]},{"@type":"ImageObject","inLanguage":"pt-BR","@id":"https:\/\/www.notibras.com\/site\/russia-ficara-com-donbass-da-ucrania-nem-que-seja-na-marra\/#primaryimage","url":"https:\/\/www.notibras.com\/site\/wp-content\/uploads\/2025\/12\/1122923054_0_158_3075_1888_1920x0_80_0_0_a4fec69cb18df6c9fb02ac07fe89b6cb.jpg.webp","contentUrl":"https:\/\/www.notibras.com\/site\/wp-content\/uploads\/2025\/12\/1122923054_0_158_3075_1888_1920x0_80_0_0_a4fec69cb18df6c9fb02ac07fe89b6cb.jpg.webp","width":1920,"height":1080},{"@type":"BreadcrumbList","@id":"https:\/\/www.notibras.com\/site\/russia-ficara-com-donbass-da-ucrania-nem-que-seja-na-marra\/#breadcrumb","itemListElement":[{"@type":"ListItem","position":1,"name":"In\u00edcio","item":"https:\/\/www.notibras.com\/site\/"},{"@type":"ListItem","position":2,"name":"R\u00fassia ficar\u00e1 com Donbass (da Ucr\u00e2nia) &#8216;nem que seja na marra&#8217;"}]},{"@type":"WebSite","@id":"https:\/\/www.notibras.com\/site\/#website","url":"https:\/\/www.notibras.com\/site\/","name":"Notibras","description":"Not\u00edcias de Bras\u00edlia, do Brasil e do Mundo","publisher":{"@id":"https:\/\/www.notibras.com\/site\/#organization"},"potentialAction":[{"@type":"SearchAction","target":{"@type":"EntryPoint","urlTemplate":"https:\/\/www.notibras.com\/site\/?s={search_term_string}"},"query-input":{"@type":"PropertyValueSpecification","valueRequired":true,"valueName":"search_term_string"}}],"inLanguage":"pt-BR"},{"@type":"Organization","@id":"https:\/\/www.notibras.com\/site\/#organization","name":"Grupo Notibras de Comunica\u00e7\u00e3o","url":"https:\/\/www.notibras.com\/site\/","logo":{"@type":"ImageObject","inLanguage":"pt-BR","@id":"https:\/\/www.notibras.com\/site\/#\/schema\/logo\/image\/","url":"https:\/\/www.notibras.com\/site\/wp-content\/uploads\/2023\/01\/notibras23.png","contentUrl":"https:\/\/www.notibras.com\/site\/wp-content\/uploads\/2023\/01\/notibras23.png","width":350,"height":87,"caption":"Grupo Notibras de Comunica\u00e7\u00e3o"},"image":{"@id":"https:\/\/www.notibras.com\/site\/#\/schema\/logo\/image\/"},"sameAs":["https:\/\/www.facebook.com\/notibras\/","https:\/\/x.com\/Notibras","https:\/\/www.instagram.com\/notibras\/"]},{"@type":"Person","@id":"https:\/\/www.notibras.com\/site\/#\/schema\/person\/36ab0979449956132d3e5b517ea76ac8","name":"Reda\u00e7\u00e3o","image":{"@type":"ImageObject","inLanguage":"pt-BR","@id":"https:\/\/secure.gravatar.com\/avatar\/e0a867bdedb85fd243eadf09663511f96fc81e0720a4a42581f334ad4303aa6b?s=96&d=mm&r=g","url":"https:\/\/secure.gravatar.com\/avatar\/e0a867bdedb85fd243eadf09663511f96fc81e0720a4a42581f334ad4303aa6b?s=96&d=mm&r=g","contentUrl":"https:\/\/secure.gravatar.com\/avatar\/e0a867bdedb85fd243eadf09663511f96fc81e0720a4a42581f334ad4303aa6b?s=96&d=mm&r=g","caption":"Reda\u00e7\u00e3o"}}]}},"amp_enabled":true,"_links":{"self":[{"href":"https:\/\/www.notibras.com\/site\/wp-json\/wp\/v2\/posts\/373527","targetHints":{"allow":["GET"]}}],"collection":[{"href":"https:\/\/www.notibras.com\/site\/wp-json\/wp\/v2\/posts"}],"about":[{"href":"https:\/\/www.notibras.com\/site\/wp-json\/wp\/v2\/types\/post"}],"author":[{"embeddable":true,"href":"https:\/\/www.notibras.com\/site\/wp-json\/wp\/v2\/users\/2"}],"replies":[{"embeddable":true,"href":"https:\/\/www.notibras.com\/site\/wp-json\/wp\/v2\/comments?post=373527"}],"version-history":[{"count":4,"href":"https:\/\/www.notibras.com\/site\/wp-json\/wp\/v2\/posts\/373527\/revisions"}],"predecessor-version":[{"id":373532,"href":"https:\/\/www.notibras.com\/site\/wp-json\/wp\/v2\/posts\/373527\/revisions\/373532"}],"wp:featuredmedia":[{"embeddable":true,"href":"https:\/\/www.notibras.com\/site\/wp-json\/wp\/v2\/media\/373528"}],"wp:attachment":[{"href":"https:\/\/www.notibras.com\/site\/wp-json\/wp\/v2\/media?parent=373527"}],"wp:term":[{"taxonomy":"category","embeddable":true,"href":"https:\/\/www.notibras.com\/site\/wp-json\/wp\/v2\/categories?post=373527"},{"taxonomy":"post_tag","embeddable":true,"href":"https:\/\/www.notibras.com\/site\/wp-json\/wp\/v2\/tags?post=373527"}],"curies":[{"name":"wp","href":"https:\/\/api.w.org\/{rel}","templated":true}]}}