{"id":373542,"date":"2025-12-04T16:02:52","date_gmt":"2025-12-04T19:02:52","guid":{"rendered":"https:\/\/www.notibras.com\/site\/?p=373542"},"modified":"2025-12-04T16:46:31","modified_gmt":"2025-12-04T19:46:31","slug":"impeachment-proibido-cheira-a-bode-na-sala","status":"publish","type":"post","link":"https:\/\/www.notibras.com\/site\/impeachment-proibido-cheira-a-bode-na-sala\/","title":{"rendered":"Impeachment proibido cheira a bode na sala"},"content":{"rendered":"<p>A decis\u00e3o de Gilmar Mendes que entrega ao procurador-geral da Rep\u00fablica o monop\u00f3lio dos pedidos de impeachment de ministros do STF n\u00e3o \u00e9 apenas uma liminar. \u00c9 um fato pol\u00edtico calculado no tempo exato em que o pa\u00eds ainda respira a poeira levantada pela indica\u00e7\u00e3o de Jorge Messias. E essa poeira n\u00e3o baixou. Continua no ar, carregada de d\u00favidas, ru\u00eddos e rea\u00e7\u00f5es engolidas pela pressa.<\/p>\n<p>A rotina da semana mostrava um Senado dividido, um governo desgastado e uma opini\u00e3o p\u00fablica inquieta. A indica\u00e7\u00e3o de Messias n\u00e3o \u00e9 epis\u00f3dio encerrado. \u00c9 uma crise institucional em curso. Ela continua produzindo repercuss\u00f5es, desconfortos e questionamentos leg\u00edtimos sobre transpar\u00eancia, press\u00f5es e crit\u00e9rios. Mas, de repente, como num corte seco, a conversa nacional muda de assunto.<\/p>\n<p>Entra a liminar de Gilmar. Sai Messias das manchetes. Porque n\u00e3o foi uma substitui\u00e7\u00e3o org\u00e2nica. Foi abrupta, precisa, conveniente. A sensa\u00e7\u00e3o geral \u00e9 bastante simples: colocaram um bode na sala para deslocar o foco do cheiro real.<\/p>\n<p><strong>Centro da conversa<\/strong><br \/>\nA partir da liminar, a pauta passou a ser o poder concentrado na PGR, o alcance da decis\u00e3o e a eventual rea\u00e7\u00e3o do Senado. Davi Alcolumbre, que vinha sendo cobrado pelo atropelo na condu\u00e7\u00e3o da indica\u00e7\u00e3o de Messias, ganhou de presente um tema para se reposicionar como defensor das prerrogativas do Congresso. Enquanto isso, a crise institucional ligada a Messias perde nitidez. Mas n\u00e3o desaparece. Apenas deixa de ser iluminada.<\/p>\n<p>\u00c9 aqui que a refer\u00eancia a Luzes da Ribalta ajuda a entender o movimento. N\u00e3o se trata de glamourizar personagens. Trata-se de observar como o foco do projetor define o que o p\u00fablico v\u00ea. O impacto da indica\u00e7\u00e3o de Messias \u00e9 real, atual e relevante. Mas a luz foi desviada. O pa\u00eds agora discute outra coisa.<\/p>\n<p>A liminar pode at\u00e9 sobreviver ou cair no plen\u00e1rio. Isso \u00e9 detalhe. O ponto central \u00e9 que ela reorganizou a agenda no momento mais cr\u00edtico da indica\u00e7\u00e3o de Messias. O debate sobre os riscos e fragilidades do processo de nomea\u00e7\u00e3o n\u00e3o terminou. Foi apenas empurrado para a sombra.<\/p>\n<p>A crise continua viva. Mas, com o bode na sala, quase ningu\u00e9m sente o cheiro.<\/p>\n","protected":false},"excerpt":{"rendered":"<p>A decis\u00e3o de Gilmar Mendes que entrega ao procurador-geral da Rep\u00fablica o monop\u00f3lio dos pedidos de impeachment de ministros do STF n\u00e3o \u00e9 apenas uma liminar. \u00c9 um fato pol\u00edtico calculado no tempo exato em que o pa\u00eds ainda respira a poeira levantada pela indica\u00e7\u00e3o de Jorge Messias. E essa poeira n\u00e3o baixou. Continua no [&hellip;]<\/p>\n","protected":false},"author":2,"featured_media":373543,"comment_status":"closed","ping_status":"closed","sticky":false,"template":"","format":"standard","meta":{"_acf_changed":false,"footnotes":""},"categories":[16],"tags":[95],"class_list":["post-373542","post","type-post","status-publish","format-standard","has-post-thumbnail","hentry","category-brasil","tag-capa"],"acf":[],"yoast_head":"<!-- This site is optimized with the Yoast SEO plugin v27.5 - https:\/\/yoast.com\/product\/yoast-seo-wordpress\/ -->\n<title>Impeachment proibido cheira a bode na sala - Notibras<\/title>\n<meta name=\"robots\" content=\"index, follow, max-snippet:-1, max-image-preview:large, max-video-preview:-1\" \/>\n<link rel=\"canonical\" href=\"https:\/\/www.notibras.com\/site\/impeachment-proibido-cheira-a-bode-na-sala\/\" \/>\n<meta property=\"og:locale\" content=\"pt_BR\" \/>\n<meta property=\"og:type\" content=\"article\" \/>\n<meta property=\"og:title\" content=\"Impeachment proibido cheira a bode na sala - Notibras\" \/>\n<meta property=\"og:description\" content=\"A decis\u00e3o de Gilmar Mendes que entrega ao procurador-geral da Rep\u00fablica o monop\u00f3lio dos pedidos de impeachment de ministros do STF n\u00e3o \u00e9 apenas uma liminar. \u00c9 um fato pol\u00edtico calculado no tempo exato em que o pa\u00eds ainda respira a poeira levantada pela indica\u00e7\u00e3o de Jorge Messias. E essa poeira n\u00e3o baixou. Continua no [&hellip;]\" \/>\n<meta property=\"og:url\" content=\"https:\/\/www.notibras.com\/site\/impeachment-proibido-cheira-a-bode-na-sala\/\" \/>\n<meta property=\"og:site_name\" content=\"Notibras\" \/>\n<meta property=\"article:publisher\" content=\"https:\/\/www.facebook.com\/notibras\/\" \/>\n<meta property=\"article:published_time\" content=\"2025-12-04T19:02:52+00:00\" \/>\n<meta property=\"article:modified_time\" content=\"2025-12-04T19:46:31+00:00\" \/>\n<meta property=\"og:image\" content=\"https:\/\/www.notibras.com\/site\/wp-content\/uploads\/2025\/12\/bdc631cb-9c60-4a75-bd4c-3a9520246a7c.jpeg\" \/>\n\t<meta property=\"og:image:width\" content=\"1536\" \/>\n\t<meta property=\"og:image:height\" content=\"1024\" \/>\n\t<meta property=\"og:image:type\" content=\"image\/jpeg\" \/>\n<meta name=\"author\" content=\"Reda\u00e7\u00e3o\" \/>\n<meta name=\"twitter:card\" content=\"summary_large_image\" \/>\n<meta name=\"twitter:creator\" content=\"@Notibras\" \/>\n<meta name=\"twitter:site\" content=\"@Notibras\" \/>\n<meta name=\"twitter:label1\" content=\"Escrito por\" \/>\n\t<meta name=\"twitter:data1\" content=\"Reda\u00e7\u00e3o\" \/>\n\t<meta name=\"twitter:label2\" content=\"Est. tempo de leitura\" \/>\n\t<meta name=\"twitter:data2\" content=\"3 minutos\" \/>\n<script type=\"application\/ld+json\" class=\"yoast-schema-graph\">{\"@context\":\"https:\\\/\\\/schema.org\",\"@graph\":[{\"@type\":\"Article\",\"@id\":\"https:\\\/\\\/www.notibras.com\\\/site\\\/impeachment-proibido-cheira-a-bode-na-sala\\\/#article\",\"isPartOf\":{\"@id\":\"https:\\\/\\\/www.notibras.com\\\/site\\\/impeachment-proibido-cheira-a-bode-na-sala\\\/\"},\"author\":{\"name\":\"Reda\u00e7\u00e3o\",\"@id\":\"https:\\\/\\\/www.notibras.com\\\/site\\\/#\\\/schema\\\/person\\\/36ab0979449956132d3e5b517ea76ac8\"},\"headline\":\"Impeachment proibido cheira a bode na sala\",\"datePublished\":\"2025-12-04T19:02:52+00:00\",\"dateModified\":\"2025-12-04T19:46:31+00:00\",\"mainEntityOfPage\":{\"@id\":\"https:\\\/\\\/www.notibras.com\\\/site\\\/impeachment-proibido-cheira-a-bode-na-sala\\\/\"},\"wordCount\":389,\"publisher\":{\"@id\":\"https:\\\/\\\/www.notibras.com\\\/site\\\/#organization\"},\"image\":{\"@id\":\"https:\\\/\\\/www.notibras.com\\\/site\\\/impeachment-proibido-cheira-a-bode-na-sala\\\/#primaryimage\"},\"thumbnailUrl\":\"https:\\\/\\\/www.notibras.com\\\/site\\\/wp-content\\\/uploads\\\/2025\\\/12\\\/bdc631cb-9c60-4a75-bd4c-3a9520246a7c.jpeg\",\"keywords\":[\"capa\"],\"articleSection\":[\"Brasil\"],\"inLanguage\":\"pt-BR\"},{\"@type\":\"WebPage\",\"@id\":\"https:\\\/\\\/www.notibras.com\\\/site\\\/impeachment-proibido-cheira-a-bode-na-sala\\\/\",\"url\":\"https:\\\/\\\/www.notibras.com\\\/site\\\/impeachment-proibido-cheira-a-bode-na-sala\\\/\",\"name\":\"Impeachment proibido cheira a bode na sala - Notibras\",\"isPartOf\":{\"@id\":\"https:\\\/\\\/www.notibras.com\\\/site\\\/#website\"},\"primaryImageOfPage\":{\"@id\":\"https:\\\/\\\/www.notibras.com\\\/site\\\/impeachment-proibido-cheira-a-bode-na-sala\\\/#primaryimage\"},\"image\":{\"@id\":\"https:\\\/\\\/www.notibras.com\\\/site\\\/impeachment-proibido-cheira-a-bode-na-sala\\\/#primaryimage\"},\"thumbnailUrl\":\"https:\\\/\\\/www.notibras.com\\\/site\\\/wp-content\\\/uploads\\\/2025\\\/12\\\/bdc631cb-9c60-4a75-bd4c-3a9520246a7c.jpeg\",\"datePublished\":\"2025-12-04T19:02:52+00:00\",\"dateModified\":\"2025-12-04T19:46:31+00:00\",\"breadcrumb\":{\"@id\":\"https:\\\/\\\/www.notibras.com\\\/site\\\/impeachment-proibido-cheira-a-bode-na-sala\\\/#breadcrumb\"},\"inLanguage\":\"pt-BR\",\"potentialAction\":[{\"@type\":\"ReadAction\",\"target\":[\"https:\\\/\\\/www.notibras.com\\\/site\\\/impeachment-proibido-cheira-a-bode-na-sala\\\/\"]}]},{\"@type\":\"ImageObject\",\"inLanguage\":\"pt-BR\",\"@id\":\"https:\\\/\\\/www.notibras.com\\\/site\\\/impeachment-proibido-cheira-a-bode-na-sala\\\/#primaryimage\",\"url\":\"https:\\\/\\\/www.notibras.com\\\/site\\\/wp-content\\\/uploads\\\/2025\\\/12\\\/bdc631cb-9c60-4a75-bd4c-3a9520246a7c.jpeg\",\"contentUrl\":\"https:\\\/\\\/www.notibras.com\\\/site\\\/wp-content\\\/uploads\\\/2025\\\/12\\\/bdc631cb-9c60-4a75-bd4c-3a9520246a7c.jpeg\",\"width\":1536,\"height\":1024},{\"@type\":\"BreadcrumbList\",\"@id\":\"https:\\\/\\\/www.notibras.com\\\/site\\\/impeachment-proibido-cheira-a-bode-na-sala\\\/#breadcrumb\",\"itemListElement\":[{\"@type\":\"ListItem\",\"position\":1,\"name\":\"In\u00edcio\",\"item\":\"https:\\\/\\\/www.notibras.com\\\/site\\\/\"},{\"@type\":\"ListItem\",\"position\":2,\"name\":\"Impeachment proibido cheira a bode na sala\"}]},{\"@type\":\"WebSite\",\"@id\":\"https:\\\/\\\/www.notibras.com\\\/site\\\/#website\",\"url\":\"https:\\\/\\\/www.notibras.com\\\/site\\\/\",\"name\":\"Notibras\",\"description\":\"Not\u00edcias de Bras\u00edlia, do Brasil e do Mundo\",\"publisher\":{\"@id\":\"https:\\\/\\\/www.notibras.com\\\/site\\\/#organization\"},\"potentialAction\":[{\"@type\":\"SearchAction\",\"target\":{\"@type\":\"EntryPoint\",\"urlTemplate\":\"https:\\\/\\\/www.notibras.com\\\/site\\\/?s={search_term_string}\"},\"query-input\":{\"@type\":\"PropertyValueSpecification\",\"valueRequired\":true,\"valueName\":\"search_term_string\"}}],\"inLanguage\":\"pt-BR\"},{\"@type\":\"Organization\",\"@id\":\"https:\\\/\\\/www.notibras.com\\\/site\\\/#organization\",\"name\":\"Grupo Notibras de Comunica\u00e7\u00e3o\",\"url\":\"https:\\\/\\\/www.notibras.com\\\/site\\\/\",\"logo\":{\"@type\":\"ImageObject\",\"inLanguage\":\"pt-BR\",\"@id\":\"https:\\\/\\\/www.notibras.com\\\/site\\\/#\\\/schema\\\/logo\\\/image\\\/\",\"url\":\"https:\\\/\\\/www.notibras.com\\\/site\\\/wp-content\\\/uploads\\\/2023\\\/01\\\/notibras23.png\",\"contentUrl\":\"https:\\\/\\\/www.notibras.com\\\/site\\\/wp-content\\\/uploads\\\/2023\\\/01\\\/notibras23.png\",\"width\":350,\"height\":87,\"caption\":\"Grupo Notibras de Comunica\u00e7\u00e3o\"},\"image\":{\"@id\":\"https:\\\/\\\/www.notibras.com\\\/site\\\/#\\\/schema\\\/logo\\\/image\\\/\"},\"sameAs\":[\"https:\\\/\\\/www.facebook.com\\\/notibras\\\/\",\"https:\\\/\\\/x.com\\\/Notibras\",\"https:\\\/\\\/www.instagram.com\\\/notibras\\\/\"]},{\"@type\":\"Person\",\"@id\":\"https:\\\/\\\/www.notibras.com\\\/site\\\/#\\\/schema\\\/person\\\/36ab0979449956132d3e5b517ea76ac8\",\"name\":\"Reda\u00e7\u00e3o\",\"image\":{\"@type\":\"ImageObject\",\"inLanguage\":\"pt-BR\",\"@id\":\"https:\\\/\\\/secure.gravatar.com\\\/avatar\\\/e0a867bdedb85fd243eadf09663511f96fc81e0720a4a42581f334ad4303aa6b?s=96&d=mm&r=g\",\"url\":\"https:\\\/\\\/secure.gravatar.com\\\/avatar\\\/e0a867bdedb85fd243eadf09663511f96fc81e0720a4a42581f334ad4303aa6b?s=96&d=mm&r=g\",\"contentUrl\":\"https:\\\/\\\/secure.gravatar.com\\\/avatar\\\/e0a867bdedb85fd243eadf09663511f96fc81e0720a4a42581f334ad4303aa6b?s=96&d=mm&r=g\",\"caption\":\"Reda\u00e7\u00e3o\"}}]}<\/script>\n<!-- \/ Yoast SEO plugin. -->","yoast_head_json":{"title":"Impeachment proibido cheira a bode na sala - Notibras","robots":{"index":"index","follow":"follow","max-snippet":"max-snippet:-1","max-image-preview":"max-image-preview:large","max-video-preview":"max-video-preview:-1"},"canonical":"https:\/\/www.notibras.com\/site\/impeachment-proibido-cheira-a-bode-na-sala\/","og_locale":"pt_BR","og_type":"article","og_title":"Impeachment proibido cheira a bode na sala - Notibras","og_description":"A decis\u00e3o de Gilmar Mendes que entrega ao procurador-geral da Rep\u00fablica o monop\u00f3lio dos pedidos de impeachment de ministros do STF n\u00e3o \u00e9 apenas uma liminar. \u00c9 um fato pol\u00edtico calculado no tempo exato em que o pa\u00eds ainda respira a poeira levantada pela indica\u00e7\u00e3o de Jorge Messias. E essa poeira n\u00e3o baixou. Continua no [&hellip;]","og_url":"https:\/\/www.notibras.com\/site\/impeachment-proibido-cheira-a-bode-na-sala\/","og_site_name":"Notibras","article_publisher":"https:\/\/www.facebook.com\/notibras\/","article_published_time":"2025-12-04T19:02:52+00:00","article_modified_time":"2025-12-04T19:46:31+00:00","og_image":[{"width":1536,"height":1024,"url":"https:\/\/www.notibras.com\/site\/wp-content\/uploads\/2025\/12\/bdc631cb-9c60-4a75-bd4c-3a9520246a7c.jpeg","type":"image\/jpeg"}],"author":"Reda\u00e7\u00e3o","twitter_card":"summary_large_image","twitter_creator":"@Notibras","twitter_site":"@Notibras","twitter_misc":{"Escrito por":"Reda\u00e7\u00e3o","Est. tempo de leitura":"3 minutos"},"schema":{"@context":"https:\/\/schema.org","@graph":[{"@type":"Article","@id":"https:\/\/www.notibras.com\/site\/impeachment-proibido-cheira-a-bode-na-sala\/#article","isPartOf":{"@id":"https:\/\/www.notibras.com\/site\/impeachment-proibido-cheira-a-bode-na-sala\/"},"author":{"name":"Reda\u00e7\u00e3o","@id":"https:\/\/www.notibras.com\/site\/#\/schema\/person\/36ab0979449956132d3e5b517ea76ac8"},"headline":"Impeachment proibido cheira a bode na sala","datePublished":"2025-12-04T19:02:52+00:00","dateModified":"2025-12-04T19:46:31+00:00","mainEntityOfPage":{"@id":"https:\/\/www.notibras.com\/site\/impeachment-proibido-cheira-a-bode-na-sala\/"},"wordCount":389,"publisher":{"@id":"https:\/\/www.notibras.com\/site\/#organization"},"image":{"@id":"https:\/\/www.notibras.com\/site\/impeachment-proibido-cheira-a-bode-na-sala\/#primaryimage"},"thumbnailUrl":"https:\/\/www.notibras.com\/site\/wp-content\/uploads\/2025\/12\/bdc631cb-9c60-4a75-bd4c-3a9520246a7c.jpeg","keywords":["capa"],"articleSection":["Brasil"],"inLanguage":"pt-BR"},{"@type":"WebPage","@id":"https:\/\/www.notibras.com\/site\/impeachment-proibido-cheira-a-bode-na-sala\/","url":"https:\/\/www.notibras.com\/site\/impeachment-proibido-cheira-a-bode-na-sala\/","name":"Impeachment proibido cheira a bode na sala - Notibras","isPartOf":{"@id":"https:\/\/www.notibras.com\/site\/#website"},"primaryImageOfPage":{"@id":"https:\/\/www.notibras.com\/site\/impeachment-proibido-cheira-a-bode-na-sala\/#primaryimage"},"image":{"@id":"https:\/\/www.notibras.com\/site\/impeachment-proibido-cheira-a-bode-na-sala\/#primaryimage"},"thumbnailUrl":"https:\/\/www.notibras.com\/site\/wp-content\/uploads\/2025\/12\/bdc631cb-9c60-4a75-bd4c-3a9520246a7c.jpeg","datePublished":"2025-12-04T19:02:52+00:00","dateModified":"2025-12-04T19:46:31+00:00","breadcrumb":{"@id":"https:\/\/www.notibras.com\/site\/impeachment-proibido-cheira-a-bode-na-sala\/#breadcrumb"},"inLanguage":"pt-BR","potentialAction":[{"@type":"ReadAction","target":["https:\/\/www.notibras.com\/site\/impeachment-proibido-cheira-a-bode-na-sala\/"]}]},{"@type":"ImageObject","inLanguage":"pt-BR","@id":"https:\/\/www.notibras.com\/site\/impeachment-proibido-cheira-a-bode-na-sala\/#primaryimage","url":"https:\/\/www.notibras.com\/site\/wp-content\/uploads\/2025\/12\/bdc631cb-9c60-4a75-bd4c-3a9520246a7c.jpeg","contentUrl":"https:\/\/www.notibras.com\/site\/wp-content\/uploads\/2025\/12\/bdc631cb-9c60-4a75-bd4c-3a9520246a7c.jpeg","width":1536,"height":1024},{"@type":"BreadcrumbList","@id":"https:\/\/www.notibras.com\/site\/impeachment-proibido-cheira-a-bode-na-sala\/#breadcrumb","itemListElement":[{"@type":"ListItem","position":1,"name":"In\u00edcio","item":"https:\/\/www.notibras.com\/site\/"},{"@type":"ListItem","position":2,"name":"Impeachment proibido cheira a bode na sala"}]},{"@type":"WebSite","@id":"https:\/\/www.notibras.com\/site\/#website","url":"https:\/\/www.notibras.com\/site\/","name":"Notibras","description":"Not\u00edcias de Bras\u00edlia, do Brasil e do Mundo","publisher":{"@id":"https:\/\/www.notibras.com\/site\/#organization"},"potentialAction":[{"@type":"SearchAction","target":{"@type":"EntryPoint","urlTemplate":"https:\/\/www.notibras.com\/site\/?s={search_term_string}"},"query-input":{"@type":"PropertyValueSpecification","valueRequired":true,"valueName":"search_term_string"}}],"inLanguage":"pt-BR"},{"@type":"Organization","@id":"https:\/\/www.notibras.com\/site\/#organization","name":"Grupo Notibras de Comunica\u00e7\u00e3o","url":"https:\/\/www.notibras.com\/site\/","logo":{"@type":"ImageObject","inLanguage":"pt-BR","@id":"https:\/\/www.notibras.com\/site\/#\/schema\/logo\/image\/","url":"https:\/\/www.notibras.com\/site\/wp-content\/uploads\/2023\/01\/notibras23.png","contentUrl":"https:\/\/www.notibras.com\/site\/wp-content\/uploads\/2023\/01\/notibras23.png","width":350,"height":87,"caption":"Grupo Notibras de Comunica\u00e7\u00e3o"},"image":{"@id":"https:\/\/www.notibras.com\/site\/#\/schema\/logo\/image\/"},"sameAs":["https:\/\/www.facebook.com\/notibras\/","https:\/\/x.com\/Notibras","https:\/\/www.instagram.com\/notibras\/"]},{"@type":"Person","@id":"https:\/\/www.notibras.com\/site\/#\/schema\/person\/36ab0979449956132d3e5b517ea76ac8","name":"Reda\u00e7\u00e3o","image":{"@type":"ImageObject","inLanguage":"pt-BR","@id":"https:\/\/secure.gravatar.com\/avatar\/e0a867bdedb85fd243eadf09663511f96fc81e0720a4a42581f334ad4303aa6b?s=96&d=mm&r=g","url":"https:\/\/secure.gravatar.com\/avatar\/e0a867bdedb85fd243eadf09663511f96fc81e0720a4a42581f334ad4303aa6b?s=96&d=mm&r=g","contentUrl":"https:\/\/secure.gravatar.com\/avatar\/e0a867bdedb85fd243eadf09663511f96fc81e0720a4a42581f334ad4303aa6b?s=96&d=mm&r=g","caption":"Reda\u00e7\u00e3o"}}]}},"amp_enabled":true,"_links":{"self":[{"href":"https:\/\/www.notibras.com\/site\/wp-json\/wp\/v2\/posts\/373542","targetHints":{"allow":["GET"]}}],"collection":[{"href":"https:\/\/www.notibras.com\/site\/wp-json\/wp\/v2\/posts"}],"about":[{"href":"https:\/\/www.notibras.com\/site\/wp-json\/wp\/v2\/types\/post"}],"author":[{"embeddable":true,"href":"https:\/\/www.notibras.com\/site\/wp-json\/wp\/v2\/users\/2"}],"replies":[{"embeddable":true,"href":"https:\/\/www.notibras.com\/site\/wp-json\/wp\/v2\/comments?post=373542"}],"version-history":[{"count":3,"href":"https:\/\/www.notibras.com\/site\/wp-json\/wp\/v2\/posts\/373542\/revisions"}],"predecessor-version":[{"id":373546,"href":"https:\/\/www.notibras.com\/site\/wp-json\/wp\/v2\/posts\/373542\/revisions\/373546"}],"wp:featuredmedia":[{"embeddable":true,"href":"https:\/\/www.notibras.com\/site\/wp-json\/wp\/v2\/media\/373543"}],"wp:attachment":[{"href":"https:\/\/www.notibras.com\/site\/wp-json\/wp\/v2\/media?parent=373542"}],"wp:term":[{"taxonomy":"category","embeddable":true,"href":"https:\/\/www.notibras.com\/site\/wp-json\/wp\/v2\/categories?post=373542"},{"taxonomy":"post_tag","embeddable":true,"href":"https:\/\/www.notibras.com\/site\/wp-json\/wp\/v2\/tags?post=373542"}],"curies":[{"name":"wp","href":"https:\/\/api.w.org\/{rel}","templated":true}]}}